{"id":141409,"date":"2025-11-28T19:18:23","date_gmt":"2025-11-28T22:18:23","guid":{"rendered":"https:\/\/www.elsindical.com.ar\/notas\/?p=141409"},"modified":"2025-11-28T19:18:40","modified_gmt":"2025-11-28T22:18:40","slug":"la-uom-alerta-por-una-crisis-industrial-sin-precedentes-que-ya-dejo-26-000-despidos-en-el-sector-metalurgico","status":"publish","type":"post","link":"https:\/\/www.elsindical.com.ar\/notas\/la-uom-alerta-por-una-crisis-industrial-sin-precedentes-que-ya-dejo-26-000-despidos-en-el-sector-metalurgico\/","title":{"rendered":"La UOM alerta por una crisis industrial sin precedentes que ya dej\u00f3 26.000 despidos en el sector metal\u00fargico"},"content":{"rendered":"<div class=\"wp-block-image\">\n<figure class=\"aligncenter size-full is-resized\"><a href=\"https:\/\/www.elsindical.com.ar\/notas\/var\/www\/html\/notas\/wp-content\/uploads\/2010\/04\/UOM.jpg\"><img loading=\"lazy\" decoding=\"async\" width=\"318\" height=\"290\" src=\"https:\/\/www.elsindical.com.ar\/notas\/var\/www\/html\/notas\/wp-content\/uploads\/2010\/04\/UOM.jpg\" alt=\"\" class=\"wp-image-5808\" style=\"width:358px;height:auto\" srcset=\"https:\/\/www.elsindical.com.ar\/notas\/var\/www\/html\/notas\/wp-content\/uploads\/2010\/04\/UOM.jpg 318w, https:\/\/www.elsindical.com.ar\/notas\/var\/www\/html\/notas\/wp-content\/uploads\/2010\/04\/UOM-300x273.jpg 300w\" sizes=\"auto, (max-width: 318px) 100vw, 318px\" \/><\/a><\/figure>\n<\/div>\n\n\n<p>La <strong>Uni\u00f3n Obrera Metal\u00fargica (UOM)<\/strong> advirti\u00f3 sobre la <strong>\u201cgrav\u00edsima crisis industrial y de empleo\u201d<\/strong> que atraviesa el pa\u00eds y que golpea de lleno a la actividad fabril. A trav\u00e9s de un comunicado difundido por la <strong>Secretar\u00eda Gremial de la CGT<\/strong>, el sindicato se\u00f1al\u00f3 que la combinaci\u00f3n de medidas econ\u00f3micas y falta de planificaci\u00f3n productiva est\u00e1 deteriorando el tejido industrial argentino.<\/p>\n\n\n\n<p>Seg\u00fan el texto, la pol\u00edtica econ\u00f3mica vigente, marcada por la <strong>apertura indiscriminada de importaciones<\/strong>, la <strong>administraci\u00f3n irresponsable del comercio exterior<\/strong> y la <strong>ausencia de una pol\u00edtica industrial<\/strong>, est\u00e1 \u201cpulverizando\u201d el entramado productivo nacional. Para la organizaci\u00f3n, esta situaci\u00f3n se traduce en menos producci\u00f3n local, ca\u00edda de la actividad y p\u00e9rdida de empleo formal.<\/p>\n\n\n\n<p>El gremio metal\u00fargico puso el foco en la destrucci\u00f3n de puestos de trabajo desde el cambio de gobierno. De acuerdo con sus registros, el sector ya acumula la p\u00e9rdida de <strong>26.000 puestos de trabajo<\/strong>, cifra que se traduce en \u201cfamilias, comunidades y econom\u00edas regionales brutalmente golpeadas\u201d.<\/p>\n\n\n\n<h3 class=\"wp-block-heading\">P\u00e9rdida de puestos de trabajo y cierre de plantas<\/h3>\n\n\n\n<p>En el mismo documento, la <strong>UOM<\/strong> describe un escenario de <strong>cierres y desmantelamiento industrial<\/strong>. Se\u00f1ala que en los \u00faltimos meses se registr\u00f3 el cierre de empresas metal\u00fargicas hist\u00f3ricas y productoras esenciales como <strong>Whirlpool<\/strong>, <strong>Essen<\/strong>, <strong>SKF Autopartes<\/strong>, <strong>KTM Motos<\/strong>, adem\u00e1s de numerosas f\u00e1bricas de <strong>bater\u00edas y autopartes<\/strong>. Para el sindicato, estos casos son parte de un proceso m\u00e1s profundo que estar\u00eda reduciendo al m\u00ednimo la capacidad industrial del pa\u00eds, sin se\u00f1ales de recuperaci\u00f3n a corto plazo.<\/p>\n\n\n\n<p>Uno de los focos m\u00e1s cr\u00edticos se\u00f1alados es la ciudad de <strong>Rosario<\/strong> y su zona de influencia. All\u00ed, siempre seg\u00fan el comunicado, ya se contabilizan <strong>3.000 trabajadores despedidos<\/strong> del sector de <strong>l\u00ednea blanca<\/strong>, mientras que \u201cotros miles\u201d se encuentran bajo amenaza de perder su empleo. El gremio habla de una situaci\u00f3n de \u201calarma m\u00e1xima\u201d en ese polo industrial.<\/p>\n\n\n\n<p>La organizaci\u00f3n advierte que el impacto no se limita a las grandes plantas, sino que alcanza a proveedores, talleres y peque\u00f1as y medianas empresas vinculadas a la cadena metal\u00fargica, con efectos directos sobre el empleo y el consumo en las econom\u00edas locales.<\/p>\n\n\n\n<h3 class=\"wp-block-heading\">Cr\u00edticas al empresariado y llamado a la unidad sindical<\/h3>\n\n\n\n<p>\u201c<strong>No podemos dejar de se\u00f1alar la complicidad silenciosa de aquellos sectores de la dirigencia empresarial que, por mezquindad o por temor, no levantan su voz para reclamar una pol\u00edtica activa de defensa de la producci\u00f3n y el empleo nacional<\/strong>\u201d, plantea el comunicado. La <strong>UOM<\/strong> sostiene que esa inacci\u00f3n convierte a parte del empresariado en \u201cc\u00f3mplice\u201d de un verdadero <strong>\u201cindustricidio\u201d<\/strong>, que estar\u00eda desmantelando la capacidad productiva del pa\u00eds y empujando a la desocupaci\u00f3n a miles de trabajadores.<\/p>\n\n\n\n<p>Frente a este cuadro, el sindicato convoca a reforzar la organizaci\u00f3n gremial. La UOM llama a la <strong>unidad de las y los trabajadores<\/strong> para defender \u201ccada puesto de trabajo, cada f\u00e1brica y la dignidad de nuestras familias\u201d, y afirma que no permitir\u00e1 que se desmantele el futuro productivo de la Naci\u00f3n.<\/p>\n","protected":false},"excerpt":{"rendered":"<p>La Uni\u00f3n Obrera Metal\u00fargica (UOM) advirti\u00f3 sobre la \u201cgrav\u00edsima crisis industrial y de empleo\u201d que atraviesa el pa\u00eds y que golpea de lleno a la actividad fabril. A trav\u00e9s de un comunicado difundido por la Secretar\u00eda Gremial de la CGT, el sindicato se\u00f1al\u00f3 que la combinaci\u00f3n de medidas econ\u00f3micas y falta de planificaci\u00f3n productiva est\u00e1&hellip;<\/p>\n","protected":false},"author":1,"featured_media":5808,"comment_status":"open","ping_status":"open","sticky":false,"template":"","format":"standard","meta":{"footnotes":""},"categories":[16],"tags":[46314,53,2450,46313,46312,1264],"class_list":["post-141409","post","type-post","status-publish","format-standard","has-post-thumbnail","hentry","category-gremiales","tag-crisis-industrial","tag-despidos","tag-diario-el-sindical","tag-sector-metalurgicos","tag-skf","tag-uom"],"_links":{"self":[{"href":"https:\/\/www.elsindical.com.ar\/notas\/wp-json\/wp\/v2\/posts\/141409","targetHints":{"allow":["GET"]}}],"collection":[{"href":"https:\/\/www.elsindical.com.ar\/notas\/wp-json\/wp\/v2\/posts"}],"about":[{"href":"https:\/\/www.elsindical.com.ar\/notas\/wp-json\/wp\/v2\/types\/post"}],"author":[{"embeddable":true,"href":"https:\/\/www.elsindical.com.ar\/notas\/wp-json\/wp\/v2\/users\/1"}],"replies":[{"embeddable":true,"href":"https:\/\/www.elsindical.com.ar\/notas\/wp-json\/wp\/v2\/comments?post=141409"}],"version-history":[{"count":1,"href":"https:\/\/www.elsindical.com.ar\/notas\/wp-json\/wp\/v2\/posts\/141409\/revisions"}],"predecessor-version":[{"id":141410,"href":"https:\/\/www.elsindical.com.ar\/notas\/wp-json\/wp\/v2\/posts\/141409\/revisions\/141410"}],"wp:featuredmedia":[{"embeddable":true,"href":"https:\/\/www.elsindical.com.ar\/notas\/wp-json\/wp\/v2\/media\/5808"}],"wp:attachment":[{"href":"https:\/\/www.elsindical.com.ar\/notas\/wp-json\/wp\/v2\/media?parent=141409"}],"wp:term":[{"taxonomy":"category","embeddable":true,"href":"https:\/\/www.elsindical.com.ar\/notas\/wp-json\/wp\/v2\/categories?post=141409"},{"taxonomy":"post_tag","embeddable":true,"href":"https:\/\/www.elsindical.com.ar\/notas\/wp-json\/wp\/v2\/tags?post=141409"}],"curies":[{"name":"wp","href":"https:\/\/api.w.org\/{rel}","templated":true}]}}