{"id":141377,"date":"2025-11-26T15:51:54","date_gmt":"2025-11-26T18:51:54","guid":{"rendered":"https:\/\/www.elsindical.com.ar\/notas\/?p=141377"},"modified":"2025-11-26T15:51:58","modified_gmt":"2025-11-26T18:51:58","slug":"violencia-de-genero-buscan-que-quienes-violen-las-medidas-de-restriccion-sean-detenidos","status":"publish","type":"post","link":"https:\/\/www.elsindical.com.ar\/notas\/violencia-de-genero-buscan-que-quienes-violen-las-medidas-de-restriccion-sean-detenidos\/","title":{"rendered":"Violencia de g\u00e9nero: Buscan que quienes violen las medidas de restricci\u00f3n sean detenidos"},"content":{"rendered":"<div class=\"wp-block-image\">\n<figure class=\"aligncenter size-full is-resized\"><a href=\"https:\/\/www.elsindical.com.ar\/notas\/var\/www\/html\/notas\/wp-content\/uploads\/2020\/04\/mujeres-cuarentena-y-violencia-de-g\u00e9nero.jpg\"><img loading=\"lazy\" decoding=\"async\" width=\"604\" height=\"339\" src=\"https:\/\/www.elsindical.com.ar\/notas\/var\/www\/html\/notas\/wp-content\/uploads\/2020\/04\/mujeres-cuarentena-y-violencia-de-g\u00e9nero.jpg\" alt=\"\" class=\"wp-image-94741\" style=\"width:670px;height:auto\" srcset=\"https:\/\/www.elsindical.com.ar\/notas\/var\/www\/html\/notas\/wp-content\/uploads\/2020\/04\/mujeres-cuarentena-y-violencia-de-g\u00e9nero.jpg 604w, https:\/\/www.elsindical.com.ar\/notas\/var\/www\/html\/notas\/wp-content\/uploads\/2020\/04\/mujeres-cuarentena-y-violencia-de-g\u00e9nero-300x168.jpg 300w, https:\/\/www.elsindical.com.ar\/notas\/var\/www\/html\/notas\/wp-content\/uploads\/2020\/04\/mujeres-cuarentena-y-violencia-de-g\u00e9nero-500x281.jpg 500w\" sizes=\"auto, (max-width: 604px) 100vw, 604px\" \/><\/a><\/figure>\n<\/div>\n\n\n<p>Un informe alerta que 31 v\u00edctimas de femicidio hab\u00edan realizado la denuncia y ten\u00edan medidas de restricci\u00f3n que no se cumplieron.<\/p>\n\n\n\n<p>El municipio de Mor\u00f3n y el Observatorio Federal de Seguridad y Justicia presentaron un proyecto de ley para permitir la <strong>detenci\u00f3n de agresores en casos de desobediencia en contextos de violencia de g\u00e9nero<\/strong>.<\/p>\n\n\n\n<p>La reforma en el C\u00f3digo Procesal Penal busca \u201c<strong>proteger mejor a las mujeres que sufren violencia de g\u00e9nero, especialmente cuando un agresor incumple de manera reiterada las medidas de restricci\u00f3n dictadas por la Justicia<\/strong>\u201d.<\/p>\n\n\n\n<p>Actualmente, el sistema no siempre puede actuar con celeridad debido a que la \u201cdesobediencia\u201d es un delito de pena baja, lo que deja a muchas mujeres en situaci\u00f3n de riesgo, indicaron los autores de la propuesta.<\/p>\n\n\n\n<p>La modificaci\u00f3n del art\u00edculo 151 del C\u00f3digo Penal bonaerense \u201c<strong>no aumenta las penas ni criminaliza m\u00e1s conductas\u201d, lo que promueve es \u201cpermitir que el juez y el fiscal puedan detener al agresor cuando viola una orden judicial en un contexto de violencia<\/strong>\u201d. \u201cAcercarse, contactarse, hostigar, esperar a la v\u00edctima en su casa o trabajo\u201d, son algunos de los ejemplos que la norma tiene pensado desalentar.<\/p>\n\n\n\n<p>Ayer, en el <strong>D\u00eda Internacional de la Eliminaci\u00f3n de la Violencia contra las Mujeres<\/strong>, La Casa del Encuentro advirti\u00f3 que \u201clas violencias hacia las mujeres, ni\u00f1as, adolescentes y diversidades no disminuyen, muy por el contrario, se acrecientan\u201d.<\/p>\n\n\n\n<p>\u201cEste d\u00eda, y todos los d\u00edas, <strong>debemos visibilizar las violencias, micro y macro, en todos los \u00e1mbitos en los que desarrollamos nuestras vidas; las responsabilidades de quienes habilitan a que esto contin\u00fae <\/strong>sucediendo sin actuar y la obligaci\u00f3n de cada una de nosotras y nosotros de involucrarnos como parte de una sociedad comprometida para no repetir ni replicar\u201d, se\u00f1al\u00f3.<\/p>\n\n\n\n<p>Adem\u00e1s, en su informe de octubre <strong>detalla que 31 v\u00edctimas hab\u00edan realizado denuncia y 13 femicidas ten\u00eda dictada medida cautelar de prevenci\u00f3n.<\/strong><\/p>\n\n\n\n<p>Asimismo, <a href=\"https:\/\/x.com\/MuMaLaNacional\">Mumal\u00e1 <\/a>(<strong>Mujeres de la Matria Latinoamericana) precis\u00f3 que s\u00f3lo este a\u00f1o fueron 231 los femicidios en la Argentina y 157 ni\u00f1os y adolescentes quedaron sin madre<\/strong>, por lo que renov\u00f3 el pedido de la \u201cemergencia\u201d.<\/p>\n\n\n\n<p>\u201cEl ajuste, las medidas econ\u00f3micas como el blanqueo de capitales y el facilitamiento para la portaci\u00f3n de armas de fuego, favorecen la narco criminalidad que tambi\u00e9n nos tiene como v\u00edctimas\u201d, advierte la organizaci\u00f3n feminista.<\/p>\n\n\n\n<h2 class=\"wp-block-heading\">SI SUFR\u00cdS VIOLENCIA DE G\u00c9NERO, LLAM\u00c1 AL 144, LA L\u00cdNEA QUE BRINDA ATENCI\u00d3N, CONTENCI\u00d3N Y ASESORAMIENTO. SI ES UNA SITUACI\u00d3N DE RIESGO, COMUNICATE CON EL 911.<\/h2>\n","protected":false},"excerpt":{"rendered":"<p>Un informe alerta que 31 v\u00edctimas de femicidio hab\u00edan realizado la denuncia y ten\u00edan medidas de restricci\u00f3n que no se cumplieron. El municipio de Mor\u00f3n y el Observatorio Federal de Seguridad y Justicia presentaron un proyecto de ley para permitir la detenci\u00f3n de agresores en casos de desobediencia en contextos de violencia de g\u00e9nero. La&hellip;<\/p>\n","protected":false},"author":1,"featured_media":94741,"comment_status":"open","ping_status":"open","sticky":false,"template":"","format":"standard","meta":{"footnotes":""},"categories":[25],"tags":[2450,25338,46305,30260,572],"class_list":["post-141377","post","type-post","status-publish","format-standard","has-post-thumbnail","hentry","category-sociedad","tag-diario-el-sindical","tag-femicidios","tag-medidas-de-restriccion","tag-victimas-2","tag-violencia-de-genero"],"_links":{"self":[{"href":"https:\/\/www.elsindical.com.ar\/notas\/wp-json\/wp\/v2\/posts\/141377","targetHints":{"allow":["GET"]}}],"collection":[{"href":"https:\/\/www.elsindical.com.ar\/notas\/wp-json\/wp\/v2\/posts"}],"about":[{"href":"https:\/\/www.elsindical.com.ar\/notas\/wp-json\/wp\/v2\/types\/post"}],"author":[{"embeddable":true,"href":"https:\/\/www.elsindical.com.ar\/notas\/wp-json\/wp\/v2\/users\/1"}],"replies":[{"embeddable":true,"href":"https:\/\/www.elsindical.com.ar\/notas\/wp-json\/wp\/v2\/comments?post=141377"}],"version-history":[{"count":1,"href":"https:\/\/www.elsindical.com.ar\/notas\/wp-json\/wp\/v2\/posts\/141377\/revisions"}],"predecessor-version":[{"id":141378,"href":"https:\/\/www.elsindical.com.ar\/notas\/wp-json\/wp\/v2\/posts\/141377\/revisions\/141378"}],"wp:featuredmedia":[{"embeddable":true,"href":"https:\/\/www.elsindical.com.ar\/notas\/wp-json\/wp\/v2\/media\/94741"}],"wp:attachment":[{"href":"https:\/\/www.elsindical.com.ar\/notas\/wp-json\/wp\/v2\/media?parent=141377"}],"wp:term":[{"taxonomy":"category","embeddable":true,"href":"https:\/\/www.elsindical.com.ar\/notas\/wp-json\/wp\/v2\/categories?post=141377"},{"taxonomy":"post_tag","embeddable":true,"href":"https:\/\/www.elsindical.com.ar\/notas\/wp-json\/wp\/v2\/tags?post=141377"}],"curies":[{"name":"wp","href":"https:\/\/api.w.org\/{rel}","templated":true}]}}