{"id":141372,"date":"2025-11-26T15:41:58","date_gmt":"2025-11-26T18:41:58","guid":{"rendered":"https:\/\/www.elsindical.com.ar\/notas\/?p=141372"},"modified":"2025-11-26T15:42:07","modified_gmt":"2025-11-26T18:42:07","slug":"whirlpool-cerro-su-planta-en-pilar-y-dejo-a-220-trabajadores-en-la-calle","status":"publish","type":"post","link":"https:\/\/www.elsindical.com.ar\/notas\/whirlpool-cerro-su-planta-en-pilar-y-dejo-a-220-trabajadores-en-la-calle\/","title":{"rendered":"Whirlpool cerr\u00f3 su planta en Pilar y dej\u00f3 a 220 trabajadores en la calle"},"content":{"rendered":"<div class=\"wp-block-image\">\n<figure class=\"aligncenter size-full\"><a href=\"https:\/\/www.elsindical.com.ar\/notas\/var\/www\/html\/notas\/wp-content\/uploads\/2025\/11\/Whirlpool-empleados.jpg\"><img loading=\"lazy\" decoding=\"async\" width=\"700\" height=\"394\" src=\"https:\/\/www.elsindical.com.ar\/notas\/var\/www\/html\/notas\/wp-content\/uploads\/2025\/11\/Whirlpool-empleados.jpg\" alt=\"\" class=\"wp-image-141373\" srcset=\"https:\/\/www.elsindical.com.ar\/notas\/var\/www\/html\/notas\/wp-content\/uploads\/2025\/11\/Whirlpool-empleados.jpg 700w, https:\/\/www.elsindical.com.ar\/notas\/var\/www\/html\/notas\/wp-content\/uploads\/2025\/11\/Whirlpool-empleados-300x169.jpg 300w, https:\/\/www.elsindical.com.ar\/notas\/var\/www\/html\/notas\/wp-content\/uploads\/2025\/11\/Whirlpool-empleados-460x260.jpg 460w\" sizes=\"auto, (max-width: 700px) 100vw, 700px\" \/><\/a><\/figure>\n<\/div>\n\n\n<p>La compa\u00f1\u00eda <strong>Whirlpool<\/strong> cerr\u00f3 de manera sorpresiva su f\u00e1brica ubicada en el <strong>Parque Industrial de F\u00e1tima<\/strong>, en <strong>Pilar<\/strong>, y dej\u00f3 sin empleo a <strong>220 trabajadores<\/strong>. La decisi\u00f3n alcanz\u00f3 al personal de producci\u00f3n y tambi\u00e9n a \u00e1reas de <strong>ingenier\u00eda<\/strong>, <strong>calidad<\/strong>, <strong>administraci\u00f3n<\/strong> y <strong>recursos humanos<\/strong>. La firma abri\u00f3 una negociaci\u00f3n con la <strong>UOM<\/strong> para definir un esquema de indemnizaci\u00f3n que incluir\u00e1 la compensaci\u00f3n legal m\u00e1s un <strong>plus<\/strong>.<\/p>\n\n\n\n<p>En las semanas previas, la planta hab\u00eda evidenciado una marcada p\u00e9rdida de ritmo. La producci\u00f3n diaria, que sol\u00eda ubicarse entre <strong>500 y 600 lavarropas<\/strong>, hab\u00eda ca\u00eddo a <strong>solo 400 unidades<\/strong>. Esa merma deriv\u00f3 en la desvinculaci\u00f3n de trabajadores <strong>eventuales<\/strong> dos semanas antes del cierre definitivo, anticipando el deterioro del nivel de actividad.<\/p>\n\n\n\n<p>La empresa atribu\u00eda esta situaci\u00f3n a una combinaci\u00f3n de factores: desaceleraci\u00f3n del consumo interno, incremento de las importaciones y dificultades para competir contra productos extranjeros, m\u00e1s baratos en relaci\u00f3n con la oferta local. Un <strong>lavarropas nacional<\/strong>, por caso, cuesta cerca del <strong>doble<\/strong> que uno de origen chino, seg\u00fan admiten en el sector.<\/p>\n\n\n\n<h3 class=\"wp-block-heading\">Un modelo que no logr\u00f3 consolidarse<\/h3>\n\n\n\n<p>La planta, inaugurada en 2022 tras una inversi\u00f3n de <strong>USD 52 millones<\/strong>, hab\u00eda sido proyectada para producir <strong>300.000 unidades por a\u00f1o<\/strong> y exportar el <strong>70%<\/strong> de ese volumen. Sin embargo, la operaci\u00f3n real qued\u00f3 lejos de esas metas: la fabricaci\u00f3n rondaba las <strong>150.000 unidades anuales<\/strong>, es decir, el <strong>50%<\/strong> de la capacidad prevista, mientras que la proporci\u00f3n de exportaciones descendi\u00f3 al <strong>50%<\/strong>.<\/p>\n\n\n\n<p>\u201c<strong>La falta de competitividad y la imposibilidad de sostener el esquema de producci\u00f3n actual nos obliga a tomar decisiones dif\u00edciles<\/strong>\u201d, explicaron voceros de la empresa al justificar el cierre. A los costos elevados y las trabas para exportar se sum\u00f3 una fuerte ca\u00edda de la demanda local, en un mercado inundado de electrodom\u00e9sticos importados.<\/p>\n\n\n\n<p>El proceso de negociaci\u00f3n con la UOM continuar\u00e1 durante los pr\u00f3ximos d\u00edas para establecer condiciones de salida consideradas adecuadas para los <strong>220 empleados<\/strong> afectados. Desde el sindicato remarcaron que buscan preservar los derechos laborales en un contexto \u201cde gran incertidumbre\u201d.<\/p>\n\n\n\n<h3 class=\"wp-block-heading\">Hace dos a\u00f1os, comenzaba a exportar a Brasil<\/h3>\n\n\n\n<p>Hace <strong>apenas dos a\u00f1os atr\u00e1s<\/strong>, la planta hab\u00eda sido sede de un acto en el que anunciaba y celebraba <strong>su primera exportaci\u00f3n a Brasil<\/strong>, un evento que cont\u00f3 con la presencia de autoridades nacionales de ese momento.<\/p>\n\n\n\n<p>All\u00ed se destac\u00f3 la puesta en marcha de la nueva f\u00e1brica, con una inversi\u00f3n de <strong>USD 52 millones<\/strong> y el objetivo de convertirla en una plataforma regional de producci\u00f3n y exportaci\u00f3n, con un discurso oficial que entonces apuntaba a consolidar la industrializaci\u00f3n y el empleo en el sector.<\/p>\n\n\n\n<h3 class=\"wp-block-heading\">Reorientaci\u00f3n del negocio y destino incierto de la planta<\/h3>\n\n\n\n<p>Hoy, como parte de una <strong>reestructuraci\u00f3n estrat\u00e9gica<\/strong>, Whirlpool reducir\u00e1 su presencia industrial en el pa\u00eds y se concentrar\u00e1 en actividades <strong>comerciales, de distribuci\u00f3n y servicios<\/strong>. En esta nueva etapa, la compa\u00f1\u00eda mantendr\u00e1 entre <strong>100 y 120 empleados<\/strong> dedicados a garantizar el abastecimiento de electrodom\u00e9sticos y repuestos en el mercado local.<\/p>\n\n\n\n<p>El futuro de las instalaciones de Pilar, por ahora, permanece indefinido. La firma evaluar\u00e1 alternativas una vez concluido el proceso de desvinculaci\u00f3n y reorganizaci\u00f3n interna. Mientras tanto, el cierre de la planta suma un nuevo cap\u00edtulo en la reconfiguraci\u00f3n del sector industrial argentino, afectado por la ca\u00edda del consumo y la presi\u00f3n creciente de las importaciones.<\/p>\n","protected":false},"excerpt":{"rendered":"<p>La compa\u00f1\u00eda Whirlpool cerr\u00f3 de manera sorpresiva su f\u00e1brica ubicada en el Parque Industrial de F\u00e1tima, en Pilar, y dej\u00f3 sin empleo a 220 trabajadores. La decisi\u00f3n alcanz\u00f3 al personal de producci\u00f3n y tambi\u00e9n a \u00e1reas de ingenier\u00eda, calidad, administraci\u00f3n y recursos humanos. La firma abri\u00f3 una negociaci\u00f3n con la UOM para definir un esquema&hellip;<\/p>\n","protected":false},"author":1,"featured_media":141373,"comment_status":"open","ping_status":"open","sticky":false,"template":"","format":"standard","meta":{"footnotes":""},"categories":[28],"tags":[53,2450,22023,1411,38315],"class_list":["post-141372","post","type-post","status-publish","format-standard","has-post-thumbnail","hentry","category-empresariales","tag-despidos","tag-diario-el-sindical","tag-economia","tag-pilar","tag-whirlpool"],"_links":{"self":[{"href":"https:\/\/www.elsindical.com.ar\/notas\/wp-json\/wp\/v2\/posts\/141372","targetHints":{"allow":["GET"]}}],"collection":[{"href":"https:\/\/www.elsindical.com.ar\/notas\/wp-json\/wp\/v2\/posts"}],"about":[{"href":"https:\/\/www.elsindical.com.ar\/notas\/wp-json\/wp\/v2\/types\/post"}],"author":[{"embeddable":true,"href":"https:\/\/www.elsindical.com.ar\/notas\/wp-json\/wp\/v2\/users\/1"}],"replies":[{"embeddable":true,"href":"https:\/\/www.elsindical.com.ar\/notas\/wp-json\/wp\/v2\/comments?post=141372"}],"version-history":[{"count":1,"href":"https:\/\/www.elsindical.com.ar\/notas\/wp-json\/wp\/v2\/posts\/141372\/revisions"}],"predecessor-version":[{"id":141374,"href":"https:\/\/www.elsindical.com.ar\/notas\/wp-json\/wp\/v2\/posts\/141372\/revisions\/141374"}],"wp:featuredmedia":[{"embeddable":true,"href":"https:\/\/www.elsindical.com.ar\/notas\/wp-json\/wp\/v2\/media\/141373"}],"wp:attachment":[{"href":"https:\/\/www.elsindical.com.ar\/notas\/wp-json\/wp\/v2\/media?parent=141372"}],"wp:term":[{"taxonomy":"category","embeddable":true,"href":"https:\/\/www.elsindical.com.ar\/notas\/wp-json\/wp\/v2\/categories?post=141372"},{"taxonomy":"post_tag","embeddable":true,"href":"https:\/\/www.elsindical.com.ar\/notas\/wp-json\/wp\/v2\/tags?post=141372"}],"curies":[{"name":"wp","href":"https:\/\/api.w.org\/{rel}","templated":true}]}}