{"id":141346,"date":"2025-11-24T22:56:09","date_gmt":"2025-11-25T01:56:09","guid":{"rendered":"https:\/\/www.elsindical.com.ar\/notas\/?p=141346"},"modified":"2025-11-24T22:56:15","modified_gmt":"2025-11-25T01:56:15","slug":"murio-juan-jose-mussi-intendente-de-berazategui","status":"publish","type":"post","link":"https:\/\/www.elsindical.com.ar\/notas\/murio-juan-jose-mussi-intendente-de-berazategui\/","title":{"rendered":"Muri\u00f3 Juan Jos\u00e9 Mussi, intendente de Berazategui"},"content":{"rendered":"\n<figure class=\"wp-block-image size-full\"><a href=\"https:\/\/www.elsindical.com.ar\/notas\/var\/www\/html\/notas\/wp-content\/uploads\/2025\/11\/Juan-Jose-Mussi-despacho.jpg\"><img loading=\"lazy\" decoding=\"async\" width=\"862\" height=\"574\" src=\"https:\/\/www.elsindical.com.ar\/notas\/var\/www\/html\/notas\/wp-content\/uploads\/2025\/11\/Juan-Jose-Mussi-despacho.jpg\" alt=\"\" class=\"wp-image-141347\" srcset=\"https:\/\/www.elsindical.com.ar\/notas\/var\/www\/html\/notas\/wp-content\/uploads\/2025\/11\/Juan-Jose-Mussi-despacho.jpg 862w, https:\/\/www.elsindical.com.ar\/notas\/var\/www\/html\/notas\/wp-content\/uploads\/2025\/11\/Juan-Jose-Mussi-despacho-300x200.jpg 300w, https:\/\/www.elsindical.com.ar\/notas\/var\/www\/html\/notas\/wp-content\/uploads\/2025\/11\/Juan-Jose-Mussi-despacho-768x511.jpg 768w\" sizes=\"auto, (max-width: 862px) 100vw, 862px\" \/><\/a><\/figure>\n\n\n\n<p>El hist\u00f3rico dirigente justicialista ten\u00eda 84 a\u00f1os; hab\u00eda sido reelecto en 2023 y se mantuvo en el cargo hasta su fallecimiento<\/p>\n\n\n\n<p>El intendente de Berazategui, Juan Jos\u00e9 Mussi, <strong>muri\u00f3 este lunes a los 84 a\u00f1os<\/strong>. Hist\u00f3rico dirigente justicialista, era la sexta vez que ejerc\u00eda el cargo. Asumi\u00f3 por primera vez el 10 de diciembre de 1987 y se mantuvo all\u00ed hasta 1994, cuando renunci\u00f3 para asumir como <strong>ministro de Salud provincial de Eduardo Duhalde<\/strong>.<\/p>\n\n\n\n<p>Luego tuvo una segunda etapa como intendente, entre 2003 y 2010, <strong>cuando fue reemplazado por su hijo Juan Patricio Mussi<\/strong>, quien gobern\u00f3 hasta 2019. Ese mismo a\u00f1o, Mussi padre comenz\u00f3 una tercera etapa al frente de la comuna,<strong> cargo para el que fue reelecto en 2023<\/strong> y en el que se mantuvo hasta el d\u00eda de su fallecimiento.<\/p>\n\n\n\n<p>De acuerdo con un comunicado difundido en su cuenta oficial de X, \u201cse encontraba internado en el Hospital de Alta Complejidad El Cruce \u2013 N\u00e9stor Kirchner y fue atendido por un equipo especializado que hizo todo lo posible\u00bb.<\/p>\n\n\n\n<h2 class=\"wp-block-heading\">Un repaso por su vida y trayectoria pol\u00edtica<\/h2>\n\n\n\n<p>Mussi, nacido un 9 de enero de 1941 en la localidad de Pl\u00e1tanos, era m\u00e9dico cl\u00ednico recibido en la Universidad Nacional de La Plata.<strong> Su irrupci\u00f3n en la escena pol\u00edtica no lleg\u00f3 hasta los \u201870, cuando asumi\u00f3 el rol de secretario del Concejo Deliberante de Berazategui<\/strong>. En 1973 fue designado director del Hospital Interzonal General de Agudos General San Mart\u00edn de La Plata, cargo que ocup\u00f3 hasta el Golpe de Estado de 1976.<\/p>\n\n\n\n<p><strong>Tras el retorno de la democracia, volvi\u00f3 a la actividad pol\u00edtica. <\/strong>En 1987 asumi\u00f3 por primera vez como intendente de Berazategui. Durante d\u00e9cadas fue tambi\u00e9n presidente del PJ de aquella ciudad. <strong>Su carrera se extendi\u00f3 luego a escala provincial cuando, en 1994, fue nombrado ministro de Salud bonaerense.<\/strong><\/p>\n\n\n\n<p>Permaneci\u00f3 en ese cargo hasta 2002. Durante la presidencia interina de Eduardo Duhalde tambi\u00e9n ejerci\u00f3 como secretario de Asuntos Pol\u00edticos del Ministerio del Interior, lo que ampli\u00f3 su presencia en la gesti\u00f3n nacional.<\/p>\n\n\n\n<p>En 2010 volvi\u00f3 a la \u00f3rbita federal como <strong>secretario de Ambiente y Desarrollo Sustentable de la Naci\u00f3n<\/strong> durante el gobierno de Cristina Kirchner. M\u00e1s adelante ocup\u00f3 una banca como diputado provincial por la Tercera Secci\u00f3n.<\/p>\n\n\n\n<p>Tras concluir su per\u00edodo como legislador provincial en 2017, <strong>decidi\u00f3 competir por una banca en el Concejo Deliberante de su ciudad<\/strong>. Una vez electo, sus colegas lo designaron al frente del cuerpo.<\/p>\n\n\n\n<p>Mantuvo ese cargo hasta 2019, cuando solicit\u00f3 una licencia para concentrarse en la campa\u00f1a que impulsaba su retorno a la intendencia. Retom\u00f3 entonces la conducci\u00f3n del municipio en diciembre de ese a\u00f1o y <strong>volvi\u00f3 a ser confirmado en las urnas cuatro a\u00f1os despu\u00e9s -en 2023-, con un mandato que se extend\u00eda hasta 2027.<\/strong><\/p>\n","protected":false},"excerpt":{"rendered":"<p>El hist\u00f3rico dirigente justicialista ten\u00eda 84 a\u00f1os; hab\u00eda sido reelecto en 2023 y se mantuvo en el cargo hasta su fallecimiento El intendente de Berazategui, Juan Jos\u00e9 Mussi, muri\u00f3 este lunes a los 84 a\u00f1os. Hist\u00f3rico dirigente justicialista, era la sexta vez que ejerc\u00eda el cargo. Asumi\u00f3 por primera vez el 10 de diciembre de&hellip;<\/p>\n","protected":false},"author":1,"featured_media":141347,"comment_status":"open","ping_status":"open","sticky":false,"template":"","format":"standard","meta":{"footnotes":""},"categories":[13,24],"tags":[1277,2450,46294,874,1833,5518,1067],"class_list":["post-141346","post","type-post","status-publish","format-standard","has-post-thumbnail","hentry","category-politica","category-sociales","tag-berazategui","tag-diario-el-sindical","tag-direigente","tag-fallecimiento","tag-intendente","tag-juan-jose-mussi","tag-pj"],"_links":{"self":[{"href":"https:\/\/www.elsindical.com.ar\/notas\/wp-json\/wp\/v2\/posts\/141346","targetHints":{"allow":["GET"]}}],"collection":[{"href":"https:\/\/www.elsindical.com.ar\/notas\/wp-json\/wp\/v2\/posts"}],"about":[{"href":"https:\/\/www.elsindical.com.ar\/notas\/wp-json\/wp\/v2\/types\/post"}],"author":[{"embeddable":true,"href":"https:\/\/www.elsindical.com.ar\/notas\/wp-json\/wp\/v2\/users\/1"}],"replies":[{"embeddable":true,"href":"https:\/\/www.elsindical.com.ar\/notas\/wp-json\/wp\/v2\/comments?post=141346"}],"version-history":[{"count":1,"href":"https:\/\/www.elsindical.com.ar\/notas\/wp-json\/wp\/v2\/posts\/141346\/revisions"}],"predecessor-version":[{"id":141348,"href":"https:\/\/www.elsindical.com.ar\/notas\/wp-json\/wp\/v2\/posts\/141346\/revisions\/141348"}],"wp:featuredmedia":[{"embeddable":true,"href":"https:\/\/www.elsindical.com.ar\/notas\/wp-json\/wp\/v2\/media\/141347"}],"wp:attachment":[{"href":"https:\/\/www.elsindical.com.ar\/notas\/wp-json\/wp\/v2\/media?parent=141346"}],"wp:term":[{"taxonomy":"category","embeddable":true,"href":"https:\/\/www.elsindical.com.ar\/notas\/wp-json\/wp\/v2\/categories?post=141346"},{"taxonomy":"post_tag","embeddable":true,"href":"https:\/\/www.elsindical.com.ar\/notas\/wp-json\/wp\/v2\/tags?post=141346"}],"curies":[{"name":"wp","href":"https:\/\/api.w.org\/{rel}","templated":true}]}}