{"id":141291,"date":"2025-11-21T18:39:55","date_gmt":"2025-11-21T21:39:55","guid":{"rendered":"https:\/\/www.elsindical.com.ar\/notas\/?p=141291"},"modified":"2025-11-21T18:40:01","modified_gmt":"2025-11-21T21:40:01","slug":"clinica-robles-murio-un-paciente-en-un-implante-dental","status":"publish","type":"post","link":"https:\/\/www.elsindical.com.ar\/notas\/clinica-robles-murio-un-paciente-en-un-implante-dental\/","title":{"rendered":"Cl\u00ednica Robles, muri\u00f3 un paciente en un implante dental"},"content":{"rendered":"<div class=\"wp-block-image\">\n<figure class=\"aligncenter size-full\"><a href=\"https:\/\/www.elsindical.com.ar\/notas\/var\/www\/html\/notas\/wp-content\/uploads\/2025\/11\/Clinica-Robles-cirugia-plastica.jpg\"><img loading=\"lazy\" decoding=\"async\" width=\"656\" height=\"417\" src=\"https:\/\/www.elsindical.com.ar\/notas\/var\/www\/html\/notas\/wp-content\/uploads\/2025\/11\/Clinica-Robles-cirugia-plastica.jpg\" alt=\"\" class=\"wp-image-141292\" srcset=\"https:\/\/www.elsindical.com.ar\/notas\/var\/www\/html\/notas\/wp-content\/uploads\/2025\/11\/Clinica-Robles-cirugia-plastica.jpg 656w, https:\/\/www.elsindical.com.ar\/notas\/var\/www\/html\/notas\/wp-content\/uploads\/2025\/11\/Clinica-Robles-cirugia-plastica-300x191.jpg 300w\" sizes=\"auto, (max-width: 656px) 100vw, 656px\" \/><\/a><\/figure>\n<\/div>\n\n\n<p>   La Cl\u00ednica Robles de cirug\u00eda pl\u00e1stica, qued\u00f3 bajo investigaci\u00f3n judicial luego de que un paciente muri\u00f3 al someterse a un implante dental.<\/p>\n\n\n\n<p>La v\u00edctima ten\u00eda 64 a\u00f1os. Ocurri\u00f3 el mi\u00e9rcoles pasado en un centro m\u00e9dico ubicado sobre la calle Virrey del Pino 2530 del barrio de Belgrano.<\/p>\n\n\n<div class=\"wp-block-image\">\n<figure class=\"aligncenter size-full\"><a href=\"https:\/\/www.elsindical.com.ar\/notas\/var\/www\/html\/notas\/wp-content\/uploads\/2025\/11\/Miguel-Angel-Berlini.jpg\"><img loading=\"lazy\" decoding=\"async\" width=\"700\" height=\"429\" src=\"https:\/\/www.elsindical.com.ar\/notas\/var\/www\/html\/notas\/wp-content\/uploads\/2025\/11\/Miguel-Angel-Berlini.jpg\" alt=\"\" class=\"wp-image-141293\" srcset=\"https:\/\/www.elsindical.com.ar\/notas\/var\/www\/html\/notas\/wp-content\/uploads\/2025\/11\/Miguel-Angel-Berlini.jpg 700w, https:\/\/www.elsindical.com.ar\/notas\/var\/www\/html\/notas\/wp-content\/uploads\/2025\/11\/Miguel-Angel-Berlini-300x184.jpg 300w\" sizes=\"auto, (max-width: 700px) 100vw, 700px\" \/><\/a><\/figure>\n<\/div>\n\n\n<p><strong>Miguel \u00c1ngel Berlini<\/strong>, un hombre de 64 a\u00f1os, muri\u00f3 el mi\u00e9rcoles pasado en medio de un episodio que por ahora no tiene explicaci\u00f3n: fue a hacerse un implante dental a una reconocida cl\u00ednica del barrio porte\u00f1o de Belgrano y perdi\u00f3 la vida. <strong>La Justicia detuvo a dos m\u00e9dicos e investiga si hubo mala praxis<\/strong>. Adem\u00e1s, clausur\u00f3 el lugar.<\/p>\n\n\n\n<p>Fuentes policiales indicaron que Miguel muri\u00f3 dentro de la Cl\u00ednica Robles, ubicada en la calle Virrey del Pino al 2530. De acuerdo con los primeros datos de la investigaci\u00f3n, Berlini permaneci\u00f3 inconsciente al finalizar el procedimiento odontol\u00f3gico.<\/p>\n\n\n\n<p>Frente a la ausencia de respuesta, los dos m\u00e9dicos presentes \u2014un <strong>cirujano maxilofacial de 47 a\u00f1os <\/strong>y un <strong>cirujano pl\u00e1stico de 57<\/strong>\u2014 aplicaron maniobras de reanimaci\u00f3n cardiopulmonar, sin lograr revertir la situaci\u00f3n.<\/p>\n\n\n\n<p>Minutos despu\u00e9s, personal del SAME constat\u00f3 la muerte del hombre hacia las 16:40. Cuando llegaron los polic\u00edas a la cl\u00ednica, el paciente se encontraba en la <strong>sala quir\u00fargica.<\/strong><\/p>\n\n\n\n<p>El lugar no mostraba signos de violencia ni desorden, mientras que su hermana \u2014quien fue la que realiz\u00f3 la denuncia\u2014 inform\u00f3 que <strong>Miguel no ten\u00eda enfermedades de base conocidas<\/strong>.<\/p>\n\n\n\n<p>Seg\u00fan las fuentes consultadas por este medio, por orden de la <strong>Fiscal\u00eda Nacional en lo Criminal y Correccional N\u00ba59<\/strong>, a cargo de la fiscal Laura Belloqui, se dispuso la <strong>detenci\u00f3n de ambos m\u00e9dicos <\/strong>involucrados.<\/p>\n\n\n\n<p>Adem\u00e1s, orden\u00f3 el secuestro de sus credenciales profesionales y de la historia cl\u00ednica, y dispuso la clausura y faja del consultorio, as\u00ed como el traslado del cuerpo para la autopsia, cuyo resultado determinar\u00e1 exactamente por qu\u00e9 muri\u00f3. La causa qued\u00f3 calificada como homicidio culposo, mientras contin\u00faa la investigaci\u00f3n.<\/p>\n\n\n\n<p>Seg\u00fan trascendi\u00f3, Bellini viv\u00eda en la localidad bonaerense de Villa Adelina, partido de San Isidro. De acuerdo con registros previsionales, su actividad principal era la de servicios de preparaci\u00f3n de comidas para llevar, que incluye rotiser\u00edas, casas de empanadas y pizzer\u00edas sin consumo en el local.<\/p>\n\n\n\n<p>Estaba inscripto en la obra social de los empleados de comercio y actividades civiles. Asimismo, era chofer de una aplicaci\u00f3n de transporte de pasajeros. <strong>Estaba separado de la madre de sus hijas<\/strong>.<\/p>\n\n\n\n<p><\/p>\n","protected":false},"excerpt":{"rendered":"<p>La Cl\u00ednica Robles de cirug\u00eda pl\u00e1stica, qued\u00f3 bajo investigaci\u00f3n judicial luego de que un paciente muri\u00f3 al someterse a un implante dental. La v\u00edctima ten\u00eda 64 a\u00f1os. Ocurri\u00f3 el mi\u00e9rcoles pasado en un centro m\u00e9dico ubicado sobre la calle Virrey del Pino 2530 del barrio de Belgrano. Miguel \u00c1ngel Berlini, un hombre de 64 a\u00f1os,&hellip;<\/p>\n","protected":false},"author":1,"featured_media":141292,"comment_status":"open","ping_status":"open","sticky":false,"template":"","format":"standard","meta":{"footnotes":""},"categories":[22,23],"tags":[46280,2450,46281,46279,2499],"class_list":["post-141291","post","type-post","status-publish","format-standard","has-post-thumbnail","hentry","category-policiales","category-salud","tag-clinica-los-robles","tag-diario-el-sindical","tag-implante-dental","tag-miguel-angel-berlini","tag-same"],"_links":{"self":[{"href":"https:\/\/www.elsindical.com.ar\/notas\/wp-json\/wp\/v2\/posts\/141291","targetHints":{"allow":["GET"]}}],"collection":[{"href":"https:\/\/www.elsindical.com.ar\/notas\/wp-json\/wp\/v2\/posts"}],"about":[{"href":"https:\/\/www.elsindical.com.ar\/notas\/wp-json\/wp\/v2\/types\/post"}],"author":[{"embeddable":true,"href":"https:\/\/www.elsindical.com.ar\/notas\/wp-json\/wp\/v2\/users\/1"}],"replies":[{"embeddable":true,"href":"https:\/\/www.elsindical.com.ar\/notas\/wp-json\/wp\/v2\/comments?post=141291"}],"version-history":[{"count":1,"href":"https:\/\/www.elsindical.com.ar\/notas\/wp-json\/wp\/v2\/posts\/141291\/revisions"}],"predecessor-version":[{"id":141294,"href":"https:\/\/www.elsindical.com.ar\/notas\/wp-json\/wp\/v2\/posts\/141291\/revisions\/141294"}],"wp:featuredmedia":[{"embeddable":true,"href":"https:\/\/www.elsindical.com.ar\/notas\/wp-json\/wp\/v2\/media\/141292"}],"wp:attachment":[{"href":"https:\/\/www.elsindical.com.ar\/notas\/wp-json\/wp\/v2\/media?parent=141291"}],"wp:term":[{"taxonomy":"category","embeddable":true,"href":"https:\/\/www.elsindical.com.ar\/notas\/wp-json\/wp\/v2\/categories?post=141291"},{"taxonomy":"post_tag","embeddable":true,"href":"https:\/\/www.elsindical.com.ar\/notas\/wp-json\/wp\/v2\/tags?post=141291"}],"curies":[{"name":"wp","href":"https:\/\/api.w.org\/{rel}","templated":true}]}}