{"id":14127,"date":"2011-05-09T14:59:54","date_gmt":"2011-05-09T17:59:54","guid":{"rendered":"http:\/\/www.elsindical.com.ar\/notas\/?p=14127"},"modified":"2011-05-09T14:59:54","modified_gmt":"2011-05-09T17:59:54","slug":"la-platafallecio-el-joven-herido-por-la-bengala","status":"publish","type":"post","link":"https:\/\/www.elsindical.com.ar\/notas\/la-platafallecio-el-joven-herido-por-la-bengala\/","title":{"rendered":"La Plata:Falleci\u00f3 el joven herido por la bengala"},"content":{"rendered":"<p style=\"text-align: justify;\"><em><a href=\"http:\/\/www.elsindical.com.ar\/notas\/var\/www\/html\/notas\/wp-content\/uploads\/2011\/05\/Miguel-Ram\u00edrez.jpg\"><img loading=\"lazy\" decoding=\"async\" class=\"alignleft size-medium wp-image-14078\" title=\"Miguel-Ram\u00edrez\" src=\"http:\/\/www.elsindical.com.ar\/notas\/var\/www\/html\/notas\/wp-content\/uploads\/2011\/05\/Miguel-Ram\u00edrez-300x264.jpg\" alt=\"\" width=\"300\" height=\"264\" srcset=\"https:\/\/www.elsindical.com.ar\/notas\/var\/www\/html\/notas\/wp-content\/uploads\/2011\/05\/Miguel-Ram\u00edrez-300x264.jpg 300w, https:\/\/www.elsindical.com.ar\/notas\/var\/www\/html\/notas\/wp-content\/uploads\/2011\/05\/Miguel-Ram\u00edrez.jpg 325w\" sizes=\"auto, (max-width: 300px) 100vw, 300px\" \/><\/a>Miguel Ram\u00edrez, el joven de 32 a\u00f1os que luchaba por su vida en el hospital Melchor Romero de La Plata tras ser herido por una bengala en un recital de La Renga muri\u00f3 hace instantes, tras ocho d\u00edas de agon\u00eda.<\/em><\/p>\n<p>Esta ma\u00f1ana, desde la Justicia adelantaron que est\u00e1n intentando determinar qui\u00e9n arroj\u00f3 el elemento de pirot\u00e9cnia.<\/p>\n<p>\u201cVamos a empezar a buscar evidencias f\u00edsicas para llegar al autor y a la forma en que se produjo el hecho. La etapa de investigaci\u00f3n es para juntar pruebas; vamos a buscar si todos los requisitos estaban en regla\u00bb, explic\u00f3 la fiscal penal Virginia Bravo quien hoy realizar\u00e1 una inspecci\u00f3n ocular en el aut\u00f3dromo de La Plata, donde se realiz\u00f3 el recital el s\u00e1bado 30 de abril.<\/p>\n<p>La fiscal resalt\u00f3 que \u00aben principio parece que el incidente fue accidental\u00bb, aunque advirti\u00f3 que \u00abeso se va a determinar en la medida que vaya avanzando la investigaci\u00f3n\u201d. En cuanto a la responsabilidad de la seguridad del show, resalt\u00f3 que \u201cforma parte del contrato del evento que se encarg\u00f3 la productora, pero se va a determinar cuando avance nuestro trabajo\u201d.<\/p>\n<p>Bravo tom\u00f3 declaraciones informativas a familiares de Ram\u00edrez que estuvieron en el recital y a otras personas que concurrieron a la presentaci\u00f3n de La Renga. Ram\u00edrez de 32 a\u00f1os, padre de dos ni\u00f1os y cuya esposa est\u00e1 embarazada de 7 meses, est\u00e1 internado desde hace 9 d\u00edas en el hospital Alejandro Korn de la localidad platense de Melchor Romero.<\/p>\n<p>El director del hospital, Egidio Mel\u00eda, dijo esta ma\u00f1ana que \u00abRam\u00edrez permanece en terapia intensiva y su estado sigue siendo grave\u00bb.<\/p>\n<p>\u00abPadece un edema cerebral grave cuyo diagn\u00f3stico es muerte cerebral\u00bb, explic\u00f3 el profesional. Ram\u00edrez ingres\u00f3 al hospital con una herida en la parte derecha del cuello, donde presentaba cortes desgarrantes y quemaduras.<\/p>\n<p>El proyectil pirot\u00e9cnico hab\u00eda ocasionado en Ram\u00edrez \u00abquemaduras en la parte derecha del cuello, en el t\u00f3rax y en el hombro derecho\u00bb, precis\u00f3 Mel\u00eda. Detall\u00f3 que en los primeros d\u00edas su evoluci\u00f3n fue favorable pero el mi\u00e9rcoles su estado de salud se complic\u00f3 y sufri\u00f3 varios paros cardiorrespiratorios por lo que debi\u00f3 ser internado nuevamente en terapia intensiva. A ra\u00edz del incidente el grupo La Renga decidi\u00f3 suspender el recital que iba a realizar el s\u00e1bado en la ciudad de Resistencia (Chaco).<\/p>\n","protected":false},"excerpt":{"rendered":"<p>Miguel Ram\u00edrez, el joven de 32 a\u00f1os que luchaba por su vida en el hospital Melchor Romero de La Plata tras ser herido por una bengala en un recital de La Renga muri\u00f3 hace instantes, tras ocho d\u00edas de agon\u00eda. Esta ma\u00f1ana, desde la Justicia adelantaron que est\u00e1n intentando determinar qui\u00e9n arroj\u00f3 el elemento de&hellip;<\/p>\n","protected":false},"author":1,"featured_media":0,"comment_status":"open","ping_status":"open","sticky":false,"template":"","format":"standard","meta":{"footnotes":""},"categories":[22],"tags":[6815,148,323,239,6790,305,30,719],"class_list":["post-14127","post","type-post","status-publish","format-standard","hentry","category-policiales","tag-bengala","tag-herido","tag-joven","tag-la-plata","tag-miguel-ramirez","tag-muerte","tag-policia","tag-recital"],"_links":{"self":[{"href":"https:\/\/www.elsindical.com.ar\/notas\/wp-json\/wp\/v2\/posts\/14127","targetHints":{"allow":["GET"]}}],"collection":[{"href":"https:\/\/www.elsindical.com.ar\/notas\/wp-json\/wp\/v2\/posts"}],"about":[{"href":"https:\/\/www.elsindical.com.ar\/notas\/wp-json\/wp\/v2\/types\/post"}],"author":[{"embeddable":true,"href":"https:\/\/www.elsindical.com.ar\/notas\/wp-json\/wp\/v2\/users\/1"}],"replies":[{"embeddable":true,"href":"https:\/\/www.elsindical.com.ar\/notas\/wp-json\/wp\/v2\/comments?post=14127"}],"version-history":[{"count":1,"href":"https:\/\/www.elsindical.com.ar\/notas\/wp-json\/wp\/v2\/posts\/14127\/revisions"}],"predecessor-version":[{"id":14128,"href":"https:\/\/www.elsindical.com.ar\/notas\/wp-json\/wp\/v2\/posts\/14127\/revisions\/14128"}],"wp:attachment":[{"href":"https:\/\/www.elsindical.com.ar\/notas\/wp-json\/wp\/v2\/media?parent=14127"}],"wp:term":[{"taxonomy":"category","embeddable":true,"href":"https:\/\/www.elsindical.com.ar\/notas\/wp-json\/wp\/v2\/categories?post=14127"},{"taxonomy":"post_tag","embeddable":true,"href":"https:\/\/www.elsindical.com.ar\/notas\/wp-json\/wp\/v2\/tags?post=14127"}],"curies":[{"name":"wp","href":"https:\/\/api.w.org\/{rel}","templated":true}]}}