{"id":141249,"date":"2025-11-20T10:58:45","date_gmt":"2025-11-20T13:58:45","guid":{"rendered":"https:\/\/www.elsindical.com.ar\/notas\/?p=141249"},"modified":"2025-11-20T10:58:53","modified_gmt":"2025-11-20T13:58:53","slug":"esteban-echeverria-mataron-de-un-tiro-en-la-cabeza-a-un-joven-de-21-anos","status":"publish","type":"post","link":"https:\/\/www.elsindical.com.ar\/notas\/esteban-echeverria-mataron-de-un-tiro-en-la-cabeza-a-un-joven-de-21-anos\/","title":{"rendered":"Esteban Echeverr\u00eda: Mataron de un tiro en la cabeza a un joven de 21 a\u00f1os"},"content":{"rendered":"<div class=\"wp-block-image\">\n<figure class=\"aligncenter size-full is-resized\"><a href=\"https:\/\/www.elsindical.com.ar\/notas\/var\/www\/html\/notas\/wp-content\/uploads\/2025\/11\/Nazareno-Tobias-Isern.jpg\"><img loading=\"lazy\" decoding=\"async\" width=\"610\" height=\"343\" src=\"https:\/\/www.elsindical.com.ar\/notas\/var\/www\/html\/notas\/wp-content\/uploads\/2025\/11\/Nazareno-Tobias-Isern.jpg\" alt=\"\" class=\"wp-image-141250\" style=\"width:722px;height:auto\" srcset=\"https:\/\/www.elsindical.com.ar\/notas\/var\/www\/html\/notas\/wp-content\/uploads\/2025\/11\/Nazareno-Tobias-Isern.jpg 610w, https:\/\/www.elsindical.com.ar\/notas\/var\/www\/html\/notas\/wp-content\/uploads\/2025\/11\/Nazareno-Tobias-Isern-300x169.jpg 300w, https:\/\/www.elsindical.com.ar\/notas\/var\/www\/html\/notas\/wp-content\/uploads\/2025\/11\/Nazareno-Tobias-Isern-460x260.jpg 460w\" sizes=\"auto, (max-width: 610px) 100vw, 610px\" \/><\/a><\/figure>\n<\/div>\n\n\n<p>Mataron de un tiro en la cabeza a un joven de 21 a\u00f1os para robarle la bicicleta en Esteban Echeverr\u00eda<br>Nazareno Tob\u00edas Isern de 21 a\u00f1os fue asesinado de un tiro en la cabeza por ladrones que i<strong>ntentaron robarle la bicicleta en la colectora de la autopista Riccheri,<\/strong> a la altura del partido de Esteban Echeverr\u00eda.<\/p>\n\n\n\n<p>El hecho ocurri\u00f3 <strong>a la altura del kil\u00f3metro 8, cuando el joven volv\u00eda a Villa Madero <\/strong>despu\u00e9s de pasar la tarde del lunes en los bosques de Ezeiza junto a una amiga cuando fueron interceptados por dos ladrones armados. El joven intent\u00f3 defenderse y recibi\u00f3 un disparo letal.<\/p>\n\n\n\n<p><strong>Nueve meses antes de ser asesinado, Nazareno hab\u00eda pedido m\u00e1s seguridad <\/strong>tras robo a sus abuelos<br>Desde Tapiales, sus padres, Edith y Daniel, aseguraron que lo asesinaron \u201cpara robarle una bicicleta armada, que no era de marca, y al final no se la robaron tampoco\u201d.<\/p>\n\n\n\n<p>\u201cMe llam\u00f3 la amiga desesperada y cuando lo fui a ver, como pude, lo m\u00e1s r\u00e1pido posible, <strong>estaba muerto arriba de la bicicleta <\/strong>y con su tel\u00e9fono celular en el bolsillo\u201d, lament\u00f3 la mujer.<\/p>\n\n\n\n<p>Adem\u00e1s, cont\u00f3 que los asaltantes <strong>\u201cquiz\u00e1s no pod\u00edan con \u00e9l porque era grandote, med\u00eda dos metros\u201d <\/strong>y \u201cno les robaron nada a ninguno de los dos\u201d.<\/p>\n\n\n\n<p>La causa fue caratulada como \u201chomicidio en ocasi\u00f3n de robo\u201d y est\u00e1 a cargo del fiscal Fernando Semisa, de la <strong>Unidad Funcional Descentralizada 4 de Esteban Echeverr\u00eda<\/strong>, perteneciente al Departamento Judicial de Lomas de Zamora.<\/p>\n\n\n\n<p>La amiga, tambi\u00e9n de 21 a\u00f1os, cont\u00f3 a los investigadores que <strong>los atacantes parec\u00edan j\u00f3venes<\/strong>, con edades cercanas a las de ellos o menores de 30 a\u00f1os. La causa qued\u00f3 caratulada como homicidio en ocasi\u00f3n de robo.<\/p>\n\n\n\n<p>Kiara Alegre, la mejor amiga de la v\u00edctima, manifest\u00f3: <strong>\u201cMe lo mataron delante de mis ojos\u201d. <\/strong>La joven explic\u00f3 que se encontraba junto a su amigo en el kil\u00f3metro 8 de la autopista Riccheri y Colectora sur, donde \u201cNaza se resisti\u00f3\u201d, motivo por el que \u201clos tipos sacaron un arma y le dispararon\u201d.<\/p>\n\n\n\n<p>\u201cCuando me giro para verlo ya no estaba m\u00e1s conmigo\u201d, lament\u00f3 Kiara, quien agreg\u00f3 que l<strong>os padres \u201cest\u00e1n en shock\u201d:<\/strong> \u201cMe siento destruida\u201d.<\/p>\n\n\n\n<p><\/p>\n","protected":false},"excerpt":{"rendered":"<p>Mataron de un tiro en la cabeza a un joven de 21 a\u00f1os para robarle la bicicleta en Esteban Echeverr\u00edaNazareno Tob\u00edas Isern de 21 a\u00f1os fue asesinado de un tiro en la cabeza por ladrones que intentaron robarle la bicicleta en la colectora de la autopista Riccheri, a la altura del partido de Esteban Echeverr\u00eda.&hellip;<\/p>\n","protected":false},"author":1,"featured_media":141250,"comment_status":"open","ping_status":"open","sticky":false,"template":"","format":"standard","meta":{"footnotes":""},"categories":[22],"tags":[363,22585,2450,34363,40402,116,4444],"class_list":["post-141249","post","type-post","status-publish","format-standard","has-post-thumbnail","hentry","category-policiales","tag-asesinato","tag-autopista-riccheri","tag-diario-el-sindical","tag-esteban-echeveria","tag-insefuridad","tag-robo","tag-villa-madero"],"_links":{"self":[{"href":"https:\/\/www.elsindical.com.ar\/notas\/wp-json\/wp\/v2\/posts\/141249","targetHints":{"allow":["GET"]}}],"collection":[{"href":"https:\/\/www.elsindical.com.ar\/notas\/wp-json\/wp\/v2\/posts"}],"about":[{"href":"https:\/\/www.elsindical.com.ar\/notas\/wp-json\/wp\/v2\/types\/post"}],"author":[{"embeddable":true,"href":"https:\/\/www.elsindical.com.ar\/notas\/wp-json\/wp\/v2\/users\/1"}],"replies":[{"embeddable":true,"href":"https:\/\/www.elsindical.com.ar\/notas\/wp-json\/wp\/v2\/comments?post=141249"}],"version-history":[{"count":1,"href":"https:\/\/www.elsindical.com.ar\/notas\/wp-json\/wp\/v2\/posts\/141249\/revisions"}],"predecessor-version":[{"id":141251,"href":"https:\/\/www.elsindical.com.ar\/notas\/wp-json\/wp\/v2\/posts\/141249\/revisions\/141251"}],"wp:featuredmedia":[{"embeddable":true,"href":"https:\/\/www.elsindical.com.ar\/notas\/wp-json\/wp\/v2\/media\/141250"}],"wp:attachment":[{"href":"https:\/\/www.elsindical.com.ar\/notas\/wp-json\/wp\/v2\/media?parent=141249"}],"wp:term":[{"taxonomy":"category","embeddable":true,"href":"https:\/\/www.elsindical.com.ar\/notas\/wp-json\/wp\/v2\/categories?post=141249"},{"taxonomy":"post_tag","embeddable":true,"href":"https:\/\/www.elsindical.com.ar\/notas\/wp-json\/wp\/v2\/tags?post=141249"}],"curies":[{"name":"wp","href":"https:\/\/api.w.org\/{rel}","templated":true}]}}