{"id":141235,"date":"2025-11-19T15:05:50","date_gmt":"2025-11-19T18:05:50","guid":{"rendered":"https:\/\/www.elsindical.com.ar\/notas\/?p=141235"},"modified":"2025-11-19T15:06:05","modified_gmt":"2025-11-19T18:06:05","slug":"trabajadores-de-shell-convocan-a-una-reunion-denunciando-danos-ambientales-e-incumplimiento-de-reincorporaciones","status":"publish","type":"post","link":"https:\/\/www.elsindical.com.ar\/notas\/trabajadores-de-shell-convocan-a-una-reunion-denunciando-danos-ambientales-e-incumplimiento-de-reincorporaciones\/","title":{"rendered":"Trabajadores de Shell convocan a una reuni\u00f3n denunciando da\u00f1os ambientales e incumplimiento de reincorporaciones"},"content":{"rendered":"<div class=\"wp-block-image\">\n<figure class=\"aligncenter size-full\"><a href=\"https:\/\/www.elsindical.com.ar\/notas\/var\/www\/html\/notas\/wp-content\/uploads\/2025\/11\/Shell-contamina-Avellaneda-1.jpg\"><img loading=\"lazy\" decoding=\"async\" width=\"700\" height=\"474\" src=\"https:\/\/www.elsindical.com.ar\/notas\/var\/www\/html\/notas\/wp-content\/uploads\/2025\/11\/Shell-contamina-Avellaneda-1.jpg\" alt=\"\" class=\"wp-image-141236\" srcset=\"https:\/\/www.elsindical.com.ar\/notas\/var\/www\/html\/notas\/wp-content\/uploads\/2025\/11\/Shell-contamina-Avellaneda-1.jpg 700w, https:\/\/www.elsindical.com.ar\/notas\/var\/www\/html\/notas\/wp-content\/uploads\/2025\/11\/Shell-contamina-Avellaneda-1-300x203.jpg 300w\" sizes=\"auto, (max-width: 700px) 100vw, 700px\" \/><\/a><\/figure>\n<\/div>\n\n\n<p>Trabajadores despedidos de Shell que conquistaron fallos judiciales de reinstalaci\u00f3n impulsan una campa\u00f1a contra la contaminaci\u00f3n de la refiner\u00eda y denuncian el incumplimiento de lo determinado por la Justicia.Convocan a&nbsp; otros sectores en lucha a una <strong>reuni\u00f3n de coordinaci\u00f3n&nbsp; &nbsp;el jueves 20 desde las&nbsp; 18 hs en Plaza Alsina, Avellaneda<\/strong>.<\/p>\n\n\n\n<p>Gustavo Michel, trabajador despedido de la planta de Dock Sud de Shell Raizen y referente ambiental y gremial dijo \u00abLa Justicia ordena a Shell que nos reincorpore. Los fallos favorables no dejan dudas que los despidos fueron actos discriminatorios contra quienes defendemos los derechos y el medio ambiente. Hasta el momento Shell se encuentra en la ilegalidad al no cumplir con la orden de la justicia argentina. Nos reuniremos junto a otros sectores para definir pasos a seguir si la empresa no cambia de actitud.&nbsp; A la espera de que los fallos sean cumplidos incrementaremos la campa\u00f1a que venimos realizando desde enero\u00bb.<\/p>\n\n\n\n<p>El trabajador despedido Pablo Placeriani, periodista y referente ambiental de la refiner\u00eda agreg\u00f3 \u00abEsto es parte de una nueva etapa de lucha para que Shell cumpla con los fallos de reinstalaci\u00f3n, y consideramos muy importante hacer el esfuerzo para coordinar y unificar con los sectores en lucha como los sectores populares, los trabajadores, jubilados y&nbsp; los trabajadores del Garrahan para enfrentar el nuevo paquete de ajustes que est\u00e1 preparando el Gobierno con la reforma laboral y tributaria\u00bb.<\/p>\n\n\n\n<p>El jueves 20 de noviembre los trabajadores despedidos convocan a una reuni\u00f3n en solidaridad con la lucha de Shell en Plaza Alsina. Invitan a todos los sindicatos, organizaciones sociales, pol\u00edticas, culturales, estudiantiles, ambientales de DD.HH., jubilados y a los vecinos a sumarse a esta pelea contra los despidos y la contaminaci\u00f3n que lleva adelante la multinacional Shell Raizen, y a prepara el camino para enfrentar las reformas del gobierno de Milei.<\/p>\n\n\n<div class=\"wp-block-image\">\n<figure class=\"aligncenter size-full\"><a href=\"https:\/\/www.elsindical.com.ar\/notas\/var\/www\/html\/notas\/wp-content\/uploads\/2025\/11\/Shell-contamina-Avellaneda-2.jpg\"><img loading=\"lazy\" decoding=\"async\" width=\"700\" height=\"497\" src=\"https:\/\/www.elsindical.com.ar\/notas\/var\/www\/html\/notas\/wp-content\/uploads\/2025\/11\/Shell-contamina-Avellaneda-2.jpg\" alt=\"\" class=\"wp-image-141237\" srcset=\"https:\/\/www.elsindical.com.ar\/notas\/var\/www\/html\/notas\/wp-content\/uploads\/2025\/11\/Shell-contamina-Avellaneda-2.jpg 700w, https:\/\/www.elsindical.com.ar\/notas\/var\/www\/html\/notas\/wp-content\/uploads\/2025\/11\/Shell-contamina-Avellaneda-2-300x213.jpg 300w\" sizes=\"auto, (max-width: 700px) 100vw, 700px\" \/><\/a><\/figure>\n<\/div>","protected":false},"excerpt":{"rendered":"<p>Trabajadores despedidos de Shell que conquistaron fallos judiciales de reinstalaci\u00f3n impulsan una campa\u00f1a contra la contaminaci\u00f3n de la refiner\u00eda y denuncian el incumplimiento de lo determinado por la Justicia.Convocan a&nbsp; otros sectores en lucha a una reuni\u00f3n de coordinaci\u00f3n&nbsp; &nbsp;el jueves 20 desde las&nbsp; 18 hs en Plaza Alsina, Avellaneda. Gustavo Michel, trabajador despedido de&hellip;<\/p>\n","protected":false},"author":1,"featured_media":141236,"comment_status":"open","ping_status":"open","sticky":false,"template":"","format":"standard","meta":{"footnotes":""},"categories":[6,25],"tags":[461,35238,53,2450,46125,17436,46260],"class_list":["post-141235","post","type-post","status-publish","format-standard","has-post-thumbnail","hentry","category-denuncias","category-sociedad","tag-avellaneda","tag-contaminacion-ambiental","tag-despidos","tag-diario-el-sindical","tag-pablo-placeriani","tag-plaza-alsina","tag-shell-raizen-2"],"_links":{"self":[{"href":"https:\/\/www.elsindical.com.ar\/notas\/wp-json\/wp\/v2\/posts\/141235","targetHints":{"allow":["GET"]}}],"collection":[{"href":"https:\/\/www.elsindical.com.ar\/notas\/wp-json\/wp\/v2\/posts"}],"about":[{"href":"https:\/\/www.elsindical.com.ar\/notas\/wp-json\/wp\/v2\/types\/post"}],"author":[{"embeddable":true,"href":"https:\/\/www.elsindical.com.ar\/notas\/wp-json\/wp\/v2\/users\/1"}],"replies":[{"embeddable":true,"href":"https:\/\/www.elsindical.com.ar\/notas\/wp-json\/wp\/v2\/comments?post=141235"}],"version-history":[{"count":1,"href":"https:\/\/www.elsindical.com.ar\/notas\/wp-json\/wp\/v2\/posts\/141235\/revisions"}],"predecessor-version":[{"id":141238,"href":"https:\/\/www.elsindical.com.ar\/notas\/wp-json\/wp\/v2\/posts\/141235\/revisions\/141238"}],"wp:featuredmedia":[{"embeddable":true,"href":"https:\/\/www.elsindical.com.ar\/notas\/wp-json\/wp\/v2\/media\/141236"}],"wp:attachment":[{"href":"https:\/\/www.elsindical.com.ar\/notas\/wp-json\/wp\/v2\/media?parent=141235"}],"wp:term":[{"taxonomy":"category","embeddable":true,"href":"https:\/\/www.elsindical.com.ar\/notas\/wp-json\/wp\/v2\/categories?post=141235"},{"taxonomy":"post_tag","embeddable":true,"href":"https:\/\/www.elsindical.com.ar\/notas\/wp-json\/wp\/v2\/tags?post=141235"}],"curies":[{"name":"wp","href":"https:\/\/api.w.org\/{rel}","templated":true}]}}