{"id":141233,"date":"2025-11-19T08:17:20","date_gmt":"2025-11-19T11:17:20","guid":{"rendered":"https:\/\/www.elsindical.com.ar\/notas\/?p=141233"},"modified":"2025-11-19T08:17:55","modified_gmt":"2025-11-19T11:17:55","slug":"suba-de-la-inflacion-mayorista","status":"publish","type":"post","link":"https:\/\/www.elsindical.com.ar\/notas\/suba-de-la-inflacion-mayorista\/","title":{"rendered":"Suba de la inflaci\u00f3n mayorista"},"content":{"rendered":"\n<figure class=\"wp-block-image size-large\"><a href=\"https:\/\/www.elsindical.com.ar\/notas\/var\/www\/html\/notas\/wp-content\/uploads\/2024\/07\/super-mayoristas.jpg\"><img loading=\"lazy\" decoding=\"async\" width=\"1024\" height=\"576\" src=\"https:\/\/www.elsindical.com.ar\/notas\/var\/www\/html\/notas\/wp-content\/uploads\/2024\/07\/super-mayoristas-1024x576.jpg\" alt=\"\" class=\"wp-image-131609\" srcset=\"https:\/\/www.elsindical.com.ar\/notas\/var\/www\/html\/notas\/wp-content\/uploads\/2024\/07\/super-mayoristas-1024x576.jpg 1024w, https:\/\/www.elsindical.com.ar\/notas\/var\/www\/html\/notas\/wp-content\/uploads\/2024\/07\/super-mayoristas-300x169.jpg 300w, https:\/\/www.elsindical.com.ar\/notas\/var\/www\/html\/notas\/wp-content\/uploads\/2024\/07\/super-mayoristas-768x432.jpg 768w, https:\/\/www.elsindical.com.ar\/notas\/var\/www\/html\/notas\/wp-content\/uploads\/2024\/07\/super-mayoristas-500x281.jpg 500w, https:\/\/www.elsindical.com.ar\/notas\/var\/www\/html\/notas\/wp-content\/uploads\/2024\/07\/super-mayoristas-460x260.jpg 460w, https:\/\/www.elsindical.com.ar\/notas\/var\/www\/html\/notas\/wp-content\/uploads\/2024\/07\/super-mayoristas.jpg 1200w\" sizes=\"auto, (max-width: 1024px) 100vw, 1024px\" \/><\/a><\/figure>\n\n\n\n<p class=\"wp-block-paragraph\">La inflaci\u00f3n mayorista fue de 1,1 por ciento en octubre, pero qued\u00f3 por debajo de la registrada en septiembre. Importados a la baja.<\/p>\n\n\n\n<p class=\"wp-block-paragraph\"><strong>El nivel general del \u00edndice de precios internos al por mayor (IPIM) registr\u00f3 un aumento de&nbsp;1,1% en octubre <\/strong>respecto del mes anterior, seg\u00fan inform\u00f3 el<strong>&nbsp;Instituto Nacional de Estad\u00edsticas y Censos<\/strong>&nbsp;(INDEC).<\/p>\n\n\n\n<p class=\"wp-block-paragraph\">El aumento del IPIM&nbsp;<strong>se vio marcado por la suba de 1,3% en los \u201cProductos nacionales\u201d y la baja de 1,4% en los \u201cProductos importados\u201d.<\/strong><\/p>\n\n\n\n<p class=\"wp-block-paragraph\">Sin embargo,&nbsp;<strong>qued\u00f3 por debajo de la inflaci\u00f3n mayorista de septiembre<\/strong>, la cual hab\u00eda escalado hasta&nbsp;3,7%.<\/p>\n","protected":false},"excerpt":{"rendered":"<p>La inflaci\u00f3n mayorista fue de 1,1 por ciento en octubre, pero qued\u00f3 por debajo de la registrada en septiembre. Importados a la baja. El nivel general del \u00edndice de precios internos al por mayor (IPIM) registr\u00f3 un aumento de&nbsp;1,1% en octubre respecto del mes anterior, seg\u00fan inform\u00f3 el&nbsp;Instituto Nacional de Estad\u00edsticas y Censos&nbsp;(INDEC). El aumento&hellip;<\/p>\n","protected":false},"author":1,"featured_media":131609,"comment_status":"open","ping_status":"open","sticky":false,"template":"","format":"standard","meta":{"footnotes":""},"categories":[9],"tags":[2450,22023,2200,1799,6711],"class_list":["post-141233","post","type-post","status-publish","format-standard","has-post-thumbnail","hentry","category-economia","tag-diario-el-sindical","tag-economia","tag-indec","tag-inflacion","tag-suba"],"_links":{"self":[{"href":"https:\/\/www.elsindical.com.ar\/notas\/wp-json\/wp\/v2\/posts\/141233","targetHints":{"allow":["GET"]}}],"collection":[{"href":"https:\/\/www.elsindical.com.ar\/notas\/wp-json\/wp\/v2\/posts"}],"about":[{"href":"https:\/\/www.elsindical.com.ar\/notas\/wp-json\/wp\/v2\/types\/post"}],"author":[{"embeddable":true,"href":"https:\/\/www.elsindical.com.ar\/notas\/wp-json\/wp\/v2\/users\/1"}],"replies":[{"embeddable":true,"href":"https:\/\/www.elsindical.com.ar\/notas\/wp-json\/wp\/v2\/comments?post=141233"}],"version-history":[{"count":1,"href":"https:\/\/www.elsindical.com.ar\/notas\/wp-json\/wp\/v2\/posts\/141233\/revisions"}],"predecessor-version":[{"id":141234,"href":"https:\/\/www.elsindical.com.ar\/notas\/wp-json\/wp\/v2\/posts\/141233\/revisions\/141234"}],"wp:featuredmedia":[{"embeddable":true,"href":"https:\/\/www.elsindical.com.ar\/notas\/wp-json\/wp\/v2\/media\/131609"}],"wp:attachment":[{"href":"https:\/\/www.elsindical.com.ar\/notas\/wp-json\/wp\/v2\/media?parent=141233"}],"wp:term":[{"taxonomy":"category","embeddable":true,"href":"https:\/\/www.elsindical.com.ar\/notas\/wp-json\/wp\/v2\/categories?post=141233"},{"taxonomy":"post_tag","embeddable":true,"href":"https:\/\/www.elsindical.com.ar\/notas\/wp-json\/wp\/v2\/tags?post=141233"}],"curies":[{"name":"wp","href":"https:\/\/api.w.org\/{rel}","templated":true}]}}