{"id":141207,"date":"2025-11-18T15:00:16","date_gmt":"2025-11-18T18:00:16","guid":{"rendered":"https:\/\/www.elsindical.com.ar\/notas\/?p=141207"},"modified":"2025-11-18T15:00:25","modified_gmt":"2025-11-18T18:00:25","slug":"renuncio-la-funcionaria-de-economia-involucrada-en-el-escandalo-de-andis-la-justicia-encontro-usd-700-mil-en-su-casa","status":"publish","type":"post","link":"https:\/\/www.elsindical.com.ar\/notas\/renuncio-la-funcionaria-de-economia-involucrada-en-el-escandalo-de-andis-la-justicia-encontro-usd-700-mil-en-su-casa\/","title":{"rendered":"Renunci\u00f3 la funcionaria de Econom\u00eda involucrada en el esc\u00e1ndalo de ANDIS: la Justicia encontr\u00f3 USD 700 mil en su casa"},"content":{"rendered":"<div class=\"wp-block-image\">\n<figure class=\"aligncenter size-full is-resized\"><a href=\"https:\/\/www.elsindical.com.ar\/notas\/var\/www\/html\/notas\/wp-content\/uploads\/2025\/11\/Ornella-Calvete.jpg\"><img loading=\"lazy\" decoding=\"async\" width=\"639\" height=\"363\" src=\"https:\/\/www.elsindical.com.ar\/notas\/var\/www\/html\/notas\/wp-content\/uploads\/2025\/11\/Ornella-Calvete.jpg\" alt=\"\" class=\"wp-image-141208\" style=\"width:727px;height:auto\" srcset=\"https:\/\/www.elsindical.com.ar\/notas\/var\/www\/html\/notas\/wp-content\/uploads\/2025\/11\/Ornella-Calvete.jpg 639w, https:\/\/www.elsindical.com.ar\/notas\/var\/www\/html\/notas\/wp-content\/uploads\/2025\/11\/Ornella-Calvete-300x170.jpg 300w, https:\/\/www.elsindical.com.ar\/notas\/var\/www\/html\/notas\/wp-content\/uploads\/2025\/11\/Ornella-Calvete-220x126.jpg 220w, https:\/\/www.elsindical.com.ar\/notas\/var\/www\/html\/notas\/wp-content\/uploads\/2025\/11\/Ornella-Calvete-460x260.jpg 460w\" sizes=\"auto, (max-width: 639px) 100vw, 639px\" \/><\/a><\/figure>\n<\/div>\n\n\n<p>Se trata de Ornella Calvete, hija de Miguel Calvete. El hallazgo de grandes sumas de dinero en efectivo en un operativo domiciliario motiv\u00f3 la salida la funcionaria, de acuerdo a la informaci\u00f3n confirmada por autoridades nacionales<\/p>\n\n\n\n<p>El caso <strong>ANDIS<\/strong> activ\u00f3 movimientos imprevistos en el Gobierno nacional y en el Ministerio de Econom\u00eda. Autoridades judiciales inspeccionaron la vivienda de <strong>Ornella Calvete<\/strong>, directora nacional de desarrollo regional y sectorial, quien hasta estos d\u00edas ocup\u00f3 una funci\u00f3n de peso en la Secretar\u00eda de Industria y Comercio, dependiente de Econom\u00eda. Durante el procedimiento, indicaron que incautaron <strong>cerca de USD 700.000 y otras divisas<\/strong> dentro del domicilio de la funcionaria. <\/p>\n\n\n\n<p>La salida de la funcionaria tom\u00f3 forma en las \u00faltimas horas, luego de que reson\u00f3 en el Ministerio de Econom\u00eda el hallazgo de la Justicia en el domicilio de la involucrada. En la cartera que conduce<strong> Luis Caputo<\/strong>, m\u00e1s espec\u00edficamente en la Secretar\u00eda de Industria y Comercio donde Calvete se desempe\u00f1aba, seentendi\u00f3 que la permanencia de la funcionaria ya no pod\u00eda sostenerse ante la investigaci\u00f3n, por lo que aceptaron la dimisi\u00f3n y diagramaron su reemplazo.<\/p>\n\n\n\n<p>La causa judicial que involucra a Calvete deriv\u00f3 de la pesquisa sobre presuntas irregularidades en la Agencia Nacional de Discapacidad (ANDIS). Como parte del avance de la causa, el Ministerio P\u00fablico Fiscal pidi\u00f3 una serie de allanamientos en <em>Ciudad de Buenos Aires<\/em>, donde los principales apuntados ostentaban cargos de rango medio y superior en organismos estatales. Tras los procedimientos, se conoci\u00f3 que en la propiedad de Calvete se secuestraron <strong>dinero en efectivo, documentos y dispositivos electr\u00f3nicos<\/strong>, hechos que alimentaron la sospecha de maniobras de corrupci\u00f3n vinculadas a contratos con proveedores p\u00fablicos y posibles retornos il\u00edcitos.<\/p>\n\n\n\n<figure class=\"wp-block-image size-full\"><a href=\"https:\/\/www.elsindical.com.ar\/notas\/var\/www\/html\/notas\/wp-content\/uploads\/2025\/11\/cuadernos-Calvete.jpg\"><img loading=\"lazy\" decoding=\"async\" width=\"835\" height=\"471\" src=\"https:\/\/www.elsindical.com.ar\/notas\/var\/www\/html\/notas\/wp-content\/uploads\/2025\/11\/cuadernos-Calvete.jpg\" alt=\"\" class=\"wp-image-141209\" srcset=\"https:\/\/www.elsindical.com.ar\/notas\/var\/www\/html\/notas\/wp-content\/uploads\/2025\/11\/cuadernos-Calvete.jpg 835w, https:\/\/www.elsindical.com.ar\/notas\/var\/www\/html\/notas\/wp-content\/uploads\/2025\/11\/cuadernos-Calvete-300x169.jpg 300w, https:\/\/www.elsindical.com.ar\/notas\/var\/www\/html\/notas\/wp-content\/uploads\/2025\/11\/cuadernos-Calvete-768x433.jpg 768w, https:\/\/www.elsindical.com.ar\/notas\/var\/www\/html\/notas\/wp-content\/uploads\/2025\/11\/cuadernos-Calvete-460x260.jpg 460w\" sizes=\"auto, (max-width: 835px) 100vw, 835px\" \/><\/a><\/figure>\n\n\n\n<p>De acuerdo a los documentos consultados, <strong>Ornella Calvete<\/strong> avis\u00f3 a su padre, <strong>Miguel \u00c1ngel Calvete<\/strong>, sobre la presencia de la polic\u00eda en la planta baja de su vivienda el 12 de septiembre de 2025. Mediante un mensaje, le expres\u00f3: \u201cNo s\u00e9 si es por el cabeza de rodilla o qu\u00e9\u201d. Apenas intercambiaron saludos, la funcionaria se\u00f1al\u00f3 que se trat\u00f3 de una falsa alarma, aunque continu\u00f3 la charla refiri\u00e9ndose a stickers y bromas personales. En el mismo di\u00e1logo, el padre le aconsej\u00f3 seguir instrucciones y abord\u00f3 temas vinculados a la situaci\u00f3n financiera de la firma INDECOM y la disponibilidad de \u201ccash blanco\u201d. El dictamen fiscal mostr\u00f3 que, en esa conversaci\u00f3n, Miguel \u00c1ngel Calvete sugiri\u00f3 qu\u00e9 responder si le preguntaban por el dinero: \u201cpor si entran ac\u00e1 y me ven con mossca\u201d o \u201cdigo que me lo prest\u00f3 alguien, olvidate\u201d.<\/p>\n\n\n\n<p>La relevancia de los contactos familiares qued\u00f3 reflejada en otro intercambio, fechado el 10 de septiembre de 2025. All\u00ed, Calvete pregunt\u00f3 sobre una reuni\u00f3n con Claudio, vinculado a una reconocida ortopedia. Su padre le confirm\u00f3 la concreci\u00f3n del encuentro y le prometi\u00f3 obsequios si el resultado era positivo: \u201cuna lambo, una granja, lo que quieras\u201d.<\/p>\n\n\n\n<p>La Justicia estableci\u00f3 la fecha y el monto exacto del secuestro en la residencia de la funcionaria. Los agentes de la fiscal\u00eda registraron el domicilio el 9 de octubre de 2025 y contabilizaron cerca de 700.000 d\u00f3lares, en diferentes monedas extranjeras. Adem\u00e1s, se recolectaron anotaciones y dispositivos electr\u00f3nicos relacionados con la pesquisa. Todos esos elementos quedaron bajo resguardo del juez que dirige el caso. La magnitud del monto incautado gener\u00f3 impacto en \u00e1reas gubernamentales y aceler\u00f3 la reacci\u00f3n pol\u00edtica, seg\u00fan reconstruy\u00f3 la redacci\u00f3n de este medio.<\/p>\n\n\n\n<p>Fuentes del Ministerio de Econom\u00eda admitieron que el avance de la investigaci\u00f3n precipit\u00f3 la renuncia de Calvete y la b\u00fasqueda de alternativas para cubrir su puesto. No trascendieron nombres para la sucesi\u00f3n, aunque representantes de Econom\u00eda aseguraron que el \u00e1rea no interrumpi\u00f3 su funcionamiento.<\/p>\n\n\n<div class=\"wp-block-image\">\n<figure class=\"aligncenter size-full is-resized\"><a href=\"https:\/\/www.elsindical.com.ar\/notas\/var\/www\/html\/notas\/wp-content\/uploads\/2025\/11\/Miguel-Angel-Calvete.jpeg\"><img loading=\"lazy\" decoding=\"async\" width=\"600\" height=\"365\" src=\"https:\/\/www.elsindical.com.ar\/notas\/var\/www\/html\/notas\/wp-content\/uploads\/2025\/11\/Miguel-Angel-Calvete.jpeg\" alt=\"\" class=\"wp-image-141210\" style=\"width:724px;height:auto\" srcset=\"https:\/\/www.elsindical.com.ar\/notas\/var\/www\/html\/notas\/wp-content\/uploads\/2025\/11\/Miguel-Angel-Calvete.jpeg 600w, https:\/\/www.elsindical.com.ar\/notas\/var\/www\/html\/notas\/wp-content\/uploads\/2025\/11\/Miguel-Angel-Calvete-300x183.jpeg 300w\" sizes=\"auto, (max-width: 600px) 100vw, 600px\" \/><\/a><\/figure>\n<\/div>\n\n\n<p>Por otro lado, la citaci\u00f3n judicial a <strong>Miguel \u00c1ngel Calvete<\/strong> gan\u00f3 notoriedad al producirse en paralelo con el esc\u00e1ndalo de la funcionaria. El padre de la exfuncionaria se present\u00f3 en los tribunales federales de <strong>Comodoro Py<\/strong> para ser indagado, en el marco del denominado \u201ccaso ANDIS\u201d.<\/p>\n\n\n\n<p>De los chat analizados por la fiscal\u00eda surge que la preocupaci\u00f3n por el dinero y posibles investigaciones estaba presente en la familia desde semanas antes de los procedimientos. La frase \u201cpor si entran ac\u00e1 y me ven con mossca\u201d alude de forma expl\u00edcita al posible hallazgo de fondos irregulares por parte de las autoridades judiciales.<\/p>\n\n\n\n<p>Las autoridades judiciales no comunicaron todav\u00eda avances sobre nuevas imputaciones o eventuales pedidos de mayores medidas restrictivas para los involucrados. Hasta el momento, la principal novedad se enfoc\u00f3 en la remoci\u00f3n de Calvete y en la continuidad de la pesquisa contra otros exfuncionarios y empresarios relacionados con contratos bajo sospecha.<\/p>\n\n\n\n<p>El impacto institucional alcanz\u00f3 tambi\u00e9n al Ministerio de Econom\u00eda por la dimensi\u00f3n de la suma secuestrada. En paralelo, el expediente sobre ANDIS se mantiene bajo secreto parcial y suma cap\u00edtulos mientras organismos de control y la Justicia analizan cada conversaci\u00f3n, documento y registro bancario obtenido en los diferentes allanamientos.<\/p>\n\n\n\n<p>Miguel \u00c1ngel Calvete es un dirigente conocido por su actividad en el sector supermercadista y en c\u00e1maras empresarias vinculadas al comercio. Se desempe\u00f1\u00f3 como referente en organizaciones como la C\u00e1mara de Autoservicios y Supermercados de Propietarios Chinos, y tambi\u00e9n tuvo presencia medi\u00e1tica al opinar sobre cuestiones de consumo, precios y pol\u00edticas comerciales. Adem\u00e1s, mantuvo v\u00ednculos con diversas instituciones p\u00fablicas y privadas relacionadas con la industria alimenticia y el comercio minorista en Argentina.<\/p>\n","protected":false},"excerpt":{"rendered":"<p>Se trata de Ornella Calvete, hija de Miguel Calvete. El hallazgo de grandes sumas de dinero en efectivo en un operativo domiciliario motiv\u00f3 la salida la funcionaria, de acuerdo a la informaci\u00f3n confirmada por autoridades nacionales El caso ANDIS activ\u00f3 movimientos imprevistos en el Gobierno nacional y en el Ministerio de Econom\u00eda. Autoridades judiciales inspeccionaron&hellip;<\/p>\n","protected":false},"author":1,"featured_media":141208,"comment_status":"open","ping_status":"open","sticky":false,"template":"","format":"standard","meta":{"footnotes":""},"categories":[20,13],"tags":[29706,2450,23995,19269,3006,46252],"class_list":["post-141207","post","type-post","status-publish","format-standard","has-post-thumbnail","hentry","category-judiciales","category-politica","tag-andis","tag-diario-el-sindical","tag-indecom","tag-miguel-angel-calvete","tag-ministerio-de-economia","tag-ornella-calvete"],"_links":{"self":[{"href":"https:\/\/www.elsindical.com.ar\/notas\/wp-json\/wp\/v2\/posts\/141207","targetHints":{"allow":["GET"]}}],"collection":[{"href":"https:\/\/www.elsindical.com.ar\/notas\/wp-json\/wp\/v2\/posts"}],"about":[{"href":"https:\/\/www.elsindical.com.ar\/notas\/wp-json\/wp\/v2\/types\/post"}],"author":[{"embeddable":true,"href":"https:\/\/www.elsindical.com.ar\/notas\/wp-json\/wp\/v2\/users\/1"}],"replies":[{"embeddable":true,"href":"https:\/\/www.elsindical.com.ar\/notas\/wp-json\/wp\/v2\/comments?post=141207"}],"version-history":[{"count":1,"href":"https:\/\/www.elsindical.com.ar\/notas\/wp-json\/wp\/v2\/posts\/141207\/revisions"}],"predecessor-version":[{"id":141211,"href":"https:\/\/www.elsindical.com.ar\/notas\/wp-json\/wp\/v2\/posts\/141207\/revisions\/141211"}],"wp:featuredmedia":[{"embeddable":true,"href":"https:\/\/www.elsindical.com.ar\/notas\/wp-json\/wp\/v2\/media\/141208"}],"wp:attachment":[{"href":"https:\/\/www.elsindical.com.ar\/notas\/wp-json\/wp\/v2\/media?parent=141207"}],"wp:term":[{"taxonomy":"category","embeddable":true,"href":"https:\/\/www.elsindical.com.ar\/notas\/wp-json\/wp\/v2\/categories?post=141207"},{"taxonomy":"post_tag","embeddable":true,"href":"https:\/\/www.elsindical.com.ar\/notas\/wp-json\/wp\/v2\/tags?post=141207"}],"curies":[{"name":"wp","href":"https:\/\/api.w.org\/{rel}","templated":true}]}}