{"id":141153,"date":"2025-11-16T13:16:43","date_gmt":"2025-11-16T16:16:43","guid":{"rendered":"https:\/\/www.elsindical.com.ar\/notas\/?p=141153"},"modified":"2025-11-16T13:16:51","modified_gmt":"2025-11-16T16:16:51","slug":"avellaneda-212-aprehendidos-de-la-faccion-los-diablos-rojos-por-intimidacion-publica","status":"publish","type":"post","link":"https:\/\/www.elsindical.com.ar\/notas\/avellaneda-212-aprehendidos-de-la-faccion-los-diablos-rojos-por-intimidacion-publica\/","title":{"rendered":"Avellaneda: 212 aprehendidos de la facci\u00f3n Los Diablos Rojos por intimidaci\u00f3n p\u00fablica"},"content":{"rendered":"<div class=\"wp-block-image\">\n<figure class=\"aligncenter size-large\"><a href=\"https:\/\/www.elsindical.com.ar\/notas\/var\/www\/html\/notas\/wp-content\/uploads\/2025\/11\/Avellaneda-detencion-barras-Independiente-15-nov-25-1.jpeg\"><img loading=\"lazy\" decoding=\"async\" width=\"1024\" height=\"768\" src=\"https:\/\/www.elsindical.com.ar\/notas\/var\/www\/html\/notas\/wp-content\/uploads\/2025\/11\/Avellaneda-detencion-barras-Independiente-15-nov-25-1-1024x768.jpeg\" alt=\"\" class=\"wp-image-141154\" srcset=\"https:\/\/www.elsindical.com.ar\/notas\/var\/www\/html\/notas\/wp-content\/uploads\/2025\/11\/Avellaneda-detencion-barras-Independiente-15-nov-25-1-1024x768.jpeg 1024w, https:\/\/www.elsindical.com.ar\/notas\/var\/www\/html\/notas\/wp-content\/uploads\/2025\/11\/Avellaneda-detencion-barras-Independiente-15-nov-25-1-300x225.jpeg 300w, https:\/\/www.elsindical.com.ar\/notas\/var\/www\/html\/notas\/wp-content\/uploads\/2025\/11\/Avellaneda-detencion-barras-Independiente-15-nov-25-1-768x576.jpeg 768w, https:\/\/www.elsindical.com.ar\/notas\/var\/www\/html\/notas\/wp-content\/uploads\/2025\/11\/Avellaneda-detencion-barras-Independiente-15-nov-25-1.jpeg 1280w\" sizes=\"auto, (max-width: 1024px) 100vw, 1024px\" \/><\/a><\/figure>\n<\/div>\n\n\n<p>La Polic\u00eda Bonaerense, tras un trabajo de inteligencia y prevenci\u00f3n con la UFI 4 de Avellaneda y la supervisi\u00f3n de la Jefatura de Polic\u00eda a cargo del Comisario General Javier Carlos Villar, pudo evitar un enfrentamiento entre barras bravas de Independiente. lo que se considera un \u00e9xito, luego de sangrientos enfrentamientos en el f\u00fatbol.<\/p>\n\n\n\n<p>APREHENSI\u00d3N DE JEFE, LUGARTENIENTES (PABLO BEBOTE \u00c1LVAREZ, ALEJANDRO \u201cTERREMOTO\u201d CAI\u00d1O, LUCAS GAUTO) Y 212 INTEGRANTES DE LA FACCI\u00d3N DE C.A.I. \u201cLOS DIABLOS ROJOS\u201d POR INTIMIDACI\u00d3N P\u00daBLICA \u2013 RESISTENCIA A LA AUTORIDAD- SECUESTRO DE 20 BANDERAS ALEG\u00d3RICAS CON LOGO DIABLOS ROJOS y BARRACAS, TIRANTES Y TELONES, 94 PARAGUAS, 13 BOMBOS<\/p>\n\n\n\n<p>INTERVIENE: U.F.I. N\u00b004 Avellaneda-Lan\u00fas.<\/p>\n\n\n\n<p>EXTRACTO: Fecha y hora, en cumplimiento a O.S. 484\/25, en relaci\u00f3n al encuentro futbol\u00edstico a disputarse en la fecha entre los equipos Independiente de Avellaneda vs. Rosario Central por la liga local, en el estadio Libertadores de Am\u00e9rica, hab\u00edda cuenta que durante la semana PABLO BEBOTE AL \u00c1LVAREZ, viralizara videos mencionando que tomar\u00eda en este partido el control total de las tribunas del club, desafiando a la facci\u00f3n \u201coficial\u201d de \u201cJuani\u201d Lenczicki, a una batalla entre ambas facciones dentro del estadio o inmediaciones, por lo que se labr\u00f3 actuaciones con int. UFI nro. 4 de Avellaneda, por Av. de il\u00edcito.- Que atento a ello se realiz\u00f3 una ampliaci\u00f3n del servicio dispuesto en la fecha, observando el arribo al estadio local de aprox. 200 personas (facci\u00f3n de los Diablos Rojos) liderados por Bebote \u00c1lvarez, Alejandro Terremoto Cai\u00f1o, y Lucas Gauto, quienes se ubicaron en los siete puentes, copando el lugar donde se ubican y hacen ingreso los caracterizados oficiales liderados por \u201cJuani\u201d Lenczicki, desplegando una bandera que reza BARRACAS, presuntamente robada a los \u201coficiales\u201d e incitando a que la vayan a recuperar.- Ante la inminencia de un choque sangriento entre ambas facciones el titular de la UFI. 4 Dr. Zitto recaratula las actuaciones como INTIMIDACI\u00d3N P\u00daBLICA.- Seguidamente y a los fines de evitar dicho cruce se organiza un operativo y al solicitarles que se retiren del anillo de seguridad del servicio dispuesto, procediendo a la aprehensi\u00f3n de \u201cBebote ALVAREZ\u201d, dejado constancia que este posee derecho de admisi\u00f3n a concurrencia de eventos deportivos, sus dos lugartenientes \u201cTERREMOTO CAI\u00d1O\u201d y \u201cLUCAS GAUTO\u201d, como as\u00ed tambi\u00e9n a la aprehensi\u00f3n de 212 integrantes de la facci\u00f3n LOS DIABLOS ROJOS.- As\u00ed mismo en poder de los mismos se secuestra la bandera que reza BARRACAS, una de LOS DIABLOS ROJOS y 20 banderas, 20 tirantes y telones, 13 bombos, 94 paraguas.- A sabiendas del desplazamiento de la facci\u00f3n oficial desde barracas a Avellaneda se envi\u00f3 una comisi\u00f3n al l\u00edmite con CABA a los fines de retener dicha facci\u00f3n y evitar el cruce durante el operativo policial que se desarrollaba.-<\/p>\n\n\n\n<figure class=\"wp-block-embed is-type-video is-provider-youtube wp-block-embed-youtube wp-embed-aspect-16-9 wp-has-aspect-ratio\"><div class=\"wp-block-embed__wrapper\">\n<iframe loading=\"lazy\" title=\"Avellaneda 212 aprehendidos narras nravas por intimidaci\u00f3n p\u00fablica\" width=\"700\" height=\"394\" src=\"https:\/\/www.youtube.com\/embed\/vV82brR8QrU?feature=oembed\" frameborder=\"0\" allow=\"accelerometer; autoplay; clipboard-write; encrypted-media; gyroscope; picture-in-picture; web-share\" referrerpolicy=\"strict-origin-when-cross-origin\" allowfullscreen><\/iframe>\n<\/div><\/figure>\n\n\n\n<p><strong>Fuente: <a href=\"https:\/\/losbonaerenses.com.ar\/\">Los Bonaerenses<\/a><\/strong><\/p>\n","protected":false},"excerpt":{"rendered":"<p>La Polic\u00eda Bonaerense, tras un trabajo de inteligencia y prevenci\u00f3n con la UFI 4 de Avellaneda y la supervisi\u00f3n de la Jefatura de Polic\u00eda a cargo del Comisario General Javier Carlos Villar, pudo evitar un enfrentamiento entre barras bravas de Independiente. lo que se considera un \u00e9xito, luego de sangrientos enfrentamientos en el f\u00fatbol. APREHENSI\u00d3N&hellip;<\/p>\n","protected":false},"author":1,"featured_media":141154,"comment_status":"open","ping_status":"open","sticky":false,"template":"","format":"standard","meta":{"footnotes":""},"categories":[22],"tags":[46230,31047,461,8183,2450,2792,961,4449,42799,46231,11623,27905,16396,32005],"class_list":["post-141153","post","type-post","status-publish","format-standard","has-post-thumbnail","hentry","category-policiales","tag-alejandro-terremoto-caino","tag-aprehendidos","tag-avellaneda","tag-barras-bravas","tag-diario-el-sindical","tag-gad","tag-grupo-halcon","tag-independiente","tag-jefe-de-policia-comisario-general-javier-carlos-villar","tag-lucas-gauto","tag-ministerio-de-seguridad-bonaerense","tag-pablo-bbebote-alvarez","tag-pba","tag-utoi"],"_links":{"self":[{"href":"https:\/\/www.elsindical.com.ar\/notas\/wp-json\/wp\/v2\/posts\/141153","targetHints":{"allow":["GET"]}}],"collection":[{"href":"https:\/\/www.elsindical.com.ar\/notas\/wp-json\/wp\/v2\/posts"}],"about":[{"href":"https:\/\/www.elsindical.com.ar\/notas\/wp-json\/wp\/v2\/types\/post"}],"author":[{"embeddable":true,"href":"https:\/\/www.elsindical.com.ar\/notas\/wp-json\/wp\/v2\/users\/1"}],"replies":[{"embeddable":true,"href":"https:\/\/www.elsindical.com.ar\/notas\/wp-json\/wp\/v2\/comments?post=141153"}],"version-history":[{"count":1,"href":"https:\/\/www.elsindical.com.ar\/notas\/wp-json\/wp\/v2\/posts\/141153\/revisions"}],"predecessor-version":[{"id":141155,"href":"https:\/\/www.elsindical.com.ar\/notas\/wp-json\/wp\/v2\/posts\/141153\/revisions\/141155"}],"wp:featuredmedia":[{"embeddable":true,"href":"https:\/\/www.elsindical.com.ar\/notas\/wp-json\/wp\/v2\/media\/141154"}],"wp:attachment":[{"href":"https:\/\/www.elsindical.com.ar\/notas\/wp-json\/wp\/v2\/media?parent=141153"}],"wp:term":[{"taxonomy":"category","embeddable":true,"href":"https:\/\/www.elsindical.com.ar\/notas\/wp-json\/wp\/v2\/categories?post=141153"},{"taxonomy":"post_tag","embeddable":true,"href":"https:\/\/www.elsindical.com.ar\/notas\/wp-json\/wp\/v2\/tags?post=141153"}],"curies":[{"name":"wp","href":"https:\/\/api.w.org\/{rel}","templated":true}]}}