{"id":141117,"date":"2025-11-14T18:47:50","date_gmt":"2025-11-14T21:47:50","guid":{"rendered":"https:\/\/www.elsindical.com.ar\/notas\/?p=141117"},"modified":"2025-11-14T18:47:55","modified_gmt":"2025-11-14T21:47:55","slug":"el-acuerdo-comercial-farmaceutico-genero-reacciones-divididas-en-la-industria-argentina","status":"publish","type":"post","link":"https:\/\/www.elsindical.com.ar\/notas\/el-acuerdo-comercial-farmaceutico-genero-reacciones-divididas-en-la-industria-argentina\/","title":{"rendered":"El acuerdo comercial farmac\u00e9utico gener\u00f3 reacciones divididas en la industria argentina"},"content":{"rendered":"<div class=\"wp-block-image\">\n<figure class=\"aligncenter size-full is-resized\"><a href=\"https:\/\/www.elsindical.com.ar\/notas\/var\/www\/html\/notas\/wp-content\/uploads\/2025\/11\/farmacia-laboratorio.jpg\"><img loading=\"lazy\" decoding=\"async\" width=\"500\" height=\"374\" src=\"https:\/\/www.elsindical.com.ar\/notas\/var\/www\/html\/notas\/wp-content\/uploads\/2025\/11\/farmacia-laboratorio.jpg\" alt=\"\" class=\"wp-image-141118\" style=\"width:558px;height:auto\" srcset=\"https:\/\/www.elsindical.com.ar\/notas\/var\/www\/html\/notas\/wp-content\/uploads\/2025\/11\/farmacia-laboratorio.jpg 500w, https:\/\/www.elsindical.com.ar\/notas\/var\/www\/html\/notas\/wp-content\/uploads\/2025\/11\/farmacia-laboratorio-300x224.jpg 300w\" sizes=\"auto, (max-width: 500px) 100vw, 500px\" \/><\/a><\/figure>\n<\/div>\n\n\n<p class=\"wp-block-paragraph\">Las c\u00e1maras del sector mostraron posturas encontradas tras el anuncio del acuerdo entre Estados Unidos y Argentina, que facilit\u00f3 la importaci\u00f3n de medicamentos y patentes. Mientras algunas entidades celebraron el acceso a certificaciones FDA, otras advirtieron sobre la necesidad de una propiedad intelectual equilibrada.<\/p>\n\n\n\n<p class=\"wp-block-paragraph\">La industria farmac\u00e9utica local tuvo una reacci\u00f3n dispar frente al nuevo acuerdo comercial farmac\u00e9utico entre Argentina y Estados Unidos, que habilit\u00f3 un esquema m\u00e1s \u00e1gil para la importaci\u00f3n de medicamentos y patentes. <strong>El convenio estableci\u00f3 que la ANMAT aceptar\u00eda certificaciones de la FDA para aprobar f\u00e1rmacos y dispositivos m\u00e9dicos, adem\u00e1s de incorporar cambios sobre los criterios de patentabilidad.<\/strong><\/p>\n\n\n\n<p class=\"wp-block-paragraph\">Seg\u00fan inform\u00f3 la Embajada de Estados Unidos, Argentina aceptar\u00eda \u201ccertificados de la FDA y autorizaciones previas de comercializaci\u00f3n\u201d, adem\u00e1s de brindar \u201cacceso preferencial al mercado\u201d para ciertos medicamentos estadounidenses. <strong>El entendimiento tambi\u00e9n incluy\u00f3 compromisos para mejorar los est\u00e1ndares de propiedad intelectual y reducir las demoras en el otorgamiento de patentes<\/strong>.<\/p>\n\n\n\n<p class=\"wp-block-paragraph\"><strong>La C\u00e1mara Industrial de Laboratorios Farmac\u00e9uticos Argentinos (CILFA)<\/strong> adopt\u00f3 una postura cautelosa y se\u00f1al\u00f3 que a\u00fan no era posible medir el impacto real hasta conocer el texto final del acuerdo. La entidad sostuvo que apoyaba un marco comercial que promoviera la competencia y mejorara el acceso a medicamentos, aunque insisti\u00f3 en la importancia de garantizar una \u201cpropiedad intelectual balanceada\u201d.<\/p>\n\n\n\n<p class=\"wp-block-paragraph\">En contraste, <strong>la C\u00e1mara Argentina de Especialidades Medicinales (CAEME), que agrupa a laboratorios extranjeros,<\/strong> celebr\u00f3 el anuncio y destac\u00f3 que la validaci\u00f3n de est\u00e1ndares FDA agilizar\u00eda los procesos y facilitar\u00eda la llegada de innovaciones al mercado. La organizaci\u00f3n tambi\u00e9n valor\u00f3 las se\u00f1ales de ambos gobiernos para fortalecer el sistema de propiedad intelectual, al que consider\u00f3 un pilar para las industrias basadas en el conocimiento.<\/p>\n","protected":false},"excerpt":{"rendered":"<p>Las c\u00e1maras del sector mostraron posturas encontradas tras el anuncio del acuerdo entre Estados Unidos y Argentina, que facilit\u00f3 la importaci\u00f3n de medicamentos y patentes. Mientras algunas entidades celebraron el acceso a certificaciones FDA, otras advirtieron sobre la necesidad de una propiedad intelectual equilibrada. La industria farmac\u00e9utica local tuvo una reacci\u00f3n dispar frente al nuevo&hellip;<\/p>\n","protected":false},"author":1,"featured_media":141118,"comment_status":"open","ping_status":"open","sticky":false,"template":"","format":"standard","meta":{"footnotes":""},"categories":[13,23],"tags":[1394,7842,2450,10593,22031],"class_list":["post-141117","post","type-post","status-publish","format-standard","has-post-thumbnail","hentry","category-politica","category-salud","tag-anmat","tag-cilfa","tag-diario-el-sindical","tag-fda","tag-salud"],"_links":{"self":[{"href":"https:\/\/www.elsindical.com.ar\/notas\/wp-json\/wp\/v2\/posts\/141117","targetHints":{"allow":["GET"]}}],"collection":[{"href":"https:\/\/www.elsindical.com.ar\/notas\/wp-json\/wp\/v2\/posts"}],"about":[{"href":"https:\/\/www.elsindical.com.ar\/notas\/wp-json\/wp\/v2\/types\/post"}],"author":[{"embeddable":true,"href":"https:\/\/www.elsindical.com.ar\/notas\/wp-json\/wp\/v2\/users\/1"}],"replies":[{"embeddable":true,"href":"https:\/\/www.elsindical.com.ar\/notas\/wp-json\/wp\/v2\/comments?post=141117"}],"version-history":[{"count":1,"href":"https:\/\/www.elsindical.com.ar\/notas\/wp-json\/wp\/v2\/posts\/141117\/revisions"}],"predecessor-version":[{"id":141119,"href":"https:\/\/www.elsindical.com.ar\/notas\/wp-json\/wp\/v2\/posts\/141117\/revisions\/141119"}],"wp:featuredmedia":[{"embeddable":true,"href":"https:\/\/www.elsindical.com.ar\/notas\/wp-json\/wp\/v2\/media\/141118"}],"wp:attachment":[{"href":"https:\/\/www.elsindical.com.ar\/notas\/wp-json\/wp\/v2\/media?parent=141117"}],"wp:term":[{"taxonomy":"category","embeddable":true,"href":"https:\/\/www.elsindical.com.ar\/notas\/wp-json\/wp\/v2\/categories?post=141117"},{"taxonomy":"post_tag","embeddable":true,"href":"https:\/\/www.elsindical.com.ar\/notas\/wp-json\/wp\/v2\/tags?post=141117"}],"curies":[{"name":"wp","href":"https:\/\/api.w.org\/{rel}","templated":true}]}}