{"id":141014,"date":"2025-11-07T21:10:55","date_gmt":"2025-11-08T00:10:55","guid":{"rendered":"https:\/\/www.elsindical.com.ar\/notas\/?p=141014"},"modified":"2025-11-07T21:11:03","modified_gmt":"2025-11-08T00:11:03","slug":"quilmes-concejal-kirchnerista-denuncio-penalmente-a-la-campora-local","status":"publish","type":"post","link":"https:\/\/www.elsindical.com.ar\/notas\/quilmes-concejal-kirchnerista-denuncio-penalmente-a-la-campora-local\/","title":{"rendered":"Quilmes: Concejal kirchnerista denunci\u00f3 penalmente a La C\u00e1mpora local"},"content":{"rendered":"<div class=\"wp-block-image\">\n<figure class=\"aligncenter size-full\"><a href=\"https:\/\/www.elsindical.com.ar\/notas\/var\/www\/html\/notas\/wp-content\/uploads\/2025\/11\/Ariel-Burtoli-denuncia-penal-1.jpg\"><img loading=\"lazy\" decoding=\"async\" width=\"500\" height=\"631\" src=\"https:\/\/www.elsindical.com.ar\/notas\/var\/www\/html\/notas\/wp-content\/uploads\/2025\/11\/Ariel-Burtoli-denuncia-penal-1.jpg\" alt=\"\" class=\"wp-image-141015\" srcset=\"https:\/\/www.elsindical.com.ar\/notas\/var\/www\/html\/notas\/wp-content\/uploads\/2025\/11\/Ariel-Burtoli-denuncia-penal-1.jpg 500w, https:\/\/www.elsindical.com.ar\/notas\/var\/www\/html\/notas\/wp-content\/uploads\/2025\/11\/Ariel-Burtoli-denuncia-penal-1-238x300.jpg 238w\" sizes=\"auto, (max-width: 500px) 100vw, 500px\" \/><\/a><\/figure>\n<\/div>\n\n\n<p>Concejal kirchnerista de Quilmes denunci\u00f3 penalmente a dos integrantes del movimiento \u00abLa Campora\u00bb, cuya jefa local es la intendente Mayra Mendoza.<\/p>\n\n\n\n<p>A trav\u00e9s de un comunicado recientemente emitido, el edil Ariel Burtoli, quien desde hace casi dos a\u00f1os cuando decidi\u00f3 alejarse del sector que maneja la intendente Mendoza, viene sufriendo amenazas hacia su persona, y hacia su familia.<\/p>\n\n\n\n<p>Burtoli hoy trabaja pol\u00edticamente junto al intendente de Avellaneda, Jorge Ferraresi, y apoya la gesti\u00f3n del gobernador Axel Kicillof, quien mantiene diferencias notables con la jefa comunal quilme\u00f1a.<\/p>\n\n\n\n<p>La denuncia fue presentada ante los Tribunales Penales de Quilmes, por el reconocido abogado penalista Dr. Hugo Rub\u00e9n Icazati.<\/p>\n\n\n\n<figure class=\"wp-block-gallery has-nested-images columns-default is-cropped wp-block-gallery-1 is-layout-flex wp-block-gallery-is-layout-flex\">\n<figure class=\"wp-block-image size-large\"><a href=\"https:\/\/www.elsindical.com.ar\/notas\/var\/www\/html\/notas\/wp-content\/uploads\/2025\/11\/Ariel-Burtoli-denuncia-penal-3.jpg\"><img loading=\"lazy\" decoding=\"async\" width=\"500\" height=\"737\" data-id=\"141016\" src=\"https:\/\/www.elsindical.com.ar\/notas\/var\/www\/html\/notas\/wp-content\/uploads\/2025\/11\/Ariel-Burtoli-denuncia-penal-3.jpg\" alt=\"\" class=\"wp-image-141016\" srcset=\"https:\/\/www.elsindical.com.ar\/notas\/var\/www\/html\/notas\/wp-content\/uploads\/2025\/11\/Ariel-Burtoli-denuncia-penal-3.jpg 500w, https:\/\/www.elsindical.com.ar\/notas\/var\/www\/html\/notas\/wp-content\/uploads\/2025\/11\/Ariel-Burtoli-denuncia-penal-3-204x300.jpg 204w\" sizes=\"auto, (max-width: 500px) 100vw, 500px\" \/><\/a><\/figure>\n\n\n\n<figure class=\"wp-block-image size-large\"><a href=\"https:\/\/www.elsindical.com.ar\/notas\/var\/www\/html\/notas\/wp-content\/uploads\/2025\/11\/Ariel-Burtoli-denuncia-penal-2.jpg\"><img loading=\"lazy\" decoding=\"async\" width=\"724\" height=\"1024\" data-id=\"141017\" src=\"https:\/\/www.elsindical.com.ar\/notas\/var\/www\/html\/notas\/wp-content\/uploads\/2025\/11\/Ariel-Burtoli-denuncia-penal-2-724x1024.jpg\" alt=\"\" class=\"wp-image-141017\" srcset=\"https:\/\/www.elsindical.com.ar\/notas\/var\/www\/html\/notas\/wp-content\/uploads\/2025\/11\/Ariel-Burtoli-denuncia-penal-2-724x1024.jpg 724w, https:\/\/www.elsindical.com.ar\/notas\/var\/www\/html\/notas\/wp-content\/uploads\/2025\/11\/Ariel-Burtoli-denuncia-penal-2-212x300.jpg 212w, https:\/\/www.elsindical.com.ar\/notas\/var\/www\/html\/notas\/wp-content\/uploads\/2025\/11\/Ariel-Burtoli-denuncia-penal-2-768x1086.jpg 768w, https:\/\/www.elsindical.com.ar\/notas\/var\/www\/html\/notas\/wp-content\/uploads\/2025\/11\/Ariel-Burtoli-denuncia-penal-2.jpg 800w\" sizes=\"auto, (max-width: 724px) 100vw, 724px\" \/><\/a><\/figure>\n<\/figure>\n","protected":false},"excerpt":{"rendered":"<p>Concejal kirchnerista de Quilmes denunci\u00f3 penalmente a dos integrantes del movimiento \u00abLa Campora\u00bb, cuya jefa local es la intendente Mayra Mendoza. A trav\u00e9s de un comunicado recientemente emitido, el edil Ariel Burtoli, quien desde hace casi dos a\u00f1os cuando decidi\u00f3 alejarse del sector que maneja la intendente Mendoza, viene sufriendo amenazas hacia su persona, y&hellip;<\/p>\n","protected":false},"author":1,"featured_media":141015,"comment_status":"open","ping_status":"open","sticky":false,"template":"","format":"standard","meta":{"footnotes":""},"categories":[6,13],"tags":[37266,13798,175,2450,1062,7669,31234,684],"class_list":["post-141014","post","type-post","status-publish","format-standard","has-post-thumbnail","hentry","category-denuncias","category-politica","tag-ariel-burtoli","tag-axel-kicillof","tag-denuncia","tag-diario-el-sindical","tag-jorge-ferraresi","tag-la-campora","tag-mayra-mendoza","tag-quilmes"],"_links":{"self":[{"href":"https:\/\/www.elsindical.com.ar\/notas\/wp-json\/wp\/v2\/posts\/141014","targetHints":{"allow":["GET"]}}],"collection":[{"href":"https:\/\/www.elsindical.com.ar\/notas\/wp-json\/wp\/v2\/posts"}],"about":[{"href":"https:\/\/www.elsindical.com.ar\/notas\/wp-json\/wp\/v2\/types\/post"}],"author":[{"embeddable":true,"href":"https:\/\/www.elsindical.com.ar\/notas\/wp-json\/wp\/v2\/users\/1"}],"replies":[{"embeddable":true,"href":"https:\/\/www.elsindical.com.ar\/notas\/wp-json\/wp\/v2\/comments?post=141014"}],"version-history":[{"count":1,"href":"https:\/\/www.elsindical.com.ar\/notas\/wp-json\/wp\/v2\/posts\/141014\/revisions"}],"predecessor-version":[{"id":141018,"href":"https:\/\/www.elsindical.com.ar\/notas\/wp-json\/wp\/v2\/posts\/141014\/revisions\/141018"}],"wp:featuredmedia":[{"embeddable":true,"href":"https:\/\/www.elsindical.com.ar\/notas\/wp-json\/wp\/v2\/media\/141015"}],"wp:attachment":[{"href":"https:\/\/www.elsindical.com.ar\/notas\/wp-json\/wp\/v2\/media?parent=141014"}],"wp:term":[{"taxonomy":"category","embeddable":true,"href":"https:\/\/www.elsindical.com.ar\/notas\/wp-json\/wp\/v2\/categories?post=141014"},{"taxonomy":"post_tag","embeddable":true,"href":"https:\/\/www.elsindical.com.ar\/notas\/wp-json\/wp\/v2\/tags?post=141014"}],"curies":[{"name":"wp","href":"https:\/\/api.w.org\/{rel}","templated":true}]}}