{"id":141002,"date":"2025-11-06T22:40:26","date_gmt":"2025-11-07T01:40:26","guid":{"rendered":"https:\/\/www.elsindical.com.ar\/notas\/?p=141002"},"modified":"2025-11-06T22:40:47","modified_gmt":"2025-11-07T01:40:47","slug":"le-suspendieron-la-licencia-a-la-joven-que-fue-golpeada-por-un-jubilado-tras-estacionar-en-su-garaje","status":"publish","type":"post","link":"https:\/\/www.elsindical.com.ar\/notas\/le-suspendieron-la-licencia-a-la-joven-que-fue-golpeada-por-un-jubilado-tras-estacionar-en-su-garaje\/","title":{"rendered":"Le suspendieron la licencia a la joven que fue golpeada por un jubilado tras estacionar en su garaje"},"content":{"rendered":"<div class=\"wp-block-image\">\n<figure class=\"aligncenter size-full\"><a href=\"https:\/\/www.elsindical.com.ar\/notas\/var\/www\/html\/notas\/wp-content\/uploads\/2025\/11\/Agustina-Robledo.jpg\"><img loading=\"lazy\" decoding=\"async\" width=\"700\" height=\"426\" src=\"https:\/\/www.elsindical.com.ar\/notas\/var\/www\/html\/notas\/wp-content\/uploads\/2025\/11\/Agustina-Robledo.jpg\" alt=\"\" class=\"wp-image-141003\" srcset=\"https:\/\/www.elsindical.com.ar\/notas\/var\/www\/html\/notas\/wp-content\/uploads\/2025\/11\/Agustina-Robledo.jpg 700w, https:\/\/www.elsindical.com.ar\/notas\/var\/www\/html\/notas\/wp-content\/uploads\/2025\/11\/Agustina-Robledo-300x183.jpg 300w\" sizes=\"auto, (max-width: 700px) 100vw, 700px\" \/><\/a><\/figure>\n<\/div>\n\n\n<p>La Agencia Nacional de Seguridad Vial advirti\u00f3 que la sanci\u00f3n a Agustina Robledo \u201cno tiene relaci\u00f3n con el hecho de violencia que sufri\u00f3\u201d. La medida se debe a que descubrieron que se grababa con el celular mientras manejaba a toda velocidad.<\/p>\n\n\n\n<p>Agustina Robledo, la joven que denunci\u00f3 a un jubilado por golpearla tras dejar el auto mal estacionado en el ingreso de su garaje, fue delatada por tercerosque dieron detalles sobre su conducta al volante. Como resultado, la Agencia Nacional de Seguridad Vial (ANSV) le <strong>suspendi\u00f3 la licencia de conducir debido a una \u201cconducta temeraria\u201d<\/strong>.<\/p>\n\n\n\n<p>Adem\u00e1s, gracias a la difusi\u00f3n de la agresi\u00f3n en los medios, los funcionarios de la ANSV descubrieron que el auto de Robledo <strong>no tiene patente trasera<\/strong>, lo que implica \u201cotra infracci\u00f3n grave\u201d.<\/p>\n\n\n\n<p>De acuerdo con lo se\u00f1alado en el parte al que <strong>TN <\/strong>tuvo acceso, \u201cen las redes, la conductora (por Robledo) <strong>se mostraba manejando a m\u00e1s de 150 kil\u00f3metros por hora<\/strong> y film\u00e1ndose al mismo tiempo, como si fuera un logro\u00bb.<\/p>\n\n\n\n<p>Si bien el organismo aclar\u00f3 que esta sanci\u00f3n<strong> \u201cno tiene relaci\u00f3n con el hecho de violencia que sufri\u00f3\u201d <\/strong>este jueves, s\u00ed remarc\u00f3 que la medida se tom\u00f3 por las \u201cim\u00e1genes que exhiben su conducta peligrosa al volante\u201d.<\/p>\n\n\n\n<p>Con la alta exposici\u00f3n que tuvo Agustina por el altercado con el due\u00f1o de la casa donde estacion\u00f3, varias personas entraron a sus redes sociales y descubrieron que suele compartir contenido que hace dentro de su auto. En muchas de las im\u00e1genes, se observa que su veh\u00edculo est\u00e1 en movimiento cuando ella mira a la c\u00e1mara del celular.<\/p>\n\n\n\n<p>En consecuencia, la ANSV recibi\u00f3 \u201cvarias denuncias ciudadanas sobre su conducta vial\u201d y el organismo \u201cla identific\u00f3 y pidi\u00f3 la inhabilitaci\u00f3n de su Licencia Nacional de Conducir <strong>por poner en riesgo a terceros<\/strong>\u201c.<\/p>\n\n\n\n<p>En el comunicado, se indica que la chica ser\u00e1 notificada por la jurisdicci\u00f3n donde se emiti\u00f3 su licencia y deber\u00e1 ser evaluada luego \u201cpara demostrar que puede conducir sin representar un peligro en las calles\u201d.<\/p>\n\n\n\n<h2 class=\"wp-block-heading\">C\u00f3mo ocurri\u00f3 el altercado en Villa del Parque<\/h2>\n\n\n\n<p>Un <strong>jubilado le peg\u00f3 una trompada en la cara a la joven de 23 a\u00f1os <\/strong>tras acusarla de<strong> haber dejado el auto mal estacionado en el ingreso de su garaje<\/strong>. En di\u00e1logo con<em> El Trece<\/em>, la v\u00edctima cont\u00f3 los detalles del episodio ocurrido durante la tarde de este mi\u00e9rcoles en el barrio porte\u00f1o de Villa del Parque.<\/p>\n\n\n\n<p>Yo iba a estar 10 minutos en mi casa. Llegaba de trabajar y me iba a entrenar. Empec\u00e9 a escuchar. <strong>Le estaba pegando con la bolsa de basura y veo que le pega una patada a la puerta del acompa\u00f1ante<\/strong>\u201d, revel\u00f3 Agustina.<\/p>\n\n\n\n<p>Seg\u00fan su relato, el agresor, que tambi\u00e9n es su vecino, dijo que \u201cno pod\u00eda salir\u201d. Como la secuencia se torn\u00f3 violenta, la chicalo amenaz\u00f3 con llamar a la polic\u00eda: \u201c<strong>Ah\u00ed me meti\u00f3 una pi\u00f1a, ten\u00eda la llave entre los dedos y eso hizo que me cortara el labio<\/strong>\u201d, indic\u00f3.<\/p>\n\n\n\n<p>La joven hab\u00eda filmado toda la secuencia con su celular y <strong>en el video se observa el momento exacto en el que el hombre la golpea.<\/strong> Agustina cont\u00f3 que despu\u00e9s de la agresi\u00f3n la pareja del agresor le pidi\u00f3 que \u00ab<strong>no haga quilombo porque no estaba pasando nada<\/strong>\u201c.<\/p>\n\n\n\n<p>Ella, de todos modos, llam\u00f3 a la polic\u00eda, pero los agentes le dijeron que \u201cno pod\u00edan sacarlo de la casa porque era una persona mayor\u201d. Horas despu\u00e9s, el fiscal dio la orden de que se lo llevaran en un patrullero. \u201c<strong>Como \u00e9l dijo que ten\u00eda seis stents, se lo llevaron internado <\/strong>y yo fui a hacer la denuncia\u201d, relat\u00f3.<\/p>\n","protected":false},"excerpt":{"rendered":"<p>La Agencia Nacional de Seguridad Vial advirti\u00f3 que la sanci\u00f3n a Agustina Robledo \u201cno tiene relaci\u00f3n con el hecho de violencia que sufri\u00f3\u201d. La medida se debe a que descubrieron que se grababa con el celular mientras manejaba a toda velocidad. Agustina Robledo, la joven que denunci\u00f3 a un jubilado por golpearla tras dejar el&hellip;<\/p>\n","protected":false},"author":1,"featured_media":141003,"comment_status":"open","ping_status":"open","sticky":false,"template":"","format":"standard","meta":{"footnotes":""},"categories":[25],"tags":[46181,36069,46182,175,2450,13224,2435],"class_list":["post-141002","post","type-post","status-publish","format-standard","has-post-thumbnail","hentry","category-sociedad","tag-agustina-robledo","tag-ansv","tag-conduccion-temeraria","tag-denuncia","tag-diario-el-sindical","tag-licencia-de-conducir","tag-villa-del-parque"],"_links":{"self":[{"href":"https:\/\/www.elsindical.com.ar\/notas\/wp-json\/wp\/v2\/posts\/141002","targetHints":{"allow":["GET"]}}],"collection":[{"href":"https:\/\/www.elsindical.com.ar\/notas\/wp-json\/wp\/v2\/posts"}],"about":[{"href":"https:\/\/www.elsindical.com.ar\/notas\/wp-json\/wp\/v2\/types\/post"}],"author":[{"embeddable":true,"href":"https:\/\/www.elsindical.com.ar\/notas\/wp-json\/wp\/v2\/users\/1"}],"replies":[{"embeddable":true,"href":"https:\/\/www.elsindical.com.ar\/notas\/wp-json\/wp\/v2\/comments?post=141002"}],"version-history":[{"count":1,"href":"https:\/\/www.elsindical.com.ar\/notas\/wp-json\/wp\/v2\/posts\/141002\/revisions"}],"predecessor-version":[{"id":141004,"href":"https:\/\/www.elsindical.com.ar\/notas\/wp-json\/wp\/v2\/posts\/141002\/revisions\/141004"}],"wp:featuredmedia":[{"embeddable":true,"href":"https:\/\/www.elsindical.com.ar\/notas\/wp-json\/wp\/v2\/media\/141003"}],"wp:attachment":[{"href":"https:\/\/www.elsindical.com.ar\/notas\/wp-json\/wp\/v2\/media?parent=141002"}],"wp:term":[{"taxonomy":"category","embeddable":true,"href":"https:\/\/www.elsindical.com.ar\/notas\/wp-json\/wp\/v2\/categories?post=141002"},{"taxonomy":"post_tag","embeddable":true,"href":"https:\/\/www.elsindical.com.ar\/notas\/wp-json\/wp\/v2\/tags?post=141002"}],"curies":[{"name":"wp","href":"https:\/\/api.w.org\/{rel}","templated":true}]}}