{"id":14100,"date":"2011-05-08T12:16:40","date_gmt":"2011-05-08T15:16:40","guid":{"rendered":"http:\/\/www.elsindical.com.ar\/notas\/?p=14100"},"modified":"2011-05-08T12:16:40","modified_gmt":"2011-05-08T15:16:40","slug":"la-tarifa-de-los-garages-aumento-un-30","status":"publish","type":"post","link":"https:\/\/www.elsindical.com.ar\/notas\/la-tarifa-de-los-garages-aumento-un-30\/","title":{"rendered":"La tarifa de los garages aument\u00f3 un 30%"},"content":{"rendered":"<p style=\"text-align: justify;\"><em><a href=\"http:\/\/www.elsindical.com.ar\/notas\/var\/www\/html\/notas\/wp-content\/uploads\/2010\/02\/estacionamiento-autos.jpg\"><img loading=\"lazy\" decoding=\"async\" class=\"alignleft size-full wp-image-3561\" title=\"estacionamiento-autos\" src=\"http:\/\/www.elsindical.com.ar\/notas\/var\/www\/html\/notas\/wp-content\/uploads\/2010\/02\/estacionamiento-autos.jpg\" alt=\"\" width=\"227\" height=\"170\" \/><\/a>Estacionar en Capital Federal costar\u00e1 a partir de este mes <strong>hasta 20 pesos la hora<\/strong>. El incremento en las tarifas de las cocheras, que adjudican al <strong>aumento de sueldos de los empleados, rondar\u00e1 el\u00a030%.<\/strong><\/em><\/p>\n<p style=\"text-align: justify;\">El presidente de la C\u00e1mara de Garajes y Estacionamientos (AGES) confirm\u00f3 que este a\u00f1o \u00abhabr\u00e1 un incremento de aproximadamente el 30%\u00bb en el precio de las cocheras, que comienza a regir en mayo.<\/p>\n<p style=\"text-align: justify;\">El sector argumenta que dicha medida responde \u00abal <strong>incremento del 33% en los sueldos de los empleados de las cocheras<\/strong>\u00ab, y sostienen que ser\u00e1 implementada de manera paulatina.<\/p>\n<p style=\"text-align: justify;\">Seg\u00fan\u00a0inform\u00f3 un matutino, \u00abla playa de estacionamiento al aire libre de <strong>C\u00f3rdoba al 400<\/strong> aument\u00f3 el <strong>precio de la hora de 13,5 a 15 pesos<\/strong>. El <strong>Garaje Viamonte<\/strong> aument\u00f3 <strong>de 12 a 14 pesos la hora<\/strong>.\u00bb En tanto, la cochera de cuatro subsuelos en <strong>C\u00f3rdoba entre Maip\u00fa y Florida<\/strong>, \u00absubi\u00f3 el precio por hora a <strong>$13,20 cuando a principios de a\u00f1o costaba un 10% menos<\/strong>\u00ab.<\/p>\n<p style=\"text-align: justify;\">No obstante, en algunos casos los due\u00f1os de los garajes se vieron impulsados a mantener la tarifa, ya que se vieron perjudicados por los carriles exclusivos, como es el caso de la cochera de <strong>C\u00f3rdoba y Av. San Mart\u00edn<\/strong>.<\/p>\n<p style=\"text-align: justify;\">Recoleta es el barrio en donde m\u00e1s notorio se hizo el aumento. Los estacionamientos ubicados en torno al Hospital Alem\u00e1n, por ejemplo, aprovechando su cercan\u00eda llegaron a <strong>aumentar la tarifa de $15 a $19,50 la hora<\/strong>.<\/p>\n","protected":false},"excerpt":{"rendered":"<p>Estacionar en Capital Federal costar\u00e1 a partir de este mes hasta 20 pesos la hora. El incremento en las tarifas de las cocheras, que adjudican al aumento de sueldos de los empleados, rondar\u00e1 el\u00a030%. El presidente de la C\u00e1mara de Garajes y Estacionamientos (AGES) confirm\u00f3 que este a\u00f1o \u00abhabr\u00e1 un incremento de aproximadamente el 30%\u00bb&hellip;<\/p>\n","protected":false},"author":1,"featured_media":0,"comment_status":"open","ping_status":"open","sticky":false,"template":"","format":"standard","meta":{"footnotes":""},"categories":[9],"tags":[357,296,6804,373],"class_list":["post-14100","post","type-post","status-publish","format-standard","hentry","category-economia","tag-aumento","tag-capital-federal","tag-garages","tag-tarifas"],"_links":{"self":[{"href":"https:\/\/www.elsindical.com.ar\/notas\/wp-json\/wp\/v2\/posts\/14100","targetHints":{"allow":["GET"]}}],"collection":[{"href":"https:\/\/www.elsindical.com.ar\/notas\/wp-json\/wp\/v2\/posts"}],"about":[{"href":"https:\/\/www.elsindical.com.ar\/notas\/wp-json\/wp\/v2\/types\/post"}],"author":[{"embeddable":true,"href":"https:\/\/www.elsindical.com.ar\/notas\/wp-json\/wp\/v2\/users\/1"}],"replies":[{"embeddable":true,"href":"https:\/\/www.elsindical.com.ar\/notas\/wp-json\/wp\/v2\/comments?post=14100"}],"version-history":[{"count":1,"href":"https:\/\/www.elsindical.com.ar\/notas\/wp-json\/wp\/v2\/posts\/14100\/revisions"}],"predecessor-version":[{"id":14101,"href":"https:\/\/www.elsindical.com.ar\/notas\/wp-json\/wp\/v2\/posts\/14100\/revisions\/14101"}],"wp:attachment":[{"href":"https:\/\/www.elsindical.com.ar\/notas\/wp-json\/wp\/v2\/media?parent=14100"}],"wp:term":[{"taxonomy":"category","embeddable":true,"href":"https:\/\/www.elsindical.com.ar\/notas\/wp-json\/wp\/v2\/categories?post=14100"},{"taxonomy":"post_tag","embeddable":true,"href":"https:\/\/www.elsindical.com.ar\/notas\/wp-json\/wp\/v2\/tags?post=14100"}],"curies":[{"name":"wp","href":"https:\/\/api.w.org\/{rel}","templated":true}]}}