{"id":140992,"date":"2025-11-06T10:55:51","date_gmt":"2025-11-06T13:55:51","guid":{"rendered":"https:\/\/www.elsindical.com.ar\/notas\/?p=140992"},"modified":"2025-11-06T10:55:58","modified_gmt":"2025-11-06T13:55:58","slug":"la-cgt-renovo-su-conduccion-y-ratifico-el-modelo-de-triunvirato","status":"publish","type":"post","link":"https:\/\/www.elsindical.com.ar\/notas\/la-cgt-renovo-su-conduccion-y-ratifico-el-modelo-de-triunvirato\/","title":{"rendered":"La CGT renov\u00f3 su conducci\u00f3n y ratific\u00f3 el modelo de triunvirato"},"content":{"rendered":"<div class=\"wp-block-image\">\n<figure class=\"aligncenter size-full\"><a href=\"https:\/\/www.elsindical.com.ar\/notas\/var\/www\/html\/notas\/wp-content\/uploads\/2025\/11\/CGT-octubre-2025.jpg\"><img loading=\"lazy\" decoding=\"async\" width=\"700\" height=\"394\" src=\"https:\/\/www.elsindical.com.ar\/notas\/var\/www\/html\/notas\/wp-content\/uploads\/2025\/11\/CGT-octubre-2025.jpg\" alt=\"\" class=\"wp-image-140993\" srcset=\"https:\/\/www.elsindical.com.ar\/notas\/var\/www\/html\/notas\/wp-content\/uploads\/2025\/11\/CGT-octubre-2025.jpg 700w, https:\/\/www.elsindical.com.ar\/notas\/var\/www\/html\/notas\/wp-content\/uploads\/2025\/11\/CGT-octubre-2025-300x169.jpg 300w, https:\/\/www.elsindical.com.ar\/notas\/var\/www\/html\/notas\/wp-content\/uploads\/2025\/11\/CGT-octubre-2025-460x260.jpg 460w\" sizes=\"auto, (max-width: 700px) 100vw, 700px\" \/><\/a><\/figure>\n<\/div>\n\n\n<p class=\"wp-block-paragraph\">La <strong>Confederaci\u00f3n General del Trabajo (CGT)<\/strong> eligi\u00f3 a su nueva conducci\u00f3n durante el congreso realizado este mi\u00e9rcoles, y decidi\u00f3 mantener el esquema de <strong>triunvirato<\/strong> en lugar de regresar a un liderazgo unipersonal. Los nuevos secretarios generales ser\u00e1n <strong>Jorge Sola<\/strong> (Seguros), <strong>Cristian Jer\u00f3nimo<\/strong> (Vidrio) y <strong>Octavio Arg\u00fcello<\/strong> (Camioneros), quienes encabezar\u00e1n la organizaci\u00f3n durante el pr\u00f3ximo cuatrienio.<\/p>\n\n\n\n<p class=\"wp-block-paragraph\">El plenario logr\u00f3 sellar un <strong>acuerdo de unidad<\/strong> entre los distintos sectores sindicales, evitando la fragmentaci\u00f3n que amenazaba la continuidad del bloque mayoritario. La propuesta de retornar al modelo de un solo secretario general \u2014impulsada por <strong>Luis Barrionuevo<\/strong> y <strong>Roberto Fern\u00e1ndez<\/strong>\u2014 no prosper\u00f3, lo que llev\u00f3 a ambos dirigentes a retirarse del congreso antes de la votaci\u00f3n.<\/p>\n\n\n\n<h3 class=\"wp-block-heading\">Unidad y mensaje pol\u00edtico<\/h3>\n\n\n\n<p class=\"wp-block-paragraph\">Durante la apertura del encuentro, el dirigente de Obras Sanitarias <strong>Oscar Lingeri<\/strong> pronunci\u00f3 un discurso en el que subray\u00f3 la identidad pol\u00edtica del movimiento. \u201c<strong>No somos kukas ni comunistas, somos peronistas<\/strong>\u201d, afirm\u00f3 ante los delegados, en un mensaje que busc\u00f3 marcar distancia de las disputas partidarias y reforzar el perfil hist\u00f3rico de la central.<\/p>\n\n\n\n<p class=\"wp-block-paragraph\">La nueva conducci\u00f3n deber\u00e1 administrar las tensiones internas entre los gremios industriales, los servicios y los sectores p\u00fablicos, al mismo tiempo que enfrentar un contexto pol\u00edtico y econ\u00f3mico desafiante.<\/p>\n\n\n\n<h3 class=\"wp-block-heading\">Renovaci\u00f3n de secretar\u00edas y nuevos nombres<\/h3>\n\n\n\n<p class=\"wp-block-paragraph\">El congreso tambi\u00e9n resolvi\u00f3 una <strong>renovaci\u00f3n completa<\/strong> del resto de las secretar\u00edas. Como <strong>secretario adjunto<\/strong> fue designado <strong>Andr\u00e9s Rodr\u00edguez<\/strong> (UPCN). En tanto, las \u00e1reas clave quedar\u00e1n a cargo de <strong>Gerardo Mart\u00ednez<\/strong> (UOCRA) en <strong>Relaciones Internacionales<\/strong>, <strong>H\u00e9ctor Daer<\/strong> en <strong>Interior<\/strong>, <strong>Gast\u00f3n Frutos<\/strong> en <strong>Finanzas<\/strong> y <strong>Carla Gaudensi<\/strong> en <strong>G\u00e9nero<\/strong>, esta \u00faltima como una de las incorporaciones m\u00e1s destacadas del nuevo esquema.<\/p>\n\n\n\n<h3 class=\"wp-block-heading\">Desaf\u00edos ante el nuevo escenario pol\u00edtico<\/h3>\n\n\n\n<p class=\"wp-block-paragraph\">La CGT inicia esta etapa con dos desaf\u00edos principales: <strong>mantener la cohesi\u00f3n interna del movimiento obrero<\/strong> y <strong>asumir un rol activo en el debate sobre la reforma laboral<\/strong> que impulsa el gobierno de <strong>Javier Milei<\/strong>. Con el nuevo triunvirato al frente, la central buscar\u00e1 reordenar su estrategia y conservar su peso pol\u00edtico en un contexto de ajuste y cambios profundos en el mundo del trabajo.<\/p>\n","protected":false},"excerpt":{"rendered":"<p>La Confederaci\u00f3n General del Trabajo (CGT) eligi\u00f3 a su nueva conducci\u00f3n durante el congreso realizado este mi\u00e9rcoles, y decidi\u00f3 mantener el esquema de triunvirato en lugar de regresar a un liderazgo unipersonal. Los nuevos secretarios generales ser\u00e1n Jorge Sola (Seguros), Cristian Jer\u00f3nimo (Vidrio) y Octavio Arg\u00fcello (Camioneros), quienes encabezar\u00e1n la organizaci\u00f3n durante el pr\u00f3ximo cuatrienio.&hellip;<\/p>\n","protected":false},"author":1,"featured_media":140993,"comment_status":"open","ping_status":"open","sticky":false,"template":"","format":"standard","meta":{"footnotes":""},"categories":[16],"tags":[910,46177,2450,21878,1701,46178,46179,10474],"class_list":["post-140992","post","type-post","status-publish","format-standard","has-post-thumbnail","hentry","category-gremiales","tag-cgt","tag-cristian-jeronimo","tag-diario-el-sindical","tag-jorge-sola","tag-luis-barrionuevo","tag-octavio-arguello","tag-oscar-lingeri","tag-roberto-fernandez"],"_links":{"self":[{"href":"https:\/\/www.elsindical.com.ar\/notas\/wp-json\/wp\/v2\/posts\/140992","targetHints":{"allow":["GET"]}}],"collection":[{"href":"https:\/\/www.elsindical.com.ar\/notas\/wp-json\/wp\/v2\/posts"}],"about":[{"href":"https:\/\/www.elsindical.com.ar\/notas\/wp-json\/wp\/v2\/types\/post"}],"author":[{"embeddable":true,"href":"https:\/\/www.elsindical.com.ar\/notas\/wp-json\/wp\/v2\/users\/1"}],"replies":[{"embeddable":true,"href":"https:\/\/www.elsindical.com.ar\/notas\/wp-json\/wp\/v2\/comments?post=140992"}],"version-history":[{"count":1,"href":"https:\/\/www.elsindical.com.ar\/notas\/wp-json\/wp\/v2\/posts\/140992\/revisions"}],"predecessor-version":[{"id":140994,"href":"https:\/\/www.elsindical.com.ar\/notas\/wp-json\/wp\/v2\/posts\/140992\/revisions\/140994"}],"wp:featuredmedia":[{"embeddable":true,"href":"https:\/\/www.elsindical.com.ar\/notas\/wp-json\/wp\/v2\/media\/140993"}],"wp:attachment":[{"href":"https:\/\/www.elsindical.com.ar\/notas\/wp-json\/wp\/v2\/media?parent=140992"}],"wp:term":[{"taxonomy":"category","embeddable":true,"href":"https:\/\/www.elsindical.com.ar\/notas\/wp-json\/wp\/v2\/categories?post=140992"},{"taxonomy":"post_tag","embeddable":true,"href":"https:\/\/www.elsindical.com.ar\/notas\/wp-json\/wp\/v2\/tags?post=140992"}],"curies":[{"name":"wp","href":"https:\/\/api.w.org\/{rel}","templated":true}]}}