{"id":140979,"date":"2025-11-05T12:38:29","date_gmt":"2025-11-05T15:38:29","guid":{"rendered":"https:\/\/www.elsindical.com.ar\/notas\/?p=140979"},"modified":"2025-11-05T12:52:25","modified_gmt":"2025-11-05T15:52:25","slug":"operativo-rochito-la-pfa-detuvo-al-asesino-de-un-policia-retirado","status":"publish","type":"post","link":"https:\/\/www.elsindical.com.ar\/notas\/operativo-rochito-la-pfa-detuvo-al-asesino-de-un-policia-retirado\/","title":{"rendered":"Operativo \u00abrochito\u00bb la PFA detuvo al asesino de un polic\u00eda retirado"},"content":{"rendered":"\n<figure class=\"wp-block-image size-large\"><a href=\"https:\/\/www.elsindical.com.ar\/notas\/var\/www\/html\/notas\/wp-content\/uploads\/2025\/11\/PFA-detencion-asesino-de-policia-retirado-1.jpeg\"><img loading=\"lazy\" decoding=\"async\" width=\"1024\" height=\"768\" src=\"https:\/\/www.elsindical.com.ar\/notas\/var\/www\/html\/notas\/wp-content\/uploads\/2025\/11\/PFA-detencion-asesino-de-policia-retirado-1-1024x768.jpeg\" alt=\"\" class=\"wp-image-140980\" srcset=\"https:\/\/www.elsindical.com.ar\/notas\/var\/www\/html\/notas\/wp-content\/uploads\/2025\/11\/PFA-detencion-asesino-de-policia-retirado-1-1024x768.jpeg 1024w, https:\/\/www.elsindical.com.ar\/notas\/var\/www\/html\/notas\/wp-content\/uploads\/2025\/11\/PFA-detencion-asesino-de-policia-retirado-1-300x225.jpeg 300w, https:\/\/www.elsindical.com.ar\/notas\/var\/www\/html\/notas\/wp-content\/uploads\/2025\/11\/PFA-detencion-asesino-de-policia-retirado-1-768x576.jpeg 768w, https:\/\/www.elsindical.com.ar\/notas\/var\/www\/html\/notas\/wp-content\/uploads\/2025\/11\/PFA-detencion-asesino-de-policia-retirado-1-1536x1152.jpeg 1536w, https:\/\/www.elsindical.com.ar\/notas\/var\/www\/html\/notas\/wp-content\/uploads\/2025\/11\/PFA-detencion-asesino-de-policia-retirado-1.jpeg 1600w\" sizes=\"auto, (max-width: 1024px) 100vw, 1024px\" \/><\/a><\/figure>\n\n\n\n<p class=\"wp-block-paragraph\">En un operativo coordinado por el Ministerio de Seguridad Nacional, agentes del Departamento Federal de Investigaciones (DFI) de la Polic\u00eda Federal Argentina (PFA), detuvieron en La Matanza a un sujeto con pedido de captura nacional e internacional, acusado del homicidio del Suboficial Mayor retirado Alejandro Paulino Negri, ex miembro de la PFA y traspasado posteriormente a la Polic\u00eda de la Ciudad de Buenos Aires.<\/p>\n\n\n\n<p class=\"wp-block-paragraph\">El crimen ocurri\u00f3 en julio del corriente a\u00f1o, en la calle Fonrouge entre Alico y Champion, en la localidad de Aldo Bonzi. La v\u00edctima, de 65 a\u00f1os, se encontraba lavando su auto en la vereda de su casa cuando fue abordada por el detenido y otro c\u00f3mplice con fines de robo. Negri se identific\u00f3 como polic\u00eda, lo que desencaden\u00f3 un enfrentamiento armado durante el cual recibi\u00f3 un disparo en el t\u00f3rax y los delincuentes escaparon. Gravemente herido, fue trasladado al Hospital Alberto Balestrini, en Ciudad Evita, donde falleci\u00f3 horas despu\u00e9s.<\/p>\n\n\n\n<p class=\"wp-block-paragraph\">La causa recay\u00f3 en la Unidad Tem\u00e1tica de Homicidios del Departamento Judicial La Matanza (UFIJ), a cargo del Dr. Carlos Adri\u00e1n Arribas, quien encomend\u00f3 la investigaci\u00f3n a la Divisi\u00f3n Homicidios de la PFA.<\/p>\n\n\n\n<p class=\"wp-block-paragraph\">A partir de las tareas de campo, uno de los pr\u00f3fugos apodado \u201cStanley\u201d y de 18 a\u00f1os, se entreg\u00f3 d\u00edas despu\u00e9s en la Superintendencia de Investigaciones Federales al sentirse cercado por los investigadores.<\/p>\n\n\n\n<p class=\"wp-block-paragraph\">Sin embargo, los efectivos continuaron con las pesquisas y, gracias a informaci\u00f3n aportada por una expareja del sospechoso, lograron determinar que el segundo pr\u00f3fugo apodado \u201cRochito\u201d, se mov\u00eda entre distintos domicilios del conurbano para evitar ser capturado. Tambi\u00e9n contaba con contactos en varios asentamientos donde distintos delincuentes lo escond\u00edan. Finalmente, se estableci\u00f3 que sol\u00eda frecuentar la zona de La Tablada.<\/p>\n\n\n\n<p class=\"wp-block-paragraph\">Tras montar un sigiloso operativo de vigilancia, los federales lo interceptaron y detuvieron en la v\u00eda p\u00fablica, en la intersecci\u00f3n de Avenida Crovara y General Belgrano, en Aldo Bonzi.<\/p>\n\n\n\n<p class=\"wp-block-paragraph\">El detenido, de 20 a\u00f1os, qued\u00f3 a disposici\u00f3n de la justicia acusado de \u201cHomicidio Agravado Criminis Causa\u201d, \u201cPortaci\u00f3n Ilegal de arma de guerra\u201d y \u201cRobo Agravado por el uso de arma de fuego\u00bb<\/p>\n\n\n\n<figure class=\"wp-block-embed is-type-video is-provider-youtube wp-block-embed-youtube wp-embed-aspect-16-9 wp-has-aspect-ratio\"><div class=\"wp-block-embed__wrapper\">\n<iframe loading=\"lazy\" title=\"Operativo rochito la PFA detuvo al asesino de un polic\u00eda\" width=\"700\" height=\"394\" src=\"https:\/\/www.youtube.com\/embed\/G9HU-klx4XM?feature=oembed\" frameborder=\"0\" allow=\"accelerometer; autoplay; clipboard-write; encrypted-media; gyroscope; picture-in-picture; web-share\" referrerpolicy=\"strict-origin-when-cross-origin\" allowfullscreen><\/iframe>\n<\/div><\/figure>\n","protected":false},"excerpt":{"rendered":"<p>En un operativo coordinado por el Ministerio de Seguridad Nacional, agentes del Departamento Federal de Investigaciones (DFI) de la Polic\u00eda Federal Argentina (PFA), detuvieron en La Matanza a un sujeto con pedido de captura nacional e internacional, acusado del homicidio del Suboficial Mayor retirado Alejandro Paulino Negri, ex miembro de la PFA y traspasado posteriormente&hellip;<\/p>\n","protected":false},"author":1,"featured_media":140980,"comment_status":"open","ping_status":"open","sticky":false,"template":"","format":"standard","meta":{"footnotes":""},"categories":[22],"tags":[46173,1930,2450,46172,698,8650,5593,16340],"class_list":["post-140979","post","type-post","status-publish","format-standard","has-post-thumbnail","hentry","category-policiales","tag-alejandro-paulino-negri","tag-asesino","tag-diario-el-sindical","tag-operativo-rochito","tag-pfa","tag-policia-retirado","tag-suboficial-mayor","tag-ufij"],"_links":{"self":[{"href":"https:\/\/www.elsindical.com.ar\/notas\/wp-json\/wp\/v2\/posts\/140979","targetHints":{"allow":["GET"]}}],"collection":[{"href":"https:\/\/www.elsindical.com.ar\/notas\/wp-json\/wp\/v2\/posts"}],"about":[{"href":"https:\/\/www.elsindical.com.ar\/notas\/wp-json\/wp\/v2\/types\/post"}],"author":[{"embeddable":true,"href":"https:\/\/www.elsindical.com.ar\/notas\/wp-json\/wp\/v2\/users\/1"}],"replies":[{"embeddable":true,"href":"https:\/\/www.elsindical.com.ar\/notas\/wp-json\/wp\/v2\/comments?post=140979"}],"version-history":[{"count":3,"href":"https:\/\/www.elsindical.com.ar\/notas\/wp-json\/wp\/v2\/posts\/140979\/revisions"}],"predecessor-version":[{"id":140983,"href":"https:\/\/www.elsindical.com.ar\/notas\/wp-json\/wp\/v2\/posts\/140979\/revisions\/140983"}],"wp:featuredmedia":[{"embeddable":true,"href":"https:\/\/www.elsindical.com.ar\/notas\/wp-json\/wp\/v2\/media\/140980"}],"wp:attachment":[{"href":"https:\/\/www.elsindical.com.ar\/notas\/wp-json\/wp\/v2\/media?parent=140979"}],"wp:term":[{"taxonomy":"category","embeddable":true,"href":"https:\/\/www.elsindical.com.ar\/notas\/wp-json\/wp\/v2\/categories?post=140979"},{"taxonomy":"post_tag","embeddable":true,"href":"https:\/\/www.elsindical.com.ar\/notas\/wp-json\/wp\/v2\/tags?post=140979"}],"curies":[{"name":"wp","href":"https:\/\/api.w.org\/{rel}","templated":true}]}}