{"id":140977,"date":"2025-11-05T12:27:12","date_gmt":"2025-11-05T15:27:12","guid":{"rendered":"https:\/\/www.elsindical.com.ar\/notas\/?p=140977"},"modified":"2025-11-05T12:27:17","modified_gmt":"2025-11-05T15:27:17","slug":"la-provincia-alerta-por-bajos-indices-de-vacunacion-y-la-reaparicion-de-la-tos-convulsa","status":"publish","type":"post","link":"https:\/\/www.elsindical.com.ar\/notas\/la-provincia-alerta-por-bajos-indices-de-vacunacion-y-la-reaparicion-de-la-tos-convulsa\/","title":{"rendered":"La Provincia alerta por bajos \u00edndices de vacunaci\u00f3n y la reaparici\u00f3n de la tos convulsa"},"content":{"rendered":"\n<figure class=\"wp-block-image size-large\"><a href=\"https:\/\/www.elsindical.com.ar\/notas\/var\/www\/html\/notas\/wp-content\/uploads\/2022\/12\/COVID-VACUNAS.jpg\"><img loading=\"lazy\" decoding=\"async\" width=\"1024\" height=\"576\" src=\"https:\/\/www.elsindical.com.ar\/notas\/var\/www\/html\/notas\/wp-content\/uploads\/2022\/12\/COVID-VACUNAS-1024x576.jpg\" alt=\"\" class=\"wp-image-118947\" srcset=\"https:\/\/www.elsindical.com.ar\/notas\/var\/www\/html\/notas\/wp-content\/uploads\/2022\/12\/COVID-VACUNAS-1024x576.jpg 1024w, https:\/\/www.elsindical.com.ar\/notas\/var\/www\/html\/notas\/wp-content\/uploads\/2022\/12\/COVID-VACUNAS-300x169.jpg 300w, https:\/\/www.elsindical.com.ar\/notas\/var\/www\/html\/notas\/wp-content\/uploads\/2022\/12\/COVID-VACUNAS-768x432.jpg 768w, https:\/\/www.elsindical.com.ar\/notas\/var\/www\/html\/notas\/wp-content\/uploads\/2022\/12\/COVID-VACUNAS-500x281.jpg 500w, https:\/\/www.elsindical.com.ar\/notas\/var\/www\/html\/notas\/wp-content\/uploads\/2022\/12\/COVID-VACUNAS-460x260.jpg 460w, https:\/\/www.elsindical.com.ar\/notas\/var\/www\/html\/notas\/wp-content\/uploads\/2022\/12\/COVID-VACUNAS.jpg 1200w\" sizes=\"auto, (max-width: 1024px) 100vw, 1024px\" \/><\/a><\/figure>\n\n\n\n<p>Ya se registraron cinco muertes por tos convulsa. La Regi\u00f3n Sanitaria VI (que incluye a Lomas de Zamora) registra una de las tasas m\u00e1s bajas de vacunaci\u00f3n.<\/p>\n\n\n\n<p>El Ministerio de Salud de la provincia de Buenos Aires alert\u00f3 sobre una<strong> disminuci\u00f3n de la vacunaci\u00f3n y la reaparici\u00f3n de la tos convulsa<\/strong>. Ya se registraron cinco muertes.<\/p>\n\n\n\n<p><strong>La vacunaci\u00f3n es la estrategia m\u00e1s importante de prevenci\u00f3n. <\/strong>El Calendario Nacional de Vacunaci\u00f3n incluye un esquema primario de tres dosis durante el primer a\u00f1o de vida con vacuna qu\u00edntuple (2, 4 y 6 meses), y refuerzos a los 15-18 meses (vacuna qu\u00edntuple) y a los 5 a\u00f1os (triple bacteriana celular). Luego se contin\u00faa el esquema con vacuna triple bacteriana acelular (DTPa) a los 11 a\u00f1os.<\/p>\n\n\n\n<p>Adem\u00e1s, la vacuna DTPa, est\u00e1 inclu\u00edda para gestantes a partir de la semana 20 y el personal de salud que est\u00e9 en contacto con menores de 12 meses, cada 5 a\u00f1os.<\/p>\n\n\n\n<p><strong>En lo que va del a\u00f1o 2025 se observa en la provincia de Buenos Aires coberturas de vacunaci\u00f3n contra coqueluche por debajo de la meta en todas las regiones sanitarias<\/strong>, tanto para las dosis previstas en los primeros meses de vida como en las personas gestantes.<\/p>\n\n\n\n<p><strong>Las coberturas m\u00e1s bajas fueron registradas en las Regiones Sanitarias V, VI (que incluye a Lomas de Zamora, Lan\u00fas, Avellaneda, Almirante Brown, Esteban Echeverr\u00eda y Ezeiza), VII y XII.<\/strong><\/p>\n\n\n\n<p>\u201cSe registra una marcada deserci\u00f3n en los esquemas oportunos de vacunaci\u00f3n, con una disminuci\u00f3n de m\u00e1s del 5% en las coberturas de la 4\u00aa dosis en comparaci\u00f3n con la 1\u00aa dosis, que puede implicar vacunas atrasadas o esquemas incompletos en esa porci\u00f3n de la poblaci\u00f3n\u201d, se\u00f1ala el informe.<\/p>\n\n\n\n<h2 class=\"wp-block-heading\">Casos confirmados<\/h2>\n\n\n\n<p>Hasta la SE 42 de 2025 <strong>se notificaron 783 casos sospechosos de coqueluche, de los cuales 181 fueron confirmados y 164 son probables.<\/strong><\/p>\n\n\n\n<p>Entre los casos confirmados se registran <strong>5 casos fallecidos cuyas edades van de 1 mes hasta 2 a\u00f1os<\/strong>. Respecto de su situaci\u00f3n vacunal, cuatro de los cinco casos estaban en edad de recibir la inmunizaci\u00f3n pero no contaban con vacunas registradas, mientras que el quinto caso, un neonato, carec\u00eda de inmunidad espec\u00edfica al no constar vacunaci\u00f3n (dTpa) de la madre durante su gestaci\u00f3n.<\/p>\n\n\n\n<h2 class=\"wp-block-heading\">\u00bfQu\u00e9 es la tos convulsa?<\/h2>\n\n\n\n<p><strong>Coqueluche, tos convulsa o pertussis, es una enfermedad bacteriana altamente contagiosa e inmunoprevenible que afecta el tracto respiratorio.<\/strong> Su principal causante es Bordetella pertussis.<\/p>\n\n\n\n<p>Aunque la letalidad general de la tos convulsa es baja (0,2%-0,3%), se concentra casi exclusivamente en lactantes menores de 1 a\u00f1o, llegando a 1-3% en menores de 2 meses.<\/p>\n\n\n\n<p>Las manifestaciones cl\u00ednicas de la enfermedad dependen de la edad del paciente, de su estado inmune, del uso de antibi\u00f3ticos, de coinfecciones y de su estado sanitario en general. El cuadro cl\u00ednico t\u00edpico se observa m\u00e1s com\u00fanmente en pacientes pedi\u00e1tricos sin inmunidad previa.<\/p>\n\n\n\n<h2 class=\"wp-block-heading\">Se distinguen tres etapas sintom\u00e1ticas secuenciales<\/h2>\n\n\n\n<ul class=\"wp-block-list\">\n<li>La fase catarral, se caracteriza por una sintomatolog\u00eda similar a un resfr\u00edo com\u00fan con rinitis y tos.<\/li>\n\n\n\n<li>La siguiente etapa es denominada parox\u00edstica por los ataques de tos o paroxismos que van aumentando en frecuencia e intensidad, que terminan generalmente en una inspiraci\u00f3n profunda que produce el silbido caracter\u00edstico llamado estridor inspiratorio. Tambi\u00e9n es frecuente el v\u00f3mito postusivo. En los reci\u00e9n nacidos y lactantes menores de 6 meses son frecuentes la cianosis y apneas.<\/li>\n\n\n\n<li>La fase de convalecencia se caracteriza por la disminuci\u00f3n gradual y progresiva de los ataques de tos (present\u00e1ndose tan solo durante el sue\u00f1o o cuando hay una gran excitaci\u00f3n f\u00edsica) con desaparici\u00f3n del estridor inspiratorio. Las complicaciones m\u00e1s importantes en los menores de 6 meses son bronconeumon\u00eda, convulsiones, encefalopat\u00eda aguda y da\u00f1o cerebral permanente.<\/li>\n<\/ul>\n\n\n\n<p>Los adultos y adolescentes con inmunidad adquirida por vacunaci\u00f3n o por infecciones previas con el pat\u00f3geno, pueden presentar s\u00edntomas leves o la t\u00edpica tos parox\u00edstica prolongada.<\/p>\n","protected":false},"excerpt":{"rendered":"<p>Ya se registraron cinco muertes por tos convulsa. La Regi\u00f3n Sanitaria VI (que incluye a Lomas de Zamora) registra una de las tasas m\u00e1s bajas de vacunaci\u00f3n. El Ministerio de Salud de la provincia de Buenos Aires alert\u00f3 sobre una disminuci\u00f3n de la vacunaci\u00f3n y la reaparici\u00f3n de la tos convulsa. Ya se registraron cinco&hellip;<\/p>\n","protected":false},"author":1,"featured_media":118947,"comment_status":"open","ping_status":"open","sticky":false,"template":"","format":"standard","meta":{"footnotes":""},"categories":[23],"tags":[46171,2450,16396,46170,16251],"class_list":["post-140977","post","type-post","status-publish","format-standard","has-post-thumbnail","hentry","category-salud","tag-baja-vacunacion","tag-diario-el-sindical","tag-pba","tag-tos-convulsa","tag-vacunacion"],"_links":{"self":[{"href":"https:\/\/www.elsindical.com.ar\/notas\/wp-json\/wp\/v2\/posts\/140977","targetHints":{"allow":["GET"]}}],"collection":[{"href":"https:\/\/www.elsindical.com.ar\/notas\/wp-json\/wp\/v2\/posts"}],"about":[{"href":"https:\/\/www.elsindical.com.ar\/notas\/wp-json\/wp\/v2\/types\/post"}],"author":[{"embeddable":true,"href":"https:\/\/www.elsindical.com.ar\/notas\/wp-json\/wp\/v2\/users\/1"}],"replies":[{"embeddable":true,"href":"https:\/\/www.elsindical.com.ar\/notas\/wp-json\/wp\/v2\/comments?post=140977"}],"version-history":[{"count":1,"href":"https:\/\/www.elsindical.com.ar\/notas\/wp-json\/wp\/v2\/posts\/140977\/revisions"}],"predecessor-version":[{"id":140978,"href":"https:\/\/www.elsindical.com.ar\/notas\/wp-json\/wp\/v2\/posts\/140977\/revisions\/140978"}],"wp:featuredmedia":[{"embeddable":true,"href":"https:\/\/www.elsindical.com.ar\/notas\/wp-json\/wp\/v2\/media\/118947"}],"wp:attachment":[{"href":"https:\/\/www.elsindical.com.ar\/notas\/wp-json\/wp\/v2\/media?parent=140977"}],"wp:term":[{"taxonomy":"category","embeddable":true,"href":"https:\/\/www.elsindical.com.ar\/notas\/wp-json\/wp\/v2\/categories?post=140977"},{"taxonomy":"post_tag","embeddable":true,"href":"https:\/\/www.elsindical.com.ar\/notas\/wp-json\/wp\/v2\/tags?post=140977"}],"curies":[{"name":"wp","href":"https:\/\/api.w.org\/{rel}","templated":true}]}}