{"id":14096,"date":"2011-05-07T13:12:40","date_gmt":"2011-05-07T16:12:40","guid":{"rendered":"http:\/\/www.elsindical.com.ar\/notas\/?p=14096"},"modified":"2011-05-07T13:12:46","modified_gmt":"2011-05-07T16:12:46","slug":"allanan-local-de-mc-donalds-por-vender-comida-en-mal-estado","status":"publish","type":"post","link":"https:\/\/www.elsindical.com.ar\/notas\/allanan-local-de-mc-donalds-por-vender-comida-en-mal-estado\/","title":{"rendered":"Allanan local de Mc Donalds por vender comida en mal estado"},"content":{"rendered":"<div id=\"bajada\">\n<p style=\"text-align: justify;\"><em><a href=\"http:\/\/www.elsindical.com.ar\/notas\/var\/www\/html\/notas\/wp-content\/uploads\/2011\/05\/Mc-Donalds-Argentina.jpg\"><img loading=\"lazy\" decoding=\"async\" class=\"alignleft size-medium wp-image-14097\" title=\"Mc-Donald's-Argentina\" src=\"http:\/\/www.elsindical.com.ar\/notas\/var\/www\/html\/notas\/wp-content\/uploads\/2011\/05\/Mc-Donalds-Argentina-300x209.jpg\" alt=\"\" width=\"300\" height=\"209\" srcset=\"https:\/\/www.elsindical.com.ar\/notas\/var\/www\/html\/notas\/wp-content\/uploads\/2011\/05\/Mc-Donalds-Argentina-300x209.jpg 300w, https:\/\/www.elsindical.com.ar\/notas\/var\/www\/html\/notas\/wp-content\/uploads\/2011\/05\/Mc-Donalds-Argentina.jpg 325w\" sizes=\"auto, (max-width: 300px) 100vw, 300px\" \/><\/a>Tras la denuncia de un cliente, la Justicia investiga a una reconocida cadena de comidas r\u00e1pidas, ya que al parecer se encontraron restos de este insecto en una ensalada, en enero pasado.<\/em><\/p>\n<\/div>\n<div id=\"texto\">\n<p style=\"text-align: justify;\">La Justicia investiga la denuncia de un cliente de la cadena de comidas r\u00e1pidas referida al presunto hallazgo de restos de cucarachas en una ensalada, en enero pasado en un local del centro porte\u00f1o.<\/p>\n<p style=\"text-align: justify;\">La juez en lo correccional<strong> Graciela Angulo de Quinn<\/strong> allan\u00f3 un local de la cadena <em>Mc Donald&#8217;s<\/em> ubicado en avenida C\u00f3rdoba 2039 tras recibir una pericia qu\u00edmica donde consta que la ensalada Ceasar consumida por un joven el 6 de enero pasado \u201c<em>no era apta para el consumo<\/em>\u201d, informaron fuentes judiciales.<\/p>\n<p style=\"text-align: justify;\">La magistrada imput\u00f3 en la causa la encargada del comercio por supuesta \u201c<em>imprudencia, negligencia, impericia en su arte o profesi\u00f3n o por inobservancia de los deberes a su cargo<\/em>\u201d, acusaci\u00f3n que fija multas de 5 a 100 mil pesos.<\/p>\n<p style=\"text-align: justify;\">La denuncia fue hecha por <strong>Javier Lukin<\/strong>, quien consign\u00f3 que al comenzar a comer la ensalada \u201c<em>se atragant\u00f3<\/em>\u201d y al revisar \u201c<em>se dio cuenta de la presencia de restos de dos cucarachas<\/em>\u201d.<\/p>\n<p style=\"text-align: justify;\">El joven guard\u00f3 el ticket, se llev\u00f3 la comida y present\u00f3 la denuncia, poniendo como testigo a un amigo que lo hab\u00eda acompa\u00f1ado al local.<\/p>\n<p style=\"text-align: justify;\">La magistrada orden\u00f3 la pericia sobre la ensalada y al recibir los resultados allan\u00f3 el local para constatar la forma en que se preservan los alimentos y verificar su estado.<\/p>\n<\/div>\n","protected":false},"excerpt":{"rendered":"<p>Tras la denuncia de un cliente, la Justicia investiga a una reconocida cadena de comidas r\u00e1pidas, ya que al parecer se encontraron restos de este insecto en una ensalada, en enero pasado. La Justicia investiga la denuncia de un cliente de la cadena de comidas r\u00e1pidas referida al presunto hallazgo de restos de cucarachas en&hellip;<\/p>\n","protected":false},"author":1,"featured_media":0,"comment_status":"open","ping_status":"open","sticky":false,"template":"","format":"standard","meta":{"footnotes":""},"categories":[23],"tags":[138,1762,6803,175,351,6802,120],"class_list":["post-14096","post","type-post","status-publish","format-standard","hentry","category-salud","tag-allanamiento","tag-comidas","tag-cucarachas","tag-denuncia","tag-jueza","tag-mc-donalds","tag-pericias"],"_links":{"self":[{"href":"https:\/\/www.elsindical.com.ar\/notas\/wp-json\/wp\/v2\/posts\/14096","targetHints":{"allow":["GET"]}}],"collection":[{"href":"https:\/\/www.elsindical.com.ar\/notas\/wp-json\/wp\/v2\/posts"}],"about":[{"href":"https:\/\/www.elsindical.com.ar\/notas\/wp-json\/wp\/v2\/types\/post"}],"author":[{"embeddable":true,"href":"https:\/\/www.elsindical.com.ar\/notas\/wp-json\/wp\/v2\/users\/1"}],"replies":[{"embeddable":true,"href":"https:\/\/www.elsindical.com.ar\/notas\/wp-json\/wp\/v2\/comments?post=14096"}],"version-history":[{"count":2,"href":"https:\/\/www.elsindical.com.ar\/notas\/wp-json\/wp\/v2\/posts\/14096\/revisions"}],"predecessor-version":[{"id":14099,"href":"https:\/\/www.elsindical.com.ar\/notas\/wp-json\/wp\/v2\/posts\/14096\/revisions\/14099"}],"wp:attachment":[{"href":"https:\/\/www.elsindical.com.ar\/notas\/wp-json\/wp\/v2\/media?parent=14096"}],"wp:term":[{"taxonomy":"category","embeddable":true,"href":"https:\/\/www.elsindical.com.ar\/notas\/wp-json\/wp\/v2\/categories?post=14096"},{"taxonomy":"post_tag","embeddable":true,"href":"https:\/\/www.elsindical.com.ar\/notas\/wp-json\/wp\/v2\/tags?post=14096"}],"curies":[{"name":"wp","href":"https:\/\/api.w.org\/{rel}","templated":true}]}}