{"id":140957,"date":"2025-11-04T10:16:52","date_gmt":"2025-11-04T13:16:52","guid":{"rendered":"https:\/\/www.elsindical.com.ar\/notas\/?p=140957"},"modified":"2025-11-04T10:17:23","modified_gmt":"2025-11-04T13:17:23","slug":"kicillof-es-imperioso-contar-con-los-instrumentos-que-nos-permitan-funcionar-y-refinanciar-los-vencimientos-de-deuda","status":"publish","type":"post","link":"https:\/\/www.elsindical.com.ar\/notas\/kicillof-es-imperioso-contar-con-los-instrumentos-que-nos-permitan-funcionar-y-refinanciar-los-vencimientos-de-deuda\/","title":{"rendered":"Kicillof: \u201cEs imperioso contar con los instrumentos que nos permitan funcionar y refinanciar los vencimientos de deuda\u201d"},"content":{"rendered":"\n<figure class=\"wp-block-image size-large\"><a href=\"https:\/\/www.elsindical.com.ar\/notas\/var\/www\/html\/notas\/wp-content\/uploads\/2024\/02\/Kicillof-conferencia-contra-Milei.jpg\"><img loading=\"lazy\" decoding=\"async\" width=\"1024\" height=\"576\" src=\"https:\/\/www.elsindical.com.ar\/notas\/var\/www\/html\/notas\/wp-content\/uploads\/2024\/02\/Kicillof-conferencia-contra-Milei-1024x576.jpg\" alt=\"\" class=\"wp-image-128998\" srcset=\"https:\/\/www.elsindical.com.ar\/notas\/var\/www\/html\/notas\/wp-content\/uploads\/2024\/02\/Kicillof-conferencia-contra-Milei-1024x576.jpg 1024w, https:\/\/www.elsindical.com.ar\/notas\/var\/www\/html\/notas\/wp-content\/uploads\/2024\/02\/Kicillof-conferencia-contra-Milei-300x169.jpg 300w, https:\/\/www.elsindical.com.ar\/notas\/var\/www\/html\/notas\/wp-content\/uploads\/2024\/02\/Kicillof-conferencia-contra-Milei-768x432.jpg 768w, https:\/\/www.elsindical.com.ar\/notas\/var\/www\/html\/notas\/wp-content\/uploads\/2024\/02\/Kicillof-conferencia-contra-Milei-500x281.jpg 500w, https:\/\/www.elsindical.com.ar\/notas\/var\/www\/html\/notas\/wp-content\/uploads\/2024\/02\/Kicillof-conferencia-contra-Milei-460x260.jpg 460w, https:\/\/www.elsindical.com.ar\/notas\/var\/www\/html\/notas\/wp-content\/uploads\/2024\/02\/Kicillof-conferencia-contra-Milei.jpg 1200w\" sizes=\"auto, (max-width: 1024px) 100vw, 1024px\" \/><\/a><\/figure>\n\n\n\n<p class=\"wp-block-paragraph\">El gobernador Axel Kicillof present\u00f3 los proyectos de leyes de Presupuesto 2026, Impositiva y Financiamiento.<\/p>\n\n\n\n<p class=\"wp-block-paragraph\">El gobernador <strong>Axel Kicillof encabez\u00f3 la presentaci\u00f3n de los proyectos de leyes de Presupuesto 2026, Impositiva y Financiamiento<\/strong>.<\/p>\n\n\n\n<p class=\"wp-block-paragraph\">Fue en el Sal\u00f3n Dorado, junto a la vicegobernadora Ver\u00f3nica Magario; los ministros de Econom\u00eda, Pablo L\u00f3pez; y de Gobierno, Carlos Bianco; y el presidente de la C\u00e1mara de Diputados bonaerense, Alexis Guerrera.<\/p>\n\n\n\n<p class=\"wp-block-paragraph\">\u201c<strong>El presidente Javier Milei recort\u00f3 de manera ilegal fondos que alcanzan los $13 billones y que destin\u00e1bamos a educaci\u00f3n, salud, seguridad y jubilaciones: debe comprender que no se los rob\u00f3 a este Gobernador, sino a todos los bonaerenses<\/strong>\u201d, sostuvo Kicillof.<\/p>\n\n\n\n<p class=\"wp-block-paragraph\">Y agreg\u00f3: \u201cA esto se le suma una ca\u00edda en la recaudaci\u00f3n producto de la crisis econ\u00f3mica generada por sus pol\u00edticas: estamos ante una situaci\u00f3n in\u00e9dita en la que cada vez hay m\u00e1s necesidades, pero menos recursos para atenderlas\u201d.<\/p>\n\n\n\n<p class=\"wp-block-paragraph\">\u201c<strong>All\u00ed donde el Gobierno nacional abandona, el Gobierno provincial y los intendentes damos la cara todos los d\u00edas: para ello, es imperioso contar con los instrumentos que nos permitan funcionar y refinanciar los vencimientos de deuda para que no recaigan sobre el presupuesto<\/strong>\u201d, explic\u00f3 el Gobernador.<\/p>\n\n\n\n<p class=\"wp-block-paragraph\">Y concluy\u00f3: \u201cNo vamos a cambiar nuestras prioridades y vamos a seguir trabajando para dar respuestas a las necesidades de nuestro pueblo\u201d.<\/p>\n","protected":false},"excerpt":{"rendered":"<p>El gobernador Axel Kicillof present\u00f3 los proyectos de leyes de Presupuesto 2026, Impositiva y Financiamiento. El gobernador Axel Kicillof encabez\u00f3 la presentaci\u00f3n de los proyectos de leyes de Presupuesto 2026, Impositiva y Financiamiento. Fue en el Sal\u00f3n Dorado, junto a la vicegobernadora Ver\u00f3nica Magario; los ministros de Econom\u00eda, Pablo L\u00f3pez; y de Gobierno, Carlos Bianco;&hellip;<\/p>\n","protected":false},"author":1,"featured_media":128998,"comment_status":"open","ping_status":"open","sticky":false,"template":"","format":"standard","meta":{"footnotes":""},"categories":[13],"tags":[2450,32496,4940,28812,27344],"class_list":["post-140957","post","type-post","status-publish","format-standard","has-post-thumbnail","hentry","category-politica","tag-diario-el-sindical","tag-gobernador-axel-kicillof","tag-gobierno-provincial","tag-javier-milei","tag-veronica-magario"],"_links":{"self":[{"href":"https:\/\/www.elsindical.com.ar\/notas\/wp-json\/wp\/v2\/posts\/140957","targetHints":{"allow":["GET"]}}],"collection":[{"href":"https:\/\/www.elsindical.com.ar\/notas\/wp-json\/wp\/v2\/posts"}],"about":[{"href":"https:\/\/www.elsindical.com.ar\/notas\/wp-json\/wp\/v2\/types\/post"}],"author":[{"embeddable":true,"href":"https:\/\/www.elsindical.com.ar\/notas\/wp-json\/wp\/v2\/users\/1"}],"replies":[{"embeddable":true,"href":"https:\/\/www.elsindical.com.ar\/notas\/wp-json\/wp\/v2\/comments?post=140957"}],"version-history":[{"count":1,"href":"https:\/\/www.elsindical.com.ar\/notas\/wp-json\/wp\/v2\/posts\/140957\/revisions"}],"predecessor-version":[{"id":140958,"href":"https:\/\/www.elsindical.com.ar\/notas\/wp-json\/wp\/v2\/posts\/140957\/revisions\/140958"}],"wp:featuredmedia":[{"embeddable":true,"href":"https:\/\/www.elsindical.com.ar\/notas\/wp-json\/wp\/v2\/media\/128998"}],"wp:attachment":[{"href":"https:\/\/www.elsindical.com.ar\/notas\/wp-json\/wp\/v2\/media?parent=140957"}],"wp:term":[{"taxonomy":"category","embeddable":true,"href":"https:\/\/www.elsindical.com.ar\/notas\/wp-json\/wp\/v2\/categories?post=140957"},{"taxonomy":"post_tag","embeddable":true,"href":"https:\/\/www.elsindical.com.ar\/notas\/wp-json\/wp\/v2\/tags?post=140957"}],"curies":[{"name":"wp","href":"https:\/\/api.w.org\/{rel}","templated":true}]}}