{"id":140944,"date":"2025-10-23T21:31:00","date_gmt":"2025-10-24T00:31:00","guid":{"rendered":"https:\/\/www.elsindical.com.ar\/notas\/?p=140944"},"modified":"2025-11-03T01:36:01","modified_gmt":"2025-11-03T04:36:01","slug":"avellaneda-16-y-17-sesiones-ordinarias-de-2025","status":"publish","type":"post","link":"https:\/\/www.elsindical.com.ar\/notas\/avellaneda-16-y-17-sesiones-ordinarias-de-2025\/","title":{"rendered":"Avellaneda: 16 y 17 Sesiones Ordinarias de 2025"},"content":{"rendered":"<div class=\"wp-block-image\">\n<figure class=\"aligncenter size-large\"><a href=\"https:\/\/www.elsindical.com.ar\/notas\/var\/www\/html\/notas\/wp-content\/uploads\/2025\/11\/HCD-Avellaneda-23-de-octubre-2025-1.jpg\"><img loading=\"lazy\" decoding=\"async\" width=\"1024\" height=\"682\" src=\"https:\/\/www.elsindical.com.ar\/notas\/var\/www\/html\/notas\/wp-content\/uploads\/2025\/11\/HCD-Avellaneda-23-de-octubre-2025-1-1024x682.jpg\" alt=\"\" class=\"wp-image-140945\" srcset=\"https:\/\/www.elsindical.com.ar\/notas\/var\/www\/html\/notas\/wp-content\/uploads\/2025\/11\/HCD-Avellaneda-23-de-octubre-2025-1-1024x682.jpg 1024w, https:\/\/www.elsindical.com.ar\/notas\/var\/www\/html\/notas\/wp-content\/uploads\/2025\/11\/HCD-Avellaneda-23-de-octubre-2025-1-300x200.jpg 300w, https:\/\/www.elsindical.com.ar\/notas\/var\/www\/html\/notas\/wp-content\/uploads\/2025\/11\/HCD-Avellaneda-23-de-octubre-2025-1-768x512.jpg 768w, https:\/\/www.elsindical.com.ar\/notas\/var\/www\/html\/notas\/wp-content\/uploads\/2025\/11\/HCD-Avellaneda-23-de-octubre-2025-1-1536x1023.jpg 1536w, https:\/\/www.elsindical.com.ar\/notas\/var\/www\/html\/notas\/wp-content\/uploads\/2025\/11\/HCD-Avellaneda-23-de-octubre-2025-1.jpg 1600w\" sizes=\"auto, (max-width: 1024px) 100vw, 1024px\" \/><\/a><\/figure>\n<\/div>\n\n\n<p class=\"wp-block-paragraph\">En la sesi\u00f3n del d\u00eda 23 de octubre de 2025, a la que asistieron veintitr\u00e9s concejales de los distintos bloques pol\u00edticos, se destacan los siguientes temas:<\/p>\n\n\n\n<p class=\"wp-block-paragraph\"><strong>POL\u00cdTICAS P\u00daBLICAS:<\/strong><\/p>\n\n\n\n<p class=\"wp-block-paragraph\"><strong>HACIENDA Y PRESUPUESTO<\/strong><\/p>\n\n\n\n<ul class=\"wp-block-list\">\n<li>Queda Autorizado el Decreto 4148\/2025 &#8211; Incremento Salarial del Personal encuadrado en el convenio n\u00ba 1328\/2020.- (INTENDENCIA MUNICIPAL).<\/li>\n\n\n\n<li>Apru\u00e9bese el ingreso del subsidio otorgado a este Municipio por la Fundaci\u00f3n Williams, en el marco del Concurso \u201cDesempolvando Archivos 2025\u201d, para la ejecuci\u00f3n del Proyecto: Conservaci\u00f3n, descripci\u00f3n y puesta al acceso p\u00fablico del fondo fotogr\u00e1fico del Archivo Hist\u00f3rico.- (INTENDENCIA MUNICIPAL).<\/li>\n<\/ul>\n\n\n\n<p class=\"wp-block-paragraph\"><strong>OBRAS Y SERVICIOS PUBLICOS, TRANSPORTES, COMUNICACIONES Y PLANEAMIENTO<\/strong><\/p>\n\n\n\n<ul class=\"wp-block-list\">\n<li>Queda autorizado el Convenio de OPCT, y sus Anexos, I, II, III y VI, suscripto entre la empresa Aguas y Saneamientos SA \u2019\u2019Aysa\u2019\u2019y la Municipalidad de Avellaneda-Instalaci\u00f3n de la Red de Agua Potable-Villa Tranquilla (66 viviendas) Avellaneda. (INTENDENCIA MUNICIPAL).<\/li>\n<\/ul>\n\n\n\n<p class=\"wp-block-paragraph\"><strong>COMISION DE VIVIENDA<\/strong><\/p>\n\n\n\n<ul class=\"wp-block-list\">\n<li>Queda Autorizado el Convenio de Financiamiento, dentro del Programa Completar suscripto entre el Ministerio de H\u00e1bitat y Desarrollo Urbano de la Provincia de Buenos Aires y la Municipalidad de Avellaneda \u2013 \u201cCompletamiento de 16 viviendas en el Barrio Villa Tranquila Dock Sud\u201d.- (INTENDENCIA MUNICIPAL).<\/li>\n\n\n\n<li>Queda Autorizado el Convenio de Financiamiento, dentro del Programa Completar suscripto entre el Ministerio de H\u00e1bitat y Desarrollo Urbano de la Provincia de Buenos Aires y la Municipalidad de Avellaneda \u2013 \u201cCompletamiento de 20 viviendas en el Predio Eissler de Villa Inflamable\u201d.- (INTENDENCIA MUNICIPAL).<\/li>\n<\/ul>\n\n\n\n<p class=\"wp-block-paragraph\"><strong>EDUCACION, CULTURA Y PROMOCION DE LAS ARTES<\/strong><\/p>\n\n\n\n<ul class=\"wp-block-list\">\n<li>Declarase de Inter\u00e9s Legislativo, Cultural y de Derechos Humanos del Honorable Concejo Deliberante de Avellaneda el libro \u201cLa fila de los inocentes\u201d, del Diputado Nacional uruguayo Gabriel Otero.- (BLOQUE UNION POR LA PATRIA).<\/li>\n<\/ul>\n\n\n\n<figure class=\"wp-block-image size-large\"><a href=\"https:\/\/www.elsindical.com.ar\/notas\/var\/www\/html\/notas\/wp-content\/uploads\/2025\/11\/HCD-Avellaneda-23-de-octubre-2025-2.jpg\"><img loading=\"lazy\" decoding=\"async\" width=\"1024\" height=\"682\" src=\"https:\/\/www.elsindical.com.ar\/notas\/var\/www\/html\/notas\/wp-content\/uploads\/2025\/11\/HCD-Avellaneda-23-de-octubre-2025-2-1024x682.jpg\" alt=\"\" class=\"wp-image-140946\" srcset=\"https:\/\/www.elsindical.com.ar\/notas\/var\/www\/html\/notas\/wp-content\/uploads\/2025\/11\/HCD-Avellaneda-23-de-octubre-2025-2-1024x682.jpg 1024w, https:\/\/www.elsindical.com.ar\/notas\/var\/www\/html\/notas\/wp-content\/uploads\/2025\/11\/HCD-Avellaneda-23-de-octubre-2025-2-300x200.jpg 300w, https:\/\/www.elsindical.com.ar\/notas\/var\/www\/html\/notas\/wp-content\/uploads\/2025\/11\/HCD-Avellaneda-23-de-octubre-2025-2-768x512.jpg 768w, https:\/\/www.elsindical.com.ar\/notas\/var\/www\/html\/notas\/wp-content\/uploads\/2025\/11\/HCD-Avellaneda-23-de-octubre-2025-2-1536x1023.jpg 1536w, https:\/\/www.elsindical.com.ar\/notas\/var\/www\/html\/notas\/wp-content\/uploads\/2025\/11\/HCD-Avellaneda-23-de-octubre-2025-2.jpg 1600w\" sizes=\"auto, (max-width: 1024px) 100vw, 1024px\" \/><\/a><\/figure>\n\n\n\n<p class=\"wp-block-paragraph\"><strong>HOMENAJES<\/strong><\/p>\n\n\n\n<ul class=\"wp-block-list\">\n<li>En virtud del Fallecimiento del Sr. Carlos Tiraso,\u00a0 quien en vida fuera ProSecretario de este Cuerpo Deliberativo, el citado, en su conjunto, determina oportuno realizar el debido homenaje en memoria a su figura, designando con su nombre a la sesi\u00f3n del d\u00eda de la fecha.<\/li>\n<\/ul>\n\n\n<div class=\"wp-block-image\">\n<figure class=\"aligncenter size-full\"><a href=\"https:\/\/www.elsindical.com.ar\/notas\/var\/www\/html\/notas\/wp-content\/uploads\/2025\/11\/Homenaje-Carlos-Tirasso.jpeg\"><img loading=\"lazy\" decoding=\"async\" width=\"640\" height=\"800\" src=\"https:\/\/www.elsindical.com.ar\/notas\/var\/www\/html\/notas\/wp-content\/uploads\/2025\/11\/Homenaje-Carlos-Tirasso.jpeg\" alt=\"\" class=\"wp-image-140947\" srcset=\"https:\/\/www.elsindical.com.ar\/notas\/var\/www\/html\/notas\/wp-content\/uploads\/2025\/11\/Homenaje-Carlos-Tirasso.jpeg 640w, https:\/\/www.elsindical.com.ar\/notas\/var\/www\/html\/notas\/wp-content\/uploads\/2025\/11\/Homenaje-Carlos-Tirasso-240x300.jpeg 240w\" sizes=\"auto, (max-width: 640px) 100vw, 640px\" \/><\/a><\/figure>\n<\/div>","protected":false},"excerpt":{"rendered":"<p>En la sesi\u00f3n del d\u00eda 23 de octubre de 2025, a la que asistieron veintitr\u00e9s concejales de los distintos bloques pol\u00edticos, se destacan los siguientes temas: POL\u00cdTICAS P\u00daBLICAS: HACIENDA Y PRESUPUESTO OBRAS Y SERVICIOS PUBLICOS, TRANSPORTES, COMUNICACIONES Y PLANEAMIENTO COMISION DE VIVIENDA EDUCACION, CULTURA Y PROMOCION DE LAS ARTES HOMENAJES<\/p>\n","protected":false},"author":1,"featured_media":140945,"comment_status":"open","ping_status":"open","sticky":false,"template":"","format":"standard","meta":{"footnotes":""},"categories":[13],"tags":[461,21774,2450,19428,45649],"class_list":["post-140944","post","type-post","status-publish","format-standard","has-post-thumbnail","hentry","category-politica","tag-avellaneda","tag-carlos-tirasso","tag-diario-el-sindical","tag-hcd-avellaneda","tag-sesion-ordinaria"],"_links":{"self":[{"href":"https:\/\/www.elsindical.com.ar\/notas\/wp-json\/wp\/v2\/posts\/140944","targetHints":{"allow":["GET"]}}],"collection":[{"href":"https:\/\/www.elsindical.com.ar\/notas\/wp-json\/wp\/v2\/posts"}],"about":[{"href":"https:\/\/www.elsindical.com.ar\/notas\/wp-json\/wp\/v2\/types\/post"}],"author":[{"embeddable":true,"href":"https:\/\/www.elsindical.com.ar\/notas\/wp-json\/wp\/v2\/users\/1"}],"replies":[{"embeddable":true,"href":"https:\/\/www.elsindical.com.ar\/notas\/wp-json\/wp\/v2\/comments?post=140944"}],"version-history":[{"count":1,"href":"https:\/\/www.elsindical.com.ar\/notas\/wp-json\/wp\/v2\/posts\/140944\/revisions"}],"predecessor-version":[{"id":140948,"href":"https:\/\/www.elsindical.com.ar\/notas\/wp-json\/wp\/v2\/posts\/140944\/revisions\/140948"}],"wp:featuredmedia":[{"embeddable":true,"href":"https:\/\/www.elsindical.com.ar\/notas\/wp-json\/wp\/v2\/media\/140945"}],"wp:attachment":[{"href":"https:\/\/www.elsindical.com.ar\/notas\/wp-json\/wp\/v2\/media?parent=140944"}],"wp:term":[{"taxonomy":"category","embeddable":true,"href":"https:\/\/www.elsindical.com.ar\/notas\/wp-json\/wp\/v2\/categories?post=140944"},{"taxonomy":"post_tag","embeddable":true,"href":"https:\/\/www.elsindical.com.ar\/notas\/wp-json\/wp\/v2\/tags?post=140944"}],"curies":[{"name":"wp","href":"https:\/\/api.w.org\/{rel}","templated":true}]}}