{"id":140883,"date":"2025-10-30T15:10:54","date_gmt":"2025-10-30T18:10:54","guid":{"rendered":"https:\/\/www.elsindical.com.ar\/notas\/?p=140883"},"modified":"2025-10-30T15:11:26","modified_gmt":"2025-10-30T18:11:26","slug":"el-obispo-castrense-agradecio-el-fallo-de-la-justicia-que-beneficia-a-represores-de-la-ultima-dictadura","status":"publish","type":"post","link":"https:\/\/www.elsindical.com.ar\/notas\/el-obispo-castrense-agradecio-el-fallo-de-la-justicia-que-beneficia-a-represores-de-la-ultima-dictadura\/","title":{"rendered":"El obispo castrense agradeci\u00f3 el fallo de la Justicia que beneficia a represores de la \u00faltima dictadura"},"content":{"rendered":"<div class=\"wp-block-image\">\n<figure class=\"aligncenter size-full\"><a href=\"https:\/\/www.elsindical.com.ar\/notas\/var\/www\/html\/notas\/wp-content\/uploads\/2025\/10\/Obispo-Santiago-Olivera.jpg\"><img loading=\"lazy\" decoding=\"async\" width=\"700\" height=\"467\" src=\"https:\/\/www.elsindical.com.ar\/notas\/var\/www\/html\/notas\/wp-content\/uploads\/2025\/10\/Obispo-Santiago-Olivera.jpg\" alt=\"\" class=\"wp-image-140884\" srcset=\"https:\/\/www.elsindical.com.ar\/notas\/var\/www\/html\/notas\/wp-content\/uploads\/2025\/10\/Obispo-Santiago-Olivera.jpg 700w, https:\/\/www.elsindical.com.ar\/notas\/var\/www\/html\/notas\/wp-content\/uploads\/2025\/10\/Obispo-Santiago-Olivera-300x200.jpg 300w\" sizes=\"auto, (max-width: 700px) 100vw, 700px\" \/><\/a><\/figure>\n<\/div>\n\n\n<p>El eclesi\u00e1stico celebr\u00f3 la revocaci\u00f3n de la prisi\u00f3n preventiva de un exintegrante de la CNU y difundi\u00f3 su respaldo a la Corte Suprema en una carta publicada en medios y replicada por activistas pro impunidad.<\/p>\n\n\n\n<p>El obispo castrense Santiago Olivera expres\u00f3 su satisfacci\u00f3n por el fallo de la Corte Suprema que favoreci\u00f3 a los represores de la \u00faltima dictadura.<strong> \u201cNo puedo dejar de celebrar este pedido y agradecer la valent\u00eda del mismo\u201d<\/strong>, escribi\u00f3 en una carta que luego se public\u00f3 en La Naci\u00f3n y se difundi\u00f3 en redes sociales.<\/p>\n\n\n\n<p><strong>Su mensaje hace alusi\u00f3n a la reciente decisi\u00f3n de la Corte Suprema, que consisti\u00f3 en revocar la pr\u00f3rroga de la prisi\u00f3n preventiva de Carlos Ernestino \u201cIndio\u201d Castillo, condenado por cr\u00edmenes de lesa humanidad y exintegrante de la CNU.<\/strong> Al argumentar su decisi\u00f3n, los jueces se\u00f1alaron que \u201cun Estado de Derecho no puede transgredir las garant\u00edas del debido proceso sin degradarse a s\u00ed mismo en ese acto\u201d.<br><br>Olivera destac\u00f3 el mensaje de la Corte y a\u00f1adi\u00f3: \u201cMuchas gracias, se\u00f1ores jueces, de una verdadera justicia, largamente esperada, no sin des\u00e1nimos pero tambi\u00e9n con la esperanza de \u2018ver\u2019 estos d\u00edas\u201d. En la misma carta, apel\u00f3 a los magistrados: \u201cConf\u00edo en que la justicia siga el camino de la justicia, aquella que no debe hacer excepci\u00f3n de personas, por m\u00e1s que sufra por ello el ataque de muchos, o no tantos, que se habituaron a usar de ella seg\u00fan su conveniencia\u201d.<br><br>Cabe mencionar que el obispo castrense mantiene v\u00ednculos estrechos con jueces y pol\u00edticos. En 2024 organiz\u00f3 un viaje al Vaticano para tres magistrados y, en agosto, <strong>pidi\u00f3 p\u00fablicamente al presidente Javier Milei que \u201csalde la deuda pendiente\u201d con los represores<\/strong>. Adem\u00e1s, en marzo declar\u00f3 en un programa radial: \u201cCreo que hay gente muy valiosa y muy buena; que la historia hay que mirarla en su tiempo y no sacarla de contexto\u201d.<br><br><strong>Asimismo, se mostr\u00f3 muy cerca de figuras pol\u00edticas como Victoria Villarruel y ya es <em>habitue <\/em>en los tribunales de Comodoro Py, reforzando su influencia en el debate sobre la justicia por cr\u00edmenes de la dictadura<\/strong>. Su respaldo al fallo de la Corte y su difusi\u00f3n en medios generan preocupaci\u00f3n entre organizaciones de derechos humanos que siguen los casos de lesa humanidad.<\/p>\n\n\n<div class=\"wp-block-image\">\n<figure class=\"aligncenter size-full\"><a href=\"https:\/\/www.elsindical.com.ar\/notas\/var\/www\/html\/notas\/wp-content\/uploads\/2025\/10\/Villaruel-y-Olivera.jpeg\"><img loading=\"lazy\" decoding=\"async\" width=\"700\" height=\"467\" src=\"https:\/\/www.elsindical.com.ar\/notas\/var\/www\/html\/notas\/wp-content\/uploads\/2025\/10\/Villaruel-y-Olivera.jpeg\" alt=\"\" class=\"wp-image-140885\" srcset=\"https:\/\/www.elsindical.com.ar\/notas\/var\/www\/html\/notas\/wp-content\/uploads\/2025\/10\/Villaruel-y-Olivera.jpeg 700w, https:\/\/www.elsindical.com.ar\/notas\/var\/www\/html\/notas\/wp-content\/uploads\/2025\/10\/Villaruel-y-Olivera-300x200.jpeg 300w\" sizes=\"auto, (max-width: 700px) 100vw, 700px\" \/><\/a><\/figure>\n<\/div>","protected":false},"excerpt":{"rendered":"<p>El eclesi\u00e1stico celebr\u00f3 la revocaci\u00f3n de la prisi\u00f3n preventiva de un exintegrante de la CNU y difundi\u00f3 su respaldo a la Corte Suprema en una carta publicada en medios y replicada por activistas pro impunidad. El obispo castrense Santiago Olivera expres\u00f3 su satisfacci\u00f3n por el fallo de la Corte Suprema que favoreci\u00f3 a los represores&hellip;<\/p>\n","protected":false},"author":1,"featured_media":140884,"comment_status":"open","ping_status":"open","sticky":false,"template":"","format":"standard","meta":{"footnotes":""},"categories":[25],"tags":[46156,5862,9135,2450,46155,46154,40812],"class_list":["post-140883","post","type-post","status-publish","format-standard","has-post-thumbnail","hentry","category-sociedad","tag-carlos-ernestino-indio-castillo","tag-cnu","tag-corte-suprema-de-justicia-de-la-nacion","tag-diario-el-sindical","tag-obispo-castrence","tag-obispo-santiago-olivera","tag-victoria-villaruel"],"_links":{"self":[{"href":"https:\/\/www.elsindical.com.ar\/notas\/wp-json\/wp\/v2\/posts\/140883","targetHints":{"allow":["GET"]}}],"collection":[{"href":"https:\/\/www.elsindical.com.ar\/notas\/wp-json\/wp\/v2\/posts"}],"about":[{"href":"https:\/\/www.elsindical.com.ar\/notas\/wp-json\/wp\/v2\/types\/post"}],"author":[{"embeddable":true,"href":"https:\/\/www.elsindical.com.ar\/notas\/wp-json\/wp\/v2\/users\/1"}],"replies":[{"embeddable":true,"href":"https:\/\/www.elsindical.com.ar\/notas\/wp-json\/wp\/v2\/comments?post=140883"}],"version-history":[{"count":1,"href":"https:\/\/www.elsindical.com.ar\/notas\/wp-json\/wp\/v2\/posts\/140883\/revisions"}],"predecessor-version":[{"id":140886,"href":"https:\/\/www.elsindical.com.ar\/notas\/wp-json\/wp\/v2\/posts\/140883\/revisions\/140886"}],"wp:featuredmedia":[{"embeddable":true,"href":"https:\/\/www.elsindical.com.ar\/notas\/wp-json\/wp\/v2\/media\/140884"}],"wp:attachment":[{"href":"https:\/\/www.elsindical.com.ar\/notas\/wp-json\/wp\/v2\/media?parent=140883"}],"wp:term":[{"taxonomy":"category","embeddable":true,"href":"https:\/\/www.elsindical.com.ar\/notas\/wp-json\/wp\/v2\/categories?post=140883"},{"taxonomy":"post_tag","embeddable":true,"href":"https:\/\/www.elsindical.com.ar\/notas\/wp-json\/wp\/v2\/tags?post=140883"}],"curies":[{"name":"wp","href":"https:\/\/api.w.org\/{rel}","templated":true}]}}