{"id":140863,"date":"2025-10-29T14:12:59","date_gmt":"2025-10-29T17:12:59","guid":{"rendered":"https:\/\/www.elsindical.com.ar\/notas\/?p=140863"},"modified":"2025-10-29T14:13:31","modified_gmt":"2025-10-29T17:13:31","slug":"masacre-de-avellaneda-ratificaron-la-condena-al-ex-comisario-inspector-alfredo-fanchiotti","status":"publish","type":"post","link":"https:\/\/www.elsindical.com.ar\/notas\/masacre-de-avellaneda-ratificaron-la-condena-al-ex-comisario-inspector-alfredo-fanchiotti\/","title":{"rendered":"Masacre de Avellaneda: ratificaron la condena al ex Comisario Inspector Alfredo Fanchiotti"},"content":{"rendered":"\n<figure class=\"wp-block-image size-full\"><a href=\"https:\/\/www.elsindical.com.ar\/notas\/var\/www\/html\/notas\/wp-content\/uploads\/2025\/10\/Crio-Insp-Alfredo-Franchiotti.jpg\"><img loading=\"lazy\" decoding=\"async\" width=\"880\" height=\"512\" src=\"https:\/\/www.elsindical.com.ar\/notas\/var\/www\/html\/notas\/wp-content\/uploads\/2025\/10\/Crio-Insp-Alfredo-Franchiotti.jpg\" alt=\"\" class=\"wp-image-140864\" srcset=\"https:\/\/www.elsindical.com.ar\/notas\/var\/www\/html\/notas\/wp-content\/uploads\/2025\/10\/Crio-Insp-Alfredo-Franchiotti.jpg 880w, https:\/\/www.elsindical.com.ar\/notas\/var\/www\/html\/notas\/wp-content\/uploads\/2025\/10\/Crio-Insp-Alfredo-Franchiotti-300x175.jpg 300w, https:\/\/www.elsindical.com.ar\/notas\/var\/www\/html\/notas\/wp-content\/uploads\/2025\/10\/Crio-Insp-Alfredo-Franchiotti-768x447.jpg 768w\" sizes=\"auto, (max-width: 880px) 100vw, 880px\" \/><\/a><\/figure>\n\n\n\n<p>La Sala I del Tribunal de Casaci\u00f3n Penal bonaerense rechaz\u00f3 el pedido de prisi\u00f3n domiciliaria presentado por el ex Comisario, Inspector condenado a prisi\u00f3n perpetua por los asesinatos de Dar\u00edo Santill\u00e1n y Maximiliano Kosteki.<\/p>\n\n\n\n<p>La <strong>Sala I del Tribunal de Casaci\u00f3n Penal de la Provincia de Buenos Aires<\/strong> ratific\u00f3 la sentencia que mantiene en prisi\u00f3n al <strong>ex Comisario Inspector Alfredo Fanchiotti<\/strong>, condenado a <strong>prisi\u00f3n perpetua<\/strong> por su responsabilidad en la <strong>Masacre de Avellaneda<\/strong>, ocurrida el <strong>26 de junio de 2002<\/strong>, donde fueron asesinados los militantes sociales\u00a0<strong>Dar\u00edo Santill\u00e1n<\/strong> y <strong>Maximiliano Kosteki<\/strong>.<\/p>\n\n\n\n<p>El tribunal rechaz\u00f3 un nuevo <strong>pedido de prisi\u00f3n domiciliaria<\/strong> presentado por la defensa de Fanchiotti, medida que ya hab\u00eda sido <strong>denegada anteriormente<\/strong>. La resoluci\u00f3n fue celebrada por <strong>familiares, compa\u00f1eros y organismos de derechos humanos<\/strong>, quienes destacaron la importancia de sostener la condena efectiva contra los responsables materiales de los hechos.<\/p>\n\n\n\n<p>\u201cEsta decisi\u00f3n, positiva para todo el campo popular, es el resultado del accionar activo de la querella a cargo de <strong>Paula Alvarado Mamani<\/strong> y de la movilizaci\u00f3n constante de familiares, compa\u00f1eros y amigos de Dar\u00edo y Maxi. No obstante, no nos olvidamos que el mismo poder judicial le otorg\u00f3 la libertad condicional al cabo <strong>Alejandro Acosta<\/strong>, a quien seguiremos escrachando siempre\u201d, expresaron los familiares y compa\u00f1eros de las v\u00edctimas a trav\u00e9s de un comunicado.<\/p>\n\n\n\n<p>En el mismo texto, recordaron que <strong>\u201clos asesinos y sus c\u00f3mplices seguir\u00e1n buscando la excarcelaci\u00f3n\u201d<\/strong> y renovaron el reclamo de <strong>\u201cc\u00e1rcel com\u00fan y efectiva para todos ellos, empezando por (Eduardo) Duhalde y (Felipe) Sol\u00e1\u201d<\/strong>, a quienes se\u00f1alan como responsables pol\u00edticos de la represi\u00f3n ocurrida en el <strong>Puente Pueyrred\u00f3n<\/strong>.<\/p>\n\n\n\n<p>Fanchiotti fue condenado en 2006 junto con el ex cabo <strong>Alejandro Acosta<\/strong> a prisi\u00f3n perpetua por los homicidios de Santill\u00e1n y Kosteki, en una jornada represiva que marc\u00f3 un antes y un despu\u00e9s en la historia social y pol\u00edtica argentina.<\/p>\n","protected":false},"excerpt":{"rendered":"<p>La Sala I del Tribunal de Casaci\u00f3n Penal bonaerense rechaz\u00f3 el pedido de prisi\u00f3n domiciliaria presentado por el ex Comisario, Inspector condenado a prisi\u00f3n perpetua por los asesinatos de Dar\u00edo Santill\u00e1n y Maximiliano Kosteki. La Sala I del Tribunal de Casaci\u00f3n Penal de la Provincia de Buenos Aires ratific\u00f3 la sentencia que mantiene en prisi\u00f3n&hellip;<\/p>\n","protected":false},"author":1,"featured_media":140864,"comment_status":"open","ping_status":"open","sticky":false,"template":"","format":"standard","meta":{"footnotes":""},"categories":[20],"tags":[46149,224,9044,2450,9045,3879],"class_list":["post-140863","post","type-post","status-publish","format-standard","has-post-thumbnail","hentry","category-judiciales","tag-alfredo-franchiotti","tag-condena","tag-dario-santillan","tag-diario-el-sindical","tag-maximiliano-kosteki","tag-prision-domiciliaria"],"_links":{"self":[{"href":"https:\/\/www.elsindical.com.ar\/notas\/wp-json\/wp\/v2\/posts\/140863","targetHints":{"allow":["GET"]}}],"collection":[{"href":"https:\/\/www.elsindical.com.ar\/notas\/wp-json\/wp\/v2\/posts"}],"about":[{"href":"https:\/\/www.elsindical.com.ar\/notas\/wp-json\/wp\/v2\/types\/post"}],"author":[{"embeddable":true,"href":"https:\/\/www.elsindical.com.ar\/notas\/wp-json\/wp\/v2\/users\/1"}],"replies":[{"embeddable":true,"href":"https:\/\/www.elsindical.com.ar\/notas\/wp-json\/wp\/v2\/comments?post=140863"}],"version-history":[{"count":1,"href":"https:\/\/www.elsindical.com.ar\/notas\/wp-json\/wp\/v2\/posts\/140863\/revisions"}],"predecessor-version":[{"id":140865,"href":"https:\/\/www.elsindical.com.ar\/notas\/wp-json\/wp\/v2\/posts\/140863\/revisions\/140865"}],"wp:featuredmedia":[{"embeddable":true,"href":"https:\/\/www.elsindical.com.ar\/notas\/wp-json\/wp\/v2\/media\/140864"}],"wp:attachment":[{"href":"https:\/\/www.elsindical.com.ar\/notas\/wp-json\/wp\/v2\/media?parent=140863"}],"wp:term":[{"taxonomy":"category","embeddable":true,"href":"https:\/\/www.elsindical.com.ar\/notas\/wp-json\/wp\/v2\/categories?post=140863"},{"taxonomy":"post_tag","embeddable":true,"href":"https:\/\/www.elsindical.com.ar\/notas\/wp-json\/wp\/v2\/tags?post=140863"}],"curies":[{"name":"wp","href":"https:\/\/api.w.org\/{rel}","templated":true}]}}