{"id":140857,"date":"2025-10-29T12:35:33","date_gmt":"2025-10-29T15:35:33","guid":{"rendered":"https:\/\/www.elsindical.com.ar\/notas\/?p=140857"},"modified":"2025-10-29T12:35:58","modified_gmt":"2025-10-29T15:35:58","slug":"brasil-aseguran-que-el-numero-de-muertos-en-rio-de-janeiro-asciende-a-120","status":"publish","type":"post","link":"https:\/\/www.elsindical.com.ar\/notas\/brasil-aseguran-que-el-numero-de-muertos-en-rio-de-janeiro-asciende-a-120\/","title":{"rendered":"Brasil: Aseguran que el n\u00famero de muertos en R\u00edo de Janeiro asciende a 120"},"content":{"rendered":"\n<figure class=\"wp-block-image size-large\"><a href=\"https:\/\/www.elsindical.com.ar\/notas\/var\/www\/html\/notas\/wp-content\/uploads\/2025\/10\/muertos-Rio-de-Janeiro-octubre-2025.jpg\"><img loading=\"lazy\" decoding=\"async\" width=\"1024\" height=\"576\" src=\"https:\/\/www.elsindical.com.ar\/notas\/var\/www\/html\/notas\/wp-content\/uploads\/2025\/10\/muertos-Rio-de-Janeiro-octubre-2025-1024x576.jpg\" alt=\"\" class=\"wp-image-140858\" srcset=\"https:\/\/www.elsindical.com.ar\/notas\/var\/www\/html\/notas\/wp-content\/uploads\/2025\/10\/muertos-Rio-de-Janeiro-octubre-2025-1024x576.jpg 1024w, https:\/\/www.elsindical.com.ar\/notas\/var\/www\/html\/notas\/wp-content\/uploads\/2025\/10\/muertos-Rio-de-Janeiro-octubre-2025-300x169.jpg 300w, https:\/\/www.elsindical.com.ar\/notas\/var\/www\/html\/notas\/wp-content\/uploads\/2025\/10\/muertos-Rio-de-Janeiro-octubre-2025-768x432.jpg 768w, https:\/\/www.elsindical.com.ar\/notas\/var\/www\/html\/notas\/wp-content\/uploads\/2025\/10\/muertos-Rio-de-Janeiro-octubre-2025-460x260.jpg 460w, https:\/\/www.elsindical.com.ar\/notas\/var\/www\/html\/notas\/wp-content\/uploads\/2025\/10\/muertos-Rio-de-Janeiro-octubre-2025.jpg 1200w\" sizes=\"auto, (max-width: 1024px) 100vw, 1024px\" \/><\/a><\/figure>\n\n\n\n<p>Los propios vecinos trasladaron cuerpos que fueron encontrando en las calles, tras el mega operativo en R\u00edo de Janeiro.<\/p>\n\n\n\n<p>Los vecinos del complejo de favelas Penha de R\u00edo de Janeiro recuperaron m\u00e1s de 50 cad\u00e1veres un d\u00eda despu\u00e9s del operativo policial m\u00e1s letal en la historia de la ciudad, dirigido contra una importante banda criminal, por lo que <strong>la cifra de muertos ya supera los 120<\/strong>, seg\u00fan informaron medios internacionales.<\/p>\n\n\n\n<p>Las autoridades del estado de\u00a0R\u00edo de Janeiro\u00a0informaron el martes que al menos 64 personas, incluyendo cuatro polic\u00edas, murieron en los operativos. <strong>Se esperaba una actualizaci\u00f3n del balance de v\u00edctimas<\/strong>\u00a0<strong>mortales ya que todos los cuerpos hallados por la gente fueron trasladados a la plaza Sa\u00f5 Lucas por residentes que salieron a buscar a sus familiares desaparecidos<\/strong> tras el operativo, seg\u00fan informaron testigos en el lugar.<\/p>\n\n\n\n<p><strong>El despliegue de 2.500 polic\u00edas en la megaoperaci\u00f3n de este martes,\u00a0<\/strong>que se centr\u00f3 inicialmente en dos grandes barriadas cariocas de favelas, pretend\u00eda frenar la expansi\u00f3n territorial del Comando Vermelho, el segundo grupo m\u00e1s poderoso del crimen organizado en el pa\u00eds sudamericano. La operaci\u00f3n se sald\u00f3 con<strong>\u00a0la detenci\u00f3n de 81 personas,<\/strong>\u00a0seg\u00fan indica un reporte del diario El Pa\u00eds de Madrid.<\/p>\n\n\n\n<p>El&nbsp;operativo policial&nbsp;tuvo lugar d\u00edas antes de que R\u00edo de Janeiro albergue eventos mundiales relacionados con la cumbre clim\u00e1tica de las Naciones Unidas conocida como COP30, incluyendo la cumbre mundial C40 de alcaldes que abordan el cambio clim\u00e1tico y el Premio Earthshot del Pr\u00edncipe Guillermo de Inglaterra.<\/p>\n","protected":false},"excerpt":{"rendered":"<p>Los propios vecinos trasladaron cuerpos que fueron encontrando en las calles, tras el mega operativo en R\u00edo de Janeiro. Los vecinos del complejo de favelas Penha de R\u00edo de Janeiro recuperaron m\u00e1s de 50 cad\u00e1veres un d\u00eda despu\u00e9s del operativo policial m\u00e1s letal en la historia de la ciudad, dirigido contra una importante banda criminal,&hellip;<\/p>\n","protected":false},"author":1,"featured_media":140858,"comment_status":"open","ping_status":"open","sticky":false,"template":"","format":"standard","meta":{"footnotes":""},"categories":[18],"tags":[95,2450,46146,649,7714],"class_list":["post-140857","post","type-post","status-publish","format-standard","has-post-thumbnail","hentry","category-internacionales","tag-brasil","tag-diario-el-sindical","tag-favelas","tag-muertos","tag-rio-de-janeiro"],"_links":{"self":[{"href":"https:\/\/www.elsindical.com.ar\/notas\/wp-json\/wp\/v2\/posts\/140857","targetHints":{"allow":["GET"]}}],"collection":[{"href":"https:\/\/www.elsindical.com.ar\/notas\/wp-json\/wp\/v2\/posts"}],"about":[{"href":"https:\/\/www.elsindical.com.ar\/notas\/wp-json\/wp\/v2\/types\/post"}],"author":[{"embeddable":true,"href":"https:\/\/www.elsindical.com.ar\/notas\/wp-json\/wp\/v2\/users\/1"}],"replies":[{"embeddable":true,"href":"https:\/\/www.elsindical.com.ar\/notas\/wp-json\/wp\/v2\/comments?post=140857"}],"version-history":[{"count":2,"href":"https:\/\/www.elsindical.com.ar\/notas\/wp-json\/wp\/v2\/posts\/140857\/revisions"}],"predecessor-version":[{"id":140860,"href":"https:\/\/www.elsindical.com.ar\/notas\/wp-json\/wp\/v2\/posts\/140857\/revisions\/140860"}],"wp:featuredmedia":[{"embeddable":true,"href":"https:\/\/www.elsindical.com.ar\/notas\/wp-json\/wp\/v2\/media\/140858"}],"wp:attachment":[{"href":"https:\/\/www.elsindical.com.ar\/notas\/wp-json\/wp\/v2\/media?parent=140857"}],"wp:term":[{"taxonomy":"category","embeddable":true,"href":"https:\/\/www.elsindical.com.ar\/notas\/wp-json\/wp\/v2\/categories?post=140857"},{"taxonomy":"post_tag","embeddable":true,"href":"https:\/\/www.elsindical.com.ar\/notas\/wp-json\/wp\/v2\/tags?post=140857"}],"curies":[{"name":"wp","href":"https:\/\/api.w.org\/{rel}","templated":true}]}}