{"id":140808,"date":"2025-10-26T13:07:35","date_gmt":"2025-10-26T16:07:35","guid":{"rendered":"https:\/\/www.elsindical.com.ar\/notas\/?p=140808"},"modified":"2025-10-26T13:11:11","modified_gmt":"2025-10-26T16:11:11","slug":"la-madre-de-javier-milei-fue-a-votar-con-la-licencia-de-conducir-y-tuvo-que-volver-a-su-casa","status":"publish","type":"post","link":"https:\/\/www.elsindical.com.ar\/notas\/la-madre-de-javier-milei-fue-a-votar-con-la-licencia-de-conducir-y-tuvo-que-volver-a-su-casa\/","title":{"rendered":"La madre de Javier Milei fue a votar con la licencia de conducir y tuvo que volver a su casa"},"content":{"rendered":"<div class=\"wp-block-image\">\n<figure class=\"aligncenter size-full is-resized\"><a href=\"https:\/\/www.elsindical.com.ar\/notas\/var\/www\/html\/notas\/wp-content\/uploads\/2025\/10\/Alicia-Lucich-votacion-oct-25.jpg\"><img loading=\"lazy\" decoding=\"async\" width=\"615\" height=\"343\" src=\"https:\/\/www.elsindical.com.ar\/notas\/var\/www\/html\/notas\/wp-content\/uploads\/2025\/10\/Alicia-Lucich-votacion-oct-25.jpg\" alt=\"\" class=\"wp-image-140809\" style=\"width:681px;height:auto\" srcset=\"https:\/\/www.elsindical.com.ar\/notas\/var\/www\/html\/notas\/wp-content\/uploads\/2025\/10\/Alicia-Lucich-votacion-oct-25.jpg 615w, https:\/\/www.elsindical.com.ar\/notas\/var\/www\/html\/notas\/wp-content\/uploads\/2025\/10\/Alicia-Lucich-votacion-oct-25-300x167.jpg 300w\" sizes=\"auto, (max-width: 615px) 100vw, 615px\" \/><\/a><\/figure>\n<\/div>\n\n\n<p>Alicia Lucich lleg\u00f3 al Instituto Pedro Poveda en Vicente L\u00f3pez, se dio cuenta del olvido y tuvo que regresar a buscar su DNI<\/p>\n\n\n\n<p>La madre del presidente Javier Milei,&nbsp;<strong>Alicia Lucich<\/strong>, protagoniz\u00f3 una de las primeras \u00abperlitas\u00bb de las elecciones legislativas de este domingo al&nbsp;<strong>presentarse a votar con su licencia de conducir en lugar del Documento Nacional de Identidad (DNI)<\/strong>, lo que la oblig\u00f3 a regresar a su casa.<\/p>\n\n\n\n<p>Seg\u00fan supo Noticias Argentinas, el divertido percance ocurri\u00f3 en el&nbsp;<strong>Instituto Pedro Poveda de Vicente L\u00f3pez<\/strong>, uno de los centros de votaci\u00f3n donde se concentra la atenci\u00f3n medi\u00e1tica ya que all\u00ed tambi\u00e9n emite su voto la secretaria General de la Presidencia, Karina Milei.<\/p>\n\n\n\n<p>Lucich, con \u00abimpecable brushing en su pelo carr\u00e9 rubio\u00bb, lleg\u00f3 a la puerta del colegio y, reci\u00e9n al momento de ingresar, se dio cuenta de que hab\u00eda llevado el documento equivocado. Tuvo que volver a su domicilio para buscar el DNI y pudo emitir su sufragio reci\u00e9n pasadas las 10 de la ma\u00f1ana.<\/p>\n\n\n\n<p><\/p>\n","protected":false},"excerpt":{"rendered":"<p>Alicia Lucich lleg\u00f3 al Instituto Pedro Poveda en Vicente L\u00f3pez, se dio cuenta del olvido y tuvo que regresar a buscar su DNI La madre del presidente Javier Milei,&nbsp;Alicia Lucich, protagoniz\u00f3 una de las primeras \u00abperlitas\u00bb de las elecciones legislativas de este domingo al&nbsp;presentarse a votar con su licencia de conducir en lugar del Documento&hellip;<\/p>\n","protected":false},"author":1,"featured_media":140809,"comment_status":"open","ping_status":"open","sticky":false,"template":"","format":"standard","meta":{"footnotes":""},"categories":[13,25],"tags":[46134,2450,4799,244,28812],"class_list":["post-140808","post","type-post","status-publish","format-standard","has-post-thumbnail","hentry","category-politica","category-sociedad","tag-alicia-lucich","tag-diario-el-sindical","tag-dni","tag-elecciones","tag-javier-milei"],"_links":{"self":[{"href":"https:\/\/www.elsindical.com.ar\/notas\/wp-json\/wp\/v2\/posts\/140808","targetHints":{"allow":["GET"]}}],"collection":[{"href":"https:\/\/www.elsindical.com.ar\/notas\/wp-json\/wp\/v2\/posts"}],"about":[{"href":"https:\/\/www.elsindical.com.ar\/notas\/wp-json\/wp\/v2\/types\/post"}],"author":[{"embeddable":true,"href":"https:\/\/www.elsindical.com.ar\/notas\/wp-json\/wp\/v2\/users\/1"}],"replies":[{"embeddable":true,"href":"https:\/\/www.elsindical.com.ar\/notas\/wp-json\/wp\/v2\/comments?post=140808"}],"version-history":[{"count":1,"href":"https:\/\/www.elsindical.com.ar\/notas\/wp-json\/wp\/v2\/posts\/140808\/revisions"}],"predecessor-version":[{"id":140810,"href":"https:\/\/www.elsindical.com.ar\/notas\/wp-json\/wp\/v2\/posts\/140808\/revisions\/140810"}],"wp:featuredmedia":[{"embeddable":true,"href":"https:\/\/www.elsindical.com.ar\/notas\/wp-json\/wp\/v2\/media\/140809"}],"wp:attachment":[{"href":"https:\/\/www.elsindical.com.ar\/notas\/wp-json\/wp\/v2\/media?parent=140808"}],"wp:term":[{"taxonomy":"category","embeddable":true,"href":"https:\/\/www.elsindical.com.ar\/notas\/wp-json\/wp\/v2\/categories?post=140808"},{"taxonomy":"post_tag","embeddable":true,"href":"https:\/\/www.elsindical.com.ar\/notas\/wp-json\/wp\/v2\/tags?post=140808"}],"curies":[{"name":"wp","href":"https:\/\/api.w.org\/{rel}","templated":true}]}}