{"id":140803,"date":"2025-10-25T16:27:41","date_gmt":"2025-10-25T19:27:41","guid":{"rendered":"https:\/\/www.elsindical.com.ar\/notas\/?p=140803"},"modified":"2025-10-25T16:27:46","modified_gmt":"2025-10-25T19:27:46","slug":"temporal-en-el-amba-casi-15-mil-usuarios-sin-luz-por-las-fuertes-lluvias","status":"publish","type":"post","link":"https:\/\/www.elsindical.com.ar\/notas\/temporal-en-el-amba-casi-15-mil-usuarios-sin-luz-por-las-fuertes-lluvias\/","title":{"rendered":"Temporal en el AMBA: casi 15 mil usuarios sin luz por las fuertes lluvias"},"content":{"rendered":"\n<figure class=\"wp-block-image size-full\"><a href=\"https:\/\/www.elsindical.com.ar\/notas\/var\/www\/html\/notas\/wp-content\/uploads\/2025\/10\/corte-de-luz-5.jpg\"><img loading=\"lazy\" decoding=\"async\" width=\"850\" height=\"465\" src=\"https:\/\/www.elsindical.com.ar\/notas\/var\/www\/html\/notas\/wp-content\/uploads\/2025\/10\/corte-de-luz-5.jpg\" alt=\"\" class=\"wp-image-140804\" srcset=\"https:\/\/www.elsindical.com.ar\/notas\/var\/www\/html\/notas\/wp-content\/uploads\/2025\/10\/corte-de-luz-5.jpg 850w, https:\/\/www.elsindical.com.ar\/notas\/var\/www\/html\/notas\/wp-content\/uploads\/2025\/10\/corte-de-luz-5-300x164.jpg 300w, https:\/\/www.elsindical.com.ar\/notas\/var\/www\/html\/notas\/wp-content\/uploads\/2025\/10\/corte-de-luz-5-768x420.jpg 768w\" sizes=\"auto, (max-width: 850px) 100vw, 850px\" \/><\/a><\/figure>\n\n\n\n<p>Tras las fuertes tormentas, distintos puntos del Conurbano bonaerense y algunos barrios porte\u00f1os fueron afectados por cortes de luz. Adem\u00e1s, hay calles cortadas y reducci\u00f3n de tr\u00e1nsito.<\/p>\n\n\n\n<p>El intenso diluvio que cay\u00f3 sobre <strong>la Ciudad de Buenos Aires<\/strong> y el conurbano <strong>provoc\u00f3 serias afectaciones en los servicios de transporte y energ\u00eda el\u00e9ctrica<\/strong>, por lo que perjudic\u00f3 a decenas de miles de pasajeros y limitando la circulaci\u00f3n.<\/p>\n\n\n\n<p>Cerca de las 16:00 se contabilizaban casi 15 mil usuarios sin suministro: el <strong>Ente Nacional Regulador de la Electricidad (ENRE)<\/strong> inform\u00f3 que los afectados ascend\u00edan a <strong>14.258<\/strong>: 1.776 correspondientes a la empresa <strong>Edenor<\/strong> y 12.482 a <strong>Edesur<\/strong>.<\/p>\n\n\n\n<p>Los focos m\u00e1s importantes de barrios sin luz tuvieron lugar en el <strong>sur y norte del conurbano<\/strong> bonaerense: Almirante Brown, Avellaneda, Ca\u00f1uelas, Esteban Echeverr\u00eda, Ezeiza, Florencio Varela, Lomas de Zamora y San Vicente; San Fernando y Tigre.<\/p>\n\n\n\n<p>Mientras que los <strong>barrios porte\u00f1os<\/strong> de Flores, Floresta, Parque Avellaneda y Villa Urquiza concentraron gran parte de los cortes. En total, el pico m\u00e1ximo este s\u00e1bado fue de <strong>33.059 usuarios sin suministro el\u00e9ctrico<\/strong>.<\/p>\n\n\n\n<p>Cabe se\u00f1alar que durante las primeras horas de la ma\u00f1ana cayeron cerca de 100 mil\u00edmetros de agua en el AMBA, donde reg\u00eda una alerta naranja por lluvias fuertes y persistentes emitida por<strong> el Servicio Meteorol\u00f3gico Nacional (SMN).<\/strong><\/p>\n\n\n\n<h2 class=\"wp-block-heading\">Temporal en el AMBA: problemas en el transporte p\u00fablico por las lluvias<\/h2>\n\n\n\n<p>En cuanto al<strong> transporte ferroviario, el servicio del ramal Ezeiza del tren Roca se vio limitado<\/strong>, cubriendo solo el tramo <strong>Plaza Constituci\u00f3n-Temperley y Llavallol-Ezeiza<\/strong>. La interrupci\u00f3n se debi\u00f3 al anegamiento de las v\u00edas en la localidad de Turdera, a la vez que el ramal Ca\u00f1uelas-Lobos no opera debido a \u201cobras programadas en la traza\u201d.<\/p>\n\n\n\n<p>Estos inconvenientes se sumaron a los anegamientos en la Avenida General Paz, que qued\u00f3 bajo agua tras la ca\u00edda de 100 mil\u00edmetros de agua en dos horas. Por su parte,<strong> Juan Salari, secretario de Mantenimiento Urbano de la Ciudad de Buenos Aires, indic\u00f3 que el agua comenz\u00f3 a bajar <\/strong>y que \u201cel caudal del arroyo Medrano ya lo tenemos al 98%\u201d, lo que produce un alivio en la zona.<\/p>\n\n\n\n<p>No obstante, <strong>el ministro de Infraestructura y Movilidad, Pablo Bereciartua,<\/strong> sostuvo previamente que<strong> la situaci\u00f3n en la General Paz \u201ces muy grave\u201d<\/strong> y que los barrios m\u00e1s afectados en CABA eran Villa Devoto, Villa Pueyrred\u00f3n y Liniers.<\/p>\n","protected":false},"excerpt":{"rendered":"<p>Tras las fuertes tormentas, distintos puntos del Conurbano bonaerense y algunos barrios porte\u00f1os fueron afectados por cortes de luz. Adem\u00e1s, hay calles cortadas y reducci\u00f3n de tr\u00e1nsito. El intenso diluvio que cay\u00f3 sobre la Ciudad de Buenos Aires y el conurbano provoc\u00f3 serias afectaciones en los servicios de transporte y energ\u00eda el\u00e9ctrica, por lo que&hellip;<\/p>\n","protected":false},"author":1,"featured_media":140804,"comment_status":"open","ping_status":"open","sticky":false,"template":"","format":"standard","meta":{"footnotes":""},"categories":[25],"tags":[3468,5274,10073,2450,1284,376],"class_list":["post-140803","post","type-post","status-publish","format-standard","has-post-thumbnail","hentry","category-sociedad","tag-amba","tag-conurbano","tag-corte-de-luz","tag-diario-el-sindical","tag-temporal","tag-usuarios"],"_links":{"self":[{"href":"https:\/\/www.elsindical.com.ar\/notas\/wp-json\/wp\/v2\/posts\/140803","targetHints":{"allow":["GET"]}}],"collection":[{"href":"https:\/\/www.elsindical.com.ar\/notas\/wp-json\/wp\/v2\/posts"}],"about":[{"href":"https:\/\/www.elsindical.com.ar\/notas\/wp-json\/wp\/v2\/types\/post"}],"author":[{"embeddable":true,"href":"https:\/\/www.elsindical.com.ar\/notas\/wp-json\/wp\/v2\/users\/1"}],"replies":[{"embeddable":true,"href":"https:\/\/www.elsindical.com.ar\/notas\/wp-json\/wp\/v2\/comments?post=140803"}],"version-history":[{"count":1,"href":"https:\/\/www.elsindical.com.ar\/notas\/wp-json\/wp\/v2\/posts\/140803\/revisions"}],"predecessor-version":[{"id":140805,"href":"https:\/\/www.elsindical.com.ar\/notas\/wp-json\/wp\/v2\/posts\/140803\/revisions\/140805"}],"wp:featuredmedia":[{"embeddable":true,"href":"https:\/\/www.elsindical.com.ar\/notas\/wp-json\/wp\/v2\/media\/140804"}],"wp:attachment":[{"href":"https:\/\/www.elsindical.com.ar\/notas\/wp-json\/wp\/v2\/media?parent=140803"}],"wp:term":[{"taxonomy":"category","embeddable":true,"href":"https:\/\/www.elsindical.com.ar\/notas\/wp-json\/wp\/v2\/categories?post=140803"},{"taxonomy":"post_tag","embeddable":true,"href":"https:\/\/www.elsindical.com.ar\/notas\/wp-json\/wp\/v2\/tags?post=140803"}],"curies":[{"name":"wp","href":"https:\/\/api.w.org\/{rel}","templated":true}]}}