{"id":140762,"date":"2025-10-22T22:35:47","date_gmt":"2025-10-23T01:35:47","guid":{"rendered":"https:\/\/www.elsindical.com.ar\/notas\/?p=140762"},"modified":"2025-10-22T22:36:01","modified_gmt":"2025-10-23T01:36:01","slug":"peru-declaro-el-estado-de-emergencia-cuales-son-las-restricciones-en-medio-de-la-crisis-que-atraviesa-el-pais","status":"publish","type":"post","link":"https:\/\/www.elsindical.com.ar\/notas\/peru-declaro-el-estado-de-emergencia-cuales-son-las-restricciones-en-medio-de-la-crisis-que-atraviesa-el-pais\/","title":{"rendered":"Per\u00fa declar\u00f3 el estado de emergencia: cu\u00e1les son las restricciones en medio de la crisis que atraviesa el pa\u00eds"},"content":{"rendered":"\n<figure class=\"wp-block-image size-full\"><a href=\"https:\/\/www.elsindical.com.ar\/notas\/var\/www\/html\/notas\/wp-content\/uploads\/2025\/10\/Peru-estado-de-emergencia-oct-25.jpg\"><img loading=\"lazy\" decoding=\"async\" width=\"798\" height=\"451\" src=\"https:\/\/www.elsindical.com.ar\/notas\/var\/www\/html\/notas\/wp-content\/uploads\/2025\/10\/Peru-estado-de-emergencia-oct-25.jpg\" alt=\"\" class=\"wp-image-140763\" srcset=\"https:\/\/www.elsindical.com.ar\/notas\/var\/www\/html\/notas\/wp-content\/uploads\/2025\/10\/Peru-estado-de-emergencia-oct-25.jpg 798w, https:\/\/www.elsindical.com.ar\/notas\/var\/www\/html\/notas\/wp-content\/uploads\/2025\/10\/Peru-estado-de-emergencia-oct-25-300x170.jpg 300w, https:\/\/www.elsindical.com.ar\/notas\/var\/www\/html\/notas\/wp-content\/uploads\/2025\/10\/Peru-estado-de-emergencia-oct-25-768x434.jpg 768w, https:\/\/www.elsindical.com.ar\/notas\/var\/www\/html\/notas\/wp-content\/uploads\/2025\/10\/Peru-estado-de-emergencia-oct-25-460x260.jpg 460w\" sizes=\"auto, (max-width: 798px) 100vw, 798px\" \/><\/a><\/figure>\n\n\n\n<p>La iniciativa permite restringir derechos como reuniones o la movilidad en motos y contempla la militarizaci\u00f3n de las calles lime\u00f1as.<\/p>\n\n\n\n<p>El presidente interino de Per\u00fa, <strong>Jos\u00e9 Jer\u00ed<\/strong>, anunci\u00f3 en las \u00faltimas horas la declaraci\u00f3n de un estado de emergencia en la capital <strong>Lima <\/strong>y en la vecina provincia portuaria del <strong>Callao <\/strong>a partir de la medianoche de este mi\u00e9rcoles (05.00 GMT), y por un plazo de 30 d\u00edas, para luchar contra la delincuencia organizada.<\/p>\n\n\n\n<p>En un mensaje a la naci\u00f3n emitido a trav\u00e9s de televisi\u00f3n y redes sociales, Jer\u00ed dijo que <strong>\u201cla delincuencia ha crecido de manera desmesurada\u201d<\/strong>, causando un inmenso dolor a miles de familias y perjuicio a la econom\u00eda nacional.<\/p>\n\n\n\n<p>Sin embargo, el mandatario, que todav\u00eda no llega a las dos semanas en el poder tras haber sucedido a la destituida presidenta <strong>Dina Boluarte<\/strong>, agreg\u00f3 que \u201choy empezamos a cambiar la historia\u201d y que la lucha contra el crimen organizado permitir\u00e1 a su pa\u00eds \u201crecuperar la paz y la tranquilidad\u201d.<\/p>\n\n\n\n<p><em><strong>\u201cLas guerras se ganan con acciones y no con palabras\u201d,<\/strong><\/em> afirm\u00f3 sin dar m\u00e1s detalles de las medidas que contiene el estado de emergencia declarado por el Gobierno.<\/p>\n\n\n\n<h2 class=\"wp-block-heading\">Cu\u00e1les son las restricciones en medio de la crisis que atraviesa el pa\u00eds<\/h2>\n\n\n\n<p>De acuerdo al decreto del estado de emergencia publicado en el diario oficial El Peruano, mientras dure esta medida quedan suspendidos derechos fundamentales como la inviolabilidad del domicilio y la libertad de reuni\u00f3n, en un momento donde se est\u00e1n desarrollando una serie de protestas contra el Gobierno y el Congreso por varios motivos, entre ellos la inseguridad.<\/p>\n\n\n\n<p>El estado de emergencia tambi\u00e9n<strong> contempla que las Fuerzas Armadas den apoyo a la Polic\u00eda Nacional<\/strong> en el combate al crimen organizado con patrullas en zonas cr\u00edticas como paraderos, estaciones de metro e instituciones asociadas y otras situaciones de violencia.<\/p>\n\n\n\n<p>Polic\u00edas y militares tambi\u00e9n custodiar\u00e1n instituciones p\u00fablicas e instalar\u00e1n comandos de campa\u00f1a temporales para las fuerzas combinadas en coordinaci\u00f3n con los municipios m\u00e1s afectados masivos y permanentes de decomiso de armas, municiones, explosivos ilegales y artefactos pirot\u00e9cnicos.<\/p>\n\n\n\n<p>Mientras, <strong>en las c\u00e1rceles quedar\u00e1n limitadas las visitas a presos<\/strong>, a la vez el decreto de estado de emergencia prev\u00e9 \u201cun <strong>apag\u00f3n el\u00e9ctrico en las celdas, permitiendo \u00fanicamente la iluminaci\u00f3n<\/strong>\u201d, as\u00ed como \u201cdesmontaje y destrucci\u00f3n de antenas de telecomunicaci\u00f3n il\u00edcitas, encargando el sostenimiento a las Fuerzas Armadas\u201d.<\/p>\n\n\n\n<p>Durante toda la jornada de este martes, el Consejo de Ministros estuvo reunido para elaborar el marco legal del estado de emergencia anunciado hace unos d\u00edas por el mandatario para enfrentar la ola de crimen organizado en Lima, donde reside un tercio de la poblaci\u00f3n peruana.<\/p>\n\n\n\n<p>En el mismo sentido, horas antes de emitir el mensaje a la naci\u00f3n, Jer\u00ed alent\u00f3, en su cuenta de la red social X, con la publicaci\u00f3n:<strong> \u201cde la defensiva a la ofensiva contra la criminalidad\u201d.<\/strong><\/p>\n\n\n\n<p>Aunque el mandatario evit\u00f3 dar mayor informaci\u00f3n sobre el desarrollo de esta medida, el estado de emergencia ha sido decretado por el Ejecutivo peruano en los \u00faltimos a\u00f1os en varias regiones del pa\u00eds, especialmente en la costa norte para combatir la miner\u00eda ilegal, e incluso en algunos distritos de la capital para que la Polic\u00eda Nacional tenga el apoyo de las fuerzas armadas en el control de la seguridad ciudadana.<\/p>\n\n\n\n<p>Asimismo, <strong>varios derechos constitucionales quedan suspendidos durante su vigencia como la libertad de tr\u00e1nsito y de reuni\u00f3n<\/strong>, entre otros.<\/p>\n\n\n\n<p>En las \u00faltimas semanas se realizaron paros de transportistas y movilizaciones de protesta por el impacto del crimen organizado en Lima y otras ciudades del pa\u00eds, que han dejado decenas de fallecidos s\u00f3lo en el gremio de transporte urbano, y esta problem\u00e1tica fue uno de los principales motivos de la destituci\u00f3n de la exmandataria Dina Boluarte (2022-2025) el pasado d\u00eda 9 en el pleno del Congreso.<\/p>\n\n\n\n<p>De acuerdo al Sistema de Informaci\u00f3n de Defunciones (Sinadef), en el trimestre de julio-agosto-setiembre hubo 575 homicidios en Per\u00fa, la cifra m\u00e1s alta de 2025, despu\u00e9s de alcanzar un pico de 580 homicidios en el \u00faltimo trimestre del 2024.<\/p>\n\n\n\n<p>En el tercer trimestre de 2024, <strong>Per\u00fa super\u00f3 el umbral de 500 homicidios por trimestre,<\/strong> despu\u00e9s de reportar menos de la mitad de esa cifra hasta 2017.<\/p>\n","protected":false},"excerpt":{"rendered":"<p>La iniciativa permite restringir derechos como reuniones o la movilidad en motos y contempla la militarizaci\u00f3n de las calles lime\u00f1as. El presidente interino de Per\u00fa, Jos\u00e9 Jer\u00ed, anunci\u00f3 en las \u00faltimas horas la declaraci\u00f3n de un estado de emergencia en la capital Lima y en la vecina provincia portuaria del Callao a partir de la&hellip;<\/p>\n","protected":false},"author":1,"featured_media":140763,"comment_status":"open","ping_status":"open","sticky":false,"template":"","format":"standard","meta":{"footnotes":""},"categories":[18],"tags":[390,2450,46115,7080,17073],"class_list":["post-140762","post","type-post","status-publish","format-standard","has-post-thumbnail","hentry","category-internacionales","tag-crisis","tag-diario-el-sindical","tag-estado-de-emergencia","tag-peru","tag-restricciones"],"_links":{"self":[{"href":"https:\/\/www.elsindical.com.ar\/notas\/wp-json\/wp\/v2\/posts\/140762","targetHints":{"allow":["GET"]}}],"collection":[{"href":"https:\/\/www.elsindical.com.ar\/notas\/wp-json\/wp\/v2\/posts"}],"about":[{"href":"https:\/\/www.elsindical.com.ar\/notas\/wp-json\/wp\/v2\/types\/post"}],"author":[{"embeddable":true,"href":"https:\/\/www.elsindical.com.ar\/notas\/wp-json\/wp\/v2\/users\/1"}],"replies":[{"embeddable":true,"href":"https:\/\/www.elsindical.com.ar\/notas\/wp-json\/wp\/v2\/comments?post=140762"}],"version-history":[{"count":1,"href":"https:\/\/www.elsindical.com.ar\/notas\/wp-json\/wp\/v2\/posts\/140762\/revisions"}],"predecessor-version":[{"id":140764,"href":"https:\/\/www.elsindical.com.ar\/notas\/wp-json\/wp\/v2\/posts\/140762\/revisions\/140764"}],"wp:featuredmedia":[{"embeddable":true,"href":"https:\/\/www.elsindical.com.ar\/notas\/wp-json\/wp\/v2\/media\/140763"}],"wp:attachment":[{"href":"https:\/\/www.elsindical.com.ar\/notas\/wp-json\/wp\/v2\/media?parent=140762"}],"wp:term":[{"taxonomy":"category","embeddable":true,"href":"https:\/\/www.elsindical.com.ar\/notas\/wp-json\/wp\/v2\/categories?post=140762"},{"taxonomy":"post_tag","embeddable":true,"href":"https:\/\/www.elsindical.com.ar\/notas\/wp-json\/wp\/v2\/tags?post=140762"}],"curies":[{"name":"wp","href":"https:\/\/api.w.org\/{rel}","templated":true}]}}