{"id":140739,"date":"2025-10-21T18:11:51","date_gmt":"2025-10-21T21:11:51","guid":{"rendered":"https:\/\/www.elsindical.com.ar\/notas\/?p=140739"},"modified":"2025-10-21T18:12:24","modified_gmt":"2025-10-21T21:12:24","slug":"la-camara-nacional-electoral-resolvio-difundir-los-resultados-por-provincia-y-no-a-nivel-nacional","status":"publish","type":"post","link":"https:\/\/www.elsindical.com.ar\/notas\/la-camara-nacional-electoral-resolvio-difundir-los-resultados-por-provincia-y-no-a-nivel-nacional\/","title":{"rendered":"La C\u00e1mara Nacional Electoral resolvi\u00f3 difundir los resultados por provincia y no a nivel nacional"},"content":{"rendered":"\n<figure class=\"wp-block-image size-large\"><a href=\"https:\/\/www.elsindical.com.ar\/notas\/var\/www\/html\/notas\/wp-content\/uploads\/2023\/10\/urnas-elecciones.jpg\"><img loading=\"lazy\" decoding=\"async\" width=\"1024\" height=\"576\" src=\"https:\/\/www.elsindical.com.ar\/notas\/var\/www\/html\/notas\/wp-content\/uploads\/2023\/10\/urnas-elecciones-1024x576.jpg\" alt=\"\" class=\"wp-image-126051\" srcset=\"https:\/\/www.elsindical.com.ar\/notas\/var\/www\/html\/notas\/wp-content\/uploads\/2023\/10\/urnas-elecciones-1024x576.jpg 1024w, https:\/\/www.elsindical.com.ar\/notas\/var\/www\/html\/notas\/wp-content\/uploads\/2023\/10\/urnas-elecciones-300x169.jpg 300w, https:\/\/www.elsindical.com.ar\/notas\/var\/www\/html\/notas\/wp-content\/uploads\/2023\/10\/urnas-elecciones-768x432.jpg 768w, https:\/\/www.elsindical.com.ar\/notas\/var\/www\/html\/notas\/wp-content\/uploads\/2023\/10\/urnas-elecciones-500x281.jpg 500w, https:\/\/www.elsindical.com.ar\/notas\/var\/www\/html\/notas\/wp-content\/uploads\/2023\/10\/urnas-elecciones-460x260.jpg 460w, https:\/\/www.elsindical.com.ar\/notas\/var\/www\/html\/notas\/wp-content\/uploads\/2023\/10\/urnas-elecciones.jpg 1200w\" sizes=\"auto, (max-width: 1024px) 100vw, 1024px\" \/><\/a><\/figure>\n\n\n\n<p>La CNE dictamin\u00f3 que los resultados de las elecciones legislativas del 26 de octubre deber\u00e1n publicarse por distrito y no de manera global, como pretend\u00eda el oficialismo de La Libertad Avanza.<\/p>\n\n\n\n<p>La <strong>C\u00e1mara Nacional Electoral (CNE) resolvi\u00f3 que el Gobierno deber\u00e1 difundir los resultados de las elecciones legislativas por provincia y no de forma consolidada a nivel nacional<\/strong>. El fallo, que contradice la intenci\u00f3n de La Libertad Avanza (LLA) de mostrar una imagen de \u201ctriunfalismo\u201d la noche del 26 de octubre, fue emitido este martes por los jueces Daniel Bejas, Alberto Dalla Via y Santiago Corcuera.<\/p>\n\n\n\n<p>La decisi\u00f3n judicial respondi\u00f3 a un reclamo presentado por Fuerza Patria (FP), la Uni\u00f3n C\u00edvica Radical (UCR) y el Frente de Izquierda de los Trabajadores (FIT), quienes advirtieron que un conteo global pod\u00eda inducir a interpretaciones err\u00f3neas del resultado electoral. En su resoluci\u00f3n, la CNE sostuvo que <strong>\u201cno hay margen de interpretaci\u00f3n alguno que permita llevar adelante un escrutinio global del territorio nacional\u201d<\/strong> en elecciones legislativas.<\/p>\n\n\n\n<p>El Tribunal record\u00f3 que los esca\u00f1os de diputados y senadores se asignan seg\u00fan los votos obtenidos en cada provincia, por lo que la publicaci\u00f3n de los resultados debe respetar esa estructura. Por eso, instruy\u00f3 a la <strong>Direcci\u00f3n Nacional Electoral (DINE), dependiente del Ministerio del Interior, a difundir el escrutinio provisorio \u201cpor distrito electoral\u201d.<\/strong><\/p>\n\n\n\n<p>De esta forma, la CNE mantiene el criterio hist\u00f3rico que garantiza la transparencia del proceso y evita confusiones durante la noche electoral, cuando el pa\u00eds siga los resultados de unos comicios que se desarrollan en medio de la crisis econ\u00f3mica y cambiaria.<\/p>\n","protected":false},"excerpt":{"rendered":"<p>La CNE dictamin\u00f3 que los resultados de las elecciones legislativas del 26 de octubre deber\u00e1n publicarse por distrito y no de manera global, como pretend\u00eda el oficialismo de La Libertad Avanza. La C\u00e1mara Nacional Electoral (CNE) resolvi\u00f3 que el Gobierno deber\u00e1 difundir los resultados de las elecciones legislativas por provincia y no de forma consolidada&hellip;<\/p>\n","protected":false},"author":1,"featured_media":126051,"comment_status":"open","ping_status":"open","sticky":false,"template":"","format":"standard","meta":{"footnotes":""},"categories":[20,13],"tags":[14370,2450,244,46044,40628],"class_list":["post-140739","post","type-post","status-publish","format-standard","has-post-thumbnail","hentry","category-judiciales","category-politica","tag-cne","tag-diario-el-sindical","tag-elecciones","tag-fp","tag-lla"],"_links":{"self":[{"href":"https:\/\/www.elsindical.com.ar\/notas\/wp-json\/wp\/v2\/posts\/140739","targetHints":{"allow":["GET"]}}],"collection":[{"href":"https:\/\/www.elsindical.com.ar\/notas\/wp-json\/wp\/v2\/posts"}],"about":[{"href":"https:\/\/www.elsindical.com.ar\/notas\/wp-json\/wp\/v2\/types\/post"}],"author":[{"embeddable":true,"href":"https:\/\/www.elsindical.com.ar\/notas\/wp-json\/wp\/v2\/users\/1"}],"replies":[{"embeddable":true,"href":"https:\/\/www.elsindical.com.ar\/notas\/wp-json\/wp\/v2\/comments?post=140739"}],"version-history":[{"count":1,"href":"https:\/\/www.elsindical.com.ar\/notas\/wp-json\/wp\/v2\/posts\/140739\/revisions"}],"predecessor-version":[{"id":140740,"href":"https:\/\/www.elsindical.com.ar\/notas\/wp-json\/wp\/v2\/posts\/140739\/revisions\/140740"}],"wp:featuredmedia":[{"embeddable":true,"href":"https:\/\/www.elsindical.com.ar\/notas\/wp-json\/wp\/v2\/media\/126051"}],"wp:attachment":[{"href":"https:\/\/www.elsindical.com.ar\/notas\/wp-json\/wp\/v2\/media?parent=140739"}],"wp:term":[{"taxonomy":"category","embeddable":true,"href":"https:\/\/www.elsindical.com.ar\/notas\/wp-json\/wp\/v2\/categories?post=140739"},{"taxonomy":"post_tag","embeddable":true,"href":"https:\/\/www.elsindical.com.ar\/notas\/wp-json\/wp\/v2\/tags?post=140739"}],"curies":[{"name":"wp","href":"https:\/\/api.w.org\/{rel}","templated":true}]}}