{"id":140725,"date":"2025-10-20T21:48:32","date_gmt":"2025-10-21T00:48:32","guid":{"rendered":"https:\/\/www.elsindical.com.ar\/notas\/?p=140725"},"modified":"2025-10-20T21:48:40","modified_gmt":"2025-10-21T00:48:40","slug":"milei-cancelo-todos-sus-actos-en-la-provincia-y-dejo-solo-a-santilli","status":"publish","type":"post","link":"https:\/\/www.elsindical.com.ar\/notas\/milei-cancelo-todos-sus-actos-en-la-provincia-y-dejo-solo-a-santilli\/","title":{"rendered":"Milei cancel\u00f3 todos sus actos en la Provincia y dej\u00f3 solo a Santilli"},"content":{"rendered":"<div class=\"wp-block-image\">\n<figure class=\"aligncenter size-full\"><a href=\"https:\/\/www.elsindical.com.ar\/notas\/var\/www\/html\/notas\/wp-content\/uploads\/2025\/10\/Diego-Santilli-pulgar-arriba.jpg\"><img loading=\"lazy\" decoding=\"async\" width=\"700\" height=\"394\" src=\"https:\/\/www.elsindical.com.ar\/notas\/var\/www\/html\/notas\/wp-content\/uploads\/2025\/10\/Diego-Santilli-pulgar-arriba.jpg\" alt=\"\" class=\"wp-image-140726\" srcset=\"https:\/\/www.elsindical.com.ar\/notas\/var\/www\/html\/notas\/wp-content\/uploads\/2025\/10\/Diego-Santilli-pulgar-arriba.jpg 700w, https:\/\/www.elsindical.com.ar\/notas\/var\/www\/html\/notas\/wp-content\/uploads\/2025\/10\/Diego-Santilli-pulgar-arriba-300x169.jpg 300w, https:\/\/www.elsindical.com.ar\/notas\/var\/www\/html\/notas\/wp-content\/uploads\/2025\/10\/Diego-Santilli-pulgar-arriba-460x260.jpg 460w\" sizes=\"auto, (max-width: 700px) 100vw, 700px\" \/><\/a><\/figure>\n<\/div>\n\n\n<p>En una decisi\u00f3n sorpresiva y de alto impacto pol\u00edtico, el Presidente, Javier Milei, cancel\u00f3 toda su agenda de actos en la provincia de Buenos Aires para poner punto final para la campa\u00f1a en el distrito m\u00e1s importante del pa\u00eds y se <strong>despedirse de manera anticipada de la batalla electoral bonaerense<\/strong>, dejando al candidato Diego Santilli al frente de la \u00faltima y decisiva semana de cara a las legislativas.<\/p>\n\n\n\n<p>La determinaci\u00f3n se tom\u00f3 este fin de semana en Olivos. El mandatario suspendi\u00f3 la actividad que ten\u00eda prevista para este mi\u00e9rcoles en Ezeiza y <strong>no volver\u00e1 a encabezar ning\u00fan otro evento en el territorio que gobierna Axel Kicillof.<\/strong><\/p>\n\n\n\n<p>La decisi\u00f3n llega tras una err\u00e1tica y accidentada participaci\u00f3n de Milei en la campa\u00f1a bonaerense, que incluy\u00f3 la<strong> escandalosa renuncia de Jos\u00e9 Luis Espert <\/strong>y estuvo marcada por escraches, protestas y actos que debieron ser suspendidos abruptamente en distritos como Lomas de Zamora, Moreno, Jun\u00edn y Mar del Plata.<\/p>\n\n\n\n<p>La gota que rebals\u00f3 el vaso fue el <strong>violento cierre de su \u00faltima aparici\u00f3n, el viernes pasado en Tres de Febrero<\/strong>, que termin\u00f3 con enfrentamientos y una militante libertaria persiguiendo con un cuchillo a fot\u00f3grafos que cubr\u00edan el evento.<\/p>\n\n\n\n<p>Fuentes de la Casa Rosada revelaron que Milei analiz\u00f3 este fin de semana las \u00faltimas encuestas. Tras la renuncia de Espert, La Libertad Avanza aparec\u00eda 18 puntos por debajo del peronismo. Sin embargo, los nuevos n\u00fameros reflejan un cambio de tendencia que, si bien no alcanza para una victoria, <strong>podr\u00eda achicar la distancia a unos 8 puntos, un escenario que en el oficialismo consideran una \u201cderrota digna\u201d.<\/strong><\/p>\n\n\n\n<p>Para no cometer m\u00e1s <strong>\u201cerrores no forzados\u201d y descomprimir la tensi\u00f3n, e<\/strong>l Presidente decidi\u00f3 correrse de la escena bonaerense. La ausencia de Milei implica tambi\u00e9n la de su hermana Karina y la del armador Sebasti\u00e1n Pareja.<\/p>\n\n\n\n<p>Con la campa\u00f1a bonaerense en manos de Santilli, <strong>Milei solo encabezar\u00e1 dos actos m\u00e1s antes de la veda:<\/strong> este martes viajar\u00e1 a C\u00f3rdoba y el jueves realizar\u00e1 el cierre de campa\u00f1a nacional en Rosario.<\/p>\n\n\n\n<p>La decisi\u00f3n se toma en un clima de <strong>fuerte inestabilidad financiera y con un Gabinete en ebullici\u00f3n<\/strong>, donde crecen los rumores sobre la posible renuncia del canciller Gerardo Werthein por el \u201cdesmanejo diplom\u00e1tico\u201d del \u00faltimo encuentro con Donald Trump.<\/p>\n","protected":false},"excerpt":{"rendered":"<p>En una decisi\u00f3n sorpresiva y de alto impacto pol\u00edtico, el Presidente, Javier Milei, cancel\u00f3 toda su agenda de actos en la provincia de Buenos Aires para poner punto final para la campa\u00f1a en el distrito m\u00e1s importante del pa\u00eds y se despedirse de manera anticipada de la batalla electoral bonaerense, dejando al candidato Diego Santilli&hellip;<\/p>\n","protected":false},"author":1,"featured_media":140726,"comment_status":"open","ping_status":"open","sticky":false,"template":"","format":"standard","meta":{"footnotes":""},"categories":[13],"tags":[31318,2450,756,244,28812,28399,40628],"class_list":["post-140725","post","type-post","status-publish","format-standard","has-post-thumbnail","hentry","category-politica","tag-campana-2","tag-diario-el-sindical","tag-diego-santilli","tag-elecciones","tag-javier-milei","tag-jose-luis-espert","tag-lla"],"_links":{"self":[{"href":"https:\/\/www.elsindical.com.ar\/notas\/wp-json\/wp\/v2\/posts\/140725","targetHints":{"allow":["GET"]}}],"collection":[{"href":"https:\/\/www.elsindical.com.ar\/notas\/wp-json\/wp\/v2\/posts"}],"about":[{"href":"https:\/\/www.elsindical.com.ar\/notas\/wp-json\/wp\/v2\/types\/post"}],"author":[{"embeddable":true,"href":"https:\/\/www.elsindical.com.ar\/notas\/wp-json\/wp\/v2\/users\/1"}],"replies":[{"embeddable":true,"href":"https:\/\/www.elsindical.com.ar\/notas\/wp-json\/wp\/v2\/comments?post=140725"}],"version-history":[{"count":1,"href":"https:\/\/www.elsindical.com.ar\/notas\/wp-json\/wp\/v2\/posts\/140725\/revisions"}],"predecessor-version":[{"id":140727,"href":"https:\/\/www.elsindical.com.ar\/notas\/wp-json\/wp\/v2\/posts\/140725\/revisions\/140727"}],"wp:featuredmedia":[{"embeddable":true,"href":"https:\/\/www.elsindical.com.ar\/notas\/wp-json\/wp\/v2\/media\/140726"}],"wp:attachment":[{"href":"https:\/\/www.elsindical.com.ar\/notas\/wp-json\/wp\/v2\/media?parent=140725"}],"wp:term":[{"taxonomy":"category","embeddable":true,"href":"https:\/\/www.elsindical.com.ar\/notas\/wp-json\/wp\/v2\/categories?post=140725"},{"taxonomy":"post_tag","embeddable":true,"href":"https:\/\/www.elsindical.com.ar\/notas\/wp-json\/wp\/v2\/tags?post=140725"}],"curies":[{"name":"wp","href":"https:\/\/api.w.org\/{rel}","templated":true}]}}