{"id":140674,"date":"2025-10-17T23:11:37","date_gmt":"2025-10-18T02:11:37","guid":{"rendered":"https:\/\/www.elsindical.com.ar\/notas\/?p=140674"},"modified":"2025-10-17T23:11:41","modified_gmt":"2025-10-18T02:11:41","slug":"dia-de-la-lealtad-en-san-vicente-kicillof-llamo-a-la-unidad-y-apunto-contra-el-plan-economico-de-milei","status":"publish","type":"post","link":"https:\/\/www.elsindical.com.ar\/notas\/dia-de-la-lealtad-en-san-vicente-kicillof-llamo-a-la-unidad-y-apunto-contra-el-plan-economico-de-milei\/","title":{"rendered":"D\u00eda de la Lealtad en San Vicente: Kicillof llam\u00f3 a la unidad y apunt\u00f3 contra el plan econ\u00f3mico de Milei"},"content":{"rendered":"\n<figure class=\"wp-block-image size-large\"><a href=\"https:\/\/www.elsindical.com.ar\/notas\/var\/www\/html\/notas\/wp-content\/uploads\/2025\/10\/Dia-de-la-Lealtad-2025.jpg\"><img loading=\"lazy\" decoding=\"async\" width=\"1024\" height=\"576\" src=\"https:\/\/www.elsindical.com.ar\/notas\/var\/www\/html\/notas\/wp-content\/uploads\/2025\/10\/Dia-de-la-Lealtad-2025-1024x576.jpg\" alt=\"\" class=\"wp-image-140675\" srcset=\"https:\/\/www.elsindical.com.ar\/notas\/var\/www\/html\/notas\/wp-content\/uploads\/2025\/10\/Dia-de-la-Lealtad-2025-1024x576.jpg 1024w, https:\/\/www.elsindical.com.ar\/notas\/var\/www\/html\/notas\/wp-content\/uploads\/2025\/10\/Dia-de-la-Lealtad-2025-300x169.jpg 300w, https:\/\/www.elsindical.com.ar\/notas\/var\/www\/html\/notas\/wp-content\/uploads\/2025\/10\/Dia-de-la-Lealtad-2025-768x432.jpg 768w, https:\/\/www.elsindical.com.ar\/notas\/var\/www\/html\/notas\/wp-content\/uploads\/2025\/10\/Dia-de-la-Lealtad-2025-460x260.jpg 460w, https:\/\/www.elsindical.com.ar\/notas\/var\/www\/html\/notas\/wp-content\/uploads\/2025\/10\/Dia-de-la-Lealtad-2025.jpg 1280w\" sizes=\"auto, (max-width: 1024px) 100vw, 1024px\" \/><\/a><\/figure>\n\n\n\n<p>En la hist\u00f3rica Quinta de Per\u00f3n, el gobernador bonaerense pidi\u00f3 \u201cmilitar y llenar las urnas de votos\u201d el 26 de octubre y ubic\u00f3 la unidad como puente hacia 2027.<\/p>\n\n\n\n<p>El <strong>80\u00b0 aniversario del 17 de octubre<\/strong> reuni\u00f3 a intendentes, sindicalistas, funcionarios provinciales y referentes del peronismo en <strong>San Vicente<\/strong>, donde <strong>Axel Kicillof<\/strong> encabez\u00f3 un acto que combin\u00f3 liturgia, repaso hist\u00f3rico y definiciones pol\u00edticas de corto y mediano plazo. En el escenario se alternaron <strong>Ver\u00f3nica Magario<\/strong>, <strong>Jorge Taiana<\/strong> y <strong>Juan Grabois<\/strong>, ante una militancia que cop\u00f3 el predio con banderas tradicionales y coron\u00f3 la jornada con la <strong>Marcha Peronista<\/strong>.<\/p>\n\n\n\n<p>Kicillof situ\u00f3 el presente econ\u00f3mico como eje de su discurso y volvi\u00f3 a cuestionar al Presidente. \u201c<strong>Milei va ya por el cuarto salvataje porque su pol\u00edtica econ\u00f3mica es un fracaso: nadie que va por el camino correcto necesita que los salven cuatro veces<\/strong>\u201d, dijo. Reivindic\u00f3 adem\u00e1s la identidad del espacio \u2014\u201c<strong>En nuestro pa\u00eds la dignidad se llama peronismo<\/strong>\u201d\u2014 y lig\u00f3 el objetivo inmediato con la hoja de ruta hacia la pr\u00f3xima presidencial: \u201c<strong>Tenemos que dedicarnos a construir con unidad, con conciencia, con responsabilidad, aquello que en el a\u00f1o 27 va a devolver al peronismo a la Casa de Gobierno<\/strong>\u201d. En la arena judicial, calific\u00f3 como <strong>\u201cinjusta\u201d<\/strong> la condena a <strong>Cristina Fern\u00e1ndez de Kirchner<\/strong>.<\/p>\n\n\n\n<p>El llamado al voto fue expl\u00edcito: pidi\u00f3 \u201c<strong>militar y llenar las urnas de votos<\/strong>\u201d en las legislativas del <strong>26 de octubre<\/strong>, definidas como primer pelda\u00f1o para \u201cconstruir una alternativa a la derecha y ultraderecha\u201d. En la misma l\u00ednea, <strong>Jorge Taiana<\/strong> sostuvo: \u201c<strong>El 26 de octubre vamos a reafirmar el triunfo; es una parada clave para el rumbo que queremos<\/strong>\u201d.<\/p>\n\n\n<div class=\"wp-block-image\">\n<figure class=\"aligncenter size-full\"><a href=\"https:\/\/www.elsindical.com.ar\/notas\/var\/www\/html\/notas\/wp-content\/uploads\/2025\/10\/Dia-de-la-Lealtad-2025-San-Vicente.jpg\"><img loading=\"lazy\" decoding=\"async\" width=\"700\" height=\"394\" src=\"https:\/\/www.elsindical.com.ar\/notas\/var\/www\/html\/notas\/wp-content\/uploads\/2025\/10\/Dia-de-la-Lealtad-2025-San-Vicente.jpg\" alt=\"\" class=\"wp-image-140676\" srcset=\"https:\/\/www.elsindical.com.ar\/notas\/var\/www\/html\/notas\/wp-content\/uploads\/2025\/10\/Dia-de-la-Lealtad-2025-San-Vicente.jpg 700w, https:\/\/www.elsindical.com.ar\/notas\/var\/www\/html\/notas\/wp-content\/uploads\/2025\/10\/Dia-de-la-Lealtad-2025-San-Vicente-300x169.jpg 300w, https:\/\/www.elsindical.com.ar\/notas\/var\/www\/html\/notas\/wp-content\/uploads\/2025\/10\/Dia-de-la-Lealtad-2025-San-Vicente-460x260.jpg 460w\" sizes=\"auto, (max-width: 700px) 100vw, 700px\" \/><\/a><\/figure>\n<\/div>\n\n\n<h2 class=\"wp-block-heading\">Ni yanquis\u2026<\/h2>\n\n\n\n<p>Por su parte, <strong>Ver\u00f3nica Magario<\/strong> subray\u00f3 su rol como <strong>vicepresidenta del PJ bonaerense<\/strong> en tiempos de recambio interno. \u201c<strong>Nosotros no somos yanquis, somos peronistas y argentinos<\/strong>\u201d, afirm\u00f3, y agreg\u00f3: \u201c<strong>Es hora de dar vuelta la p\u00e1gina de la historia y empieza ac\u00e1, el lugar donde est\u00e1 Per\u00f3n y merece que en estos 80 a\u00f1os le pongamos respeto<\/strong>\u201d. La consigna musical \u201c<strong>Este pueblo no cambia de idea<\/strong>\u201d encendi\u00f3 a la militancia y marc\u00f3 uno de los picos emotivos de la tarde.<\/p>\n\n\n\n<p>La postal del poder territorial incluy\u00f3 a <strong>Carlos Bianco, Wado de Pedro, Juan Grabois<\/strong> y a los intendentes <strong>Julio Alak, Mario Secco, Gast\u00f3n Granados<\/strong> y <strong>Federico Oterm\u00edn<\/strong>, entre otros, adem\u00e1s de representaciones del <strong>Frente Renovador<\/strong>. Hubo organizaci\u00f3n milim\u00e9trica alrededor del escenario: livings, mesas y un sector de <strong>catering con wi-fi<\/strong> para dirigentes y asesores. Un cap\u00edtulo aparte se llev\u00f3 la avioneta publicitaria del intendente <strong>Fernando Gray<\/strong>, que por la ma\u00f1ana sobrevol\u00f3 el predio promocion\u00e1ndolo como \u201cla renovaci\u00f3n del peronismo\u201d.<\/p>\n","protected":false},"excerpt":{"rendered":"<p>En la hist\u00f3rica Quinta de Per\u00f3n, el gobernador bonaerense pidi\u00f3 \u201cmilitar y llenar las urnas de votos\u201d el 26 de octubre y ubic\u00f3 la unidad como puente hacia 2027. El 80\u00b0 aniversario del 17 de octubre reuni\u00f3 a intendentes, sindicalistas, funcionarios provinciales y referentes del peronismo en San Vicente, donde Axel Kicillof encabez\u00f3 un acto&hellip;<\/p>\n","protected":false},"author":1,"featured_media":140675,"comment_status":"open","ping_status":"open","sticky":false,"template":"","format":"standard","meta":{"footnotes":""},"categories":[13],"tags":[4933,2450,32496,3722,2871,22025,3736,27344],"class_list":["post-140674","post","type-post","status-publish","format-standard","has-post-thumbnail","hentry","category-politica","tag-dia-de-la-lealtad","tag-diario-el-sindical","tag-gobernador-axel-kicillof","tag-jorge-taiana","tag-juan-grabois","tag-politica","tag-san-vicente","tag-veronica-magario"],"_links":{"self":[{"href":"https:\/\/www.elsindical.com.ar\/notas\/wp-json\/wp\/v2\/posts\/140674","targetHints":{"allow":["GET"]}}],"collection":[{"href":"https:\/\/www.elsindical.com.ar\/notas\/wp-json\/wp\/v2\/posts"}],"about":[{"href":"https:\/\/www.elsindical.com.ar\/notas\/wp-json\/wp\/v2\/types\/post"}],"author":[{"embeddable":true,"href":"https:\/\/www.elsindical.com.ar\/notas\/wp-json\/wp\/v2\/users\/1"}],"replies":[{"embeddable":true,"href":"https:\/\/www.elsindical.com.ar\/notas\/wp-json\/wp\/v2\/comments?post=140674"}],"version-history":[{"count":1,"href":"https:\/\/www.elsindical.com.ar\/notas\/wp-json\/wp\/v2\/posts\/140674\/revisions"}],"predecessor-version":[{"id":140677,"href":"https:\/\/www.elsindical.com.ar\/notas\/wp-json\/wp\/v2\/posts\/140674\/revisions\/140677"}],"wp:featuredmedia":[{"embeddable":true,"href":"https:\/\/www.elsindical.com.ar\/notas\/wp-json\/wp\/v2\/media\/140675"}],"wp:attachment":[{"href":"https:\/\/www.elsindical.com.ar\/notas\/wp-json\/wp\/v2\/media?parent=140674"}],"wp:term":[{"taxonomy":"category","embeddable":true,"href":"https:\/\/www.elsindical.com.ar\/notas\/wp-json\/wp\/v2\/categories?post=140674"},{"taxonomy":"post_tag","embeddable":true,"href":"https:\/\/www.elsindical.com.ar\/notas\/wp-json\/wp\/v2\/tags?post=140674"}],"curies":[{"name":"wp","href":"https:\/\/api.w.org\/{rel}","templated":true}]}}