{"id":140671,"date":"2025-10-17T23:06:05","date_gmt":"2025-10-18T02:06:05","guid":{"rendered":"https:\/\/www.elsindical.com.ar\/notas\/?p=140671"},"modified":"2025-10-17T23:06:36","modified_gmt":"2025-10-18T02:06:36","slug":"milei-llevo-su-campana-a-tres-de-febrero-y-busco-apuntalar-a-santilli-en-la-provincia","status":"publish","type":"post","link":"https:\/\/www.elsindical.com.ar\/notas\/milei-llevo-su-campana-a-tres-de-febrero-y-busco-apuntalar-a-santilli-en-la-provincia\/","title":{"rendered":"Milei llev\u00f3 su campa\u00f1a a Tres de Febrero y busc\u00f3 apuntalar a Santilli en la provincia"},"content":{"rendered":"<div class=\"wp-block-image\">\n<figure class=\"aligncenter size-large\"><a href=\"https:\/\/www.elsindical.com.ar\/notas\/var\/www\/html\/notas\/wp-content\/uploads\/2025\/10\/Javier-Milei-en-Tres-de-Febrero.jpg\"><img loading=\"lazy\" decoding=\"async\" width=\"1024\" height=\"576\" src=\"https:\/\/www.elsindical.com.ar\/notas\/var\/www\/html\/notas\/wp-content\/uploads\/2025\/10\/Javier-Milei-en-Tres-de-Febrero-1024x576.jpg\" alt=\"\" class=\"wp-image-140672\" srcset=\"https:\/\/www.elsindical.com.ar\/notas\/var\/www\/html\/notas\/wp-content\/uploads\/2025\/10\/Javier-Milei-en-Tres-de-Febrero-1024x576.jpg 1024w, https:\/\/www.elsindical.com.ar\/notas\/var\/www\/html\/notas\/wp-content\/uploads\/2025\/10\/Javier-Milei-en-Tres-de-Febrero-300x169.jpg 300w, https:\/\/www.elsindical.com.ar\/notas\/var\/www\/html\/notas\/wp-content\/uploads\/2025\/10\/Javier-Milei-en-Tres-de-Febrero-768x432.jpg 768w, https:\/\/www.elsindical.com.ar\/notas\/var\/www\/html\/notas\/wp-content\/uploads\/2025\/10\/Javier-Milei-en-Tres-de-Febrero-460x260.jpg 460w, https:\/\/www.elsindical.com.ar\/notas\/var\/www\/html\/notas\/wp-content\/uploads\/2025\/10\/Javier-Milei-en-Tres-de-Febrero.jpg 1280w\" sizes=\"auto, (max-width: 1024px) 100vw, 1024px\" \/><\/a><\/figure>\n<\/div>\n\n\n<p>En clave proselitista, el presidente <strong>Javier Milei<\/strong> encabez\u00f3 una recorrida en <strong>Tres de Febrero<\/strong> con la mira puesta en <strong>acortar la brecha con el peronismo<\/strong> y <strong>potenciar a Diego Santilli<\/strong> como principal candidato a diputado en la Provincia de Buenos Aires, distrito que concentra casi el <strong>40% del padr\u00f3n<\/strong>. La actividad se realiz\u00f3 en un territorio gobernado por <strong>Diego Valenzuela<\/strong>, dirigente afianzado en <strong>La Libertad Avanza (LLA)<\/strong>, elegido por los estrategas oficialistas para minimizar eventuales incidentes.<\/p>\n\n\n\n<p>A Milei lo acompa\u00f1aron <strong>Diego Santilli<\/strong>, <strong>Patricia Bullrich<\/strong> \u2014ministra de Seguridad y candidata a senadora por CABA\u2014, <strong>Diego Valenzuela<\/strong>, <strong>Karen Reichardt<\/strong>, <strong>Cristian Ritondo<\/strong> y <strong>Sebasti\u00e1n Pareja<\/strong>. En ese marco, el Presidente apel\u00f3 a un discurso de alto voltaje pol\u00edtico para galvanizar a la militancia. <strong>\u201cEstamos frente a un momento bisagra: la posibilidad de abrazar la civilizaci\u00f3n y la libertad, o volver a la barbarie comunista de los Kirchner\u201d<\/strong>, plante\u00f3. Y defendi\u00f3 su gesti\u00f3n: <strong>\u201cEntiendo que este momento es duro, pero tambi\u00e9n es cierto que hoy hay menos inflaci\u00f3n, menos pobreza, menos indigencia, menos narcotr\u00e1fico y menos inseguridad.\u201d<\/strong><\/p>\n\n\n\n<p>Milei incorpor\u00f3 adem\u00e1s referencias hist\u00f3ricas para enmarcar su mensaje. <strong>\u201cEn este lugar, donde Urquiza derrot\u00f3 al tirano Juan Manuel de Rosas, comenzaron a plasmarse las ideas de Juan Bautista Alberdi, que luego de treinta a\u00f1os de aplicarlas nos convirtieron en una de las potencias mundiales.\u201d<\/strong> Hacia el final, dej\u00f3 un pedido directo a la militancia: <strong>\u201cEstamos a mitad de camino. Les pido que no aflojen, que sigan abrazando las ideas de la libertad. La Libertad Avanza o la Argentina retrocede. \u00a1A seguir al Colo y a Karen, que les vamos a ganar!\u201d<\/strong><\/p>\n\n\n\n<h2 class=\"wp-block-heading\">Estrategia y controversia<\/h2>\n\n\n\n<p>El oficialismo busca <strong>elevar la participaci\u00f3n electoral<\/strong>, que en octubre fue del <strong>60,98%<\/strong>, y <strong>captar a los 5,6 millones de bonaerenses<\/strong> que no fueron a votar. En ese tablero, la figura de <strong>Santilli<\/strong> se vuelve central para intentar achicar la diferencia superior a <strong>10 puntos<\/strong> con el espacio que lidera <strong>Axel Kicillof<\/strong>.<\/p>\n\n\n\n<p>La movida en Tres de Febrero tambi\u00e9n procur\u00f3 <strong>reencuadrar la agenda<\/strong> luego de la pol\u00e9mica que generaron las declaraciones de <strong>Karen Reichardt<\/strong>, candidata a diputada, quien calific\u00f3 a quienes no votan a LLA de <strong>\u201cenfermos mentales\u201d<\/strong>. Con Milei como protagonista, el oficialismo intent\u00f3 recentrar la conversaci\u00f3n en su eje: ordenar el voto propio, exhibir cohesi\u00f3n y empujar una remontada en el principal distrito del pa\u00eds.<\/p>\n\n\n\n<p>En s\u00edntesis, la jornada dej\u00f3 tres se\u00f1ales: el <strong>relanzamiento territorial<\/strong> de LLA en el conurbano, la <strong>apuesta por Santilli<\/strong> como cara de la boleta bonaerense y un <strong>mensaje polarizante<\/strong> de Milei que busca fidelizar a los propios y motorizar la concurrencia a las urnas.<\/p>\n","protected":false},"excerpt":{"rendered":"<p>En clave proselitista, el presidente Javier Milei encabez\u00f3 una recorrida en Tres de Febrero con la mira puesta en acortar la brecha con el peronismo y potenciar a Diego Santilli como principal candidato a diputado en la Provincia de Buenos Aires, distrito que concentra casi el 40% del padr\u00f3n. La actividad se realiz\u00f3 en un&hellip;<\/p>\n","protected":false},"author":1,"featured_media":140672,"comment_status":"open","ping_status":"open","sticky":false,"template":"","format":"standard","meta":{"footnotes":""},"categories":[13],"tags":[14466,2450,756,25637,28812,22556,1241,43678,10975],"class_list":["post-140671","post","type-post","status-publish","format-standard","has-post-thumbnail","hentry","category-politica","tag-cristian-ritondo","tag-diario-el-sindical","tag-diego-santilli","tag-diego-valenzuela","tag-javier-milei","tag-karen-reichradt","tag-patricia-bullrich","tag-sebastian-pareja","tag-tres-de-febrero"],"_links":{"self":[{"href":"https:\/\/www.elsindical.com.ar\/notas\/wp-json\/wp\/v2\/posts\/140671","targetHints":{"allow":["GET"]}}],"collection":[{"href":"https:\/\/www.elsindical.com.ar\/notas\/wp-json\/wp\/v2\/posts"}],"about":[{"href":"https:\/\/www.elsindical.com.ar\/notas\/wp-json\/wp\/v2\/types\/post"}],"author":[{"embeddable":true,"href":"https:\/\/www.elsindical.com.ar\/notas\/wp-json\/wp\/v2\/users\/1"}],"replies":[{"embeddable":true,"href":"https:\/\/www.elsindical.com.ar\/notas\/wp-json\/wp\/v2\/comments?post=140671"}],"version-history":[{"count":1,"href":"https:\/\/www.elsindical.com.ar\/notas\/wp-json\/wp\/v2\/posts\/140671\/revisions"}],"predecessor-version":[{"id":140673,"href":"https:\/\/www.elsindical.com.ar\/notas\/wp-json\/wp\/v2\/posts\/140671\/revisions\/140673"}],"wp:featuredmedia":[{"embeddable":true,"href":"https:\/\/www.elsindical.com.ar\/notas\/wp-json\/wp\/v2\/media\/140672"}],"wp:attachment":[{"href":"https:\/\/www.elsindical.com.ar\/notas\/wp-json\/wp\/v2\/media?parent=140671"}],"wp:term":[{"taxonomy":"category","embeddable":true,"href":"https:\/\/www.elsindical.com.ar\/notas\/wp-json\/wp\/v2\/categories?post=140671"},{"taxonomy":"post_tag","embeddable":true,"href":"https:\/\/www.elsindical.com.ar\/notas\/wp-json\/wp\/v2\/tags?post=140671"}],"curies":[{"name":"wp","href":"https:\/\/api.w.org\/{rel}","templated":true}]}}