{"id":140669,"date":"2025-10-17T23:01:49","date_gmt":"2025-10-18T02:01:49","guid":{"rendered":"https:\/\/www.elsindical.com.ar\/notas\/?p=140669"},"modified":"2025-10-17T23:02:12","modified_gmt":"2025-10-18T02:02:12","slug":"el-fmi-insistio-en-que-argentina-debe-fortalecer-la-acumulacion-de-reservas","status":"publish","type":"post","link":"https:\/\/www.elsindical.com.ar\/notas\/el-fmi-insistio-en-que-argentina-debe-fortalecer-la-acumulacion-de-reservas\/","title":{"rendered":"El FMI insisti\u00f3 en que Argentina debe fortalecer la acumulaci\u00f3n de reservas"},"content":{"rendered":"\n<figure class=\"wp-block-image size-large\"><a href=\"https:\/\/www.elsindical.com.ar\/notas\/var\/www\/html\/notas\/wp-content\/uploads\/2022\/10\/FMI-sede.jpg\"><img loading=\"lazy\" decoding=\"async\" width=\"1024\" height=\"573\" src=\"https:\/\/www.elsindical.com.ar\/notas\/var\/www\/html\/notas\/wp-content\/uploads\/2022\/10\/FMI-sede-1024x573.jpg\" alt=\"\" class=\"wp-image-117235\" srcset=\"https:\/\/www.elsindical.com.ar\/notas\/var\/www\/html\/notas\/wp-content\/uploads\/2022\/10\/FMI-sede-1024x573.jpg 1024w, https:\/\/www.elsindical.com.ar\/notas\/var\/www\/html\/notas\/wp-content\/uploads\/2022\/10\/FMI-sede-300x168.jpg 300w, https:\/\/www.elsindical.com.ar\/notas\/var\/www\/html\/notas\/wp-content\/uploads\/2022\/10\/FMI-sede-768x430.jpg 768w, https:\/\/www.elsindical.com.ar\/notas\/var\/www\/html\/notas\/wp-content\/uploads\/2022\/10\/FMI-sede-500x280.jpg 500w, https:\/\/www.elsindical.com.ar\/notas\/var\/www\/html\/notas\/wp-content\/uploads\/2022\/10\/FMI-sede.jpg 1120w\" sizes=\"auto, (max-width: 1024px) 100vw, 1024px\" \/><\/a><\/figure>\n\n\n\n<p>El organismo internacional elogi\u00f3 las reformas estructurales impulsadas por Javier Milei, pero advirti\u00f3 que el pa\u00eds necesita sostener el ancla fiscal y reforzar sus reservas para consolidar la estabilidad macroecon\u00f3mica y recuperar el acceso a los mercados de capitales.<\/p>\n\n\n\n<p>El Fondo Monetario Internacional (FMI) insisti\u00f3 en que la Argentina debe fortalecer la acumulaci\u00f3n de reservas internacionales, al tiempo que destac\u00f3 las reformas econ\u00f3micas implementadas por el Gobierno de Javier Milei.<\/p>\n\n\n\n<p>En su informe Perspectivas Econ\u00f3micas Mundiales sobre el Hemisferio Occidental, presentado este viernes en Washington, el organismo se\u00f1al\u00f3 que \u201cse necesitan esfuerzos sostenidos para mantener el ancla fiscal, fortalecer el marco de gesti\u00f3n monetaria y de liquidez e impulsar reservas para facilitar el acceso duradero a los mercados internacionales de capital\u201d.<\/p>\n\n\n\n<p>El planteo del FMI contrasta con el discurso del equipo econ\u00f3mico, que asegura que la pol\u00edtica fiscal actual y el nivel de reservas resultan adecuados. Sin embargo, el organismo advierte que una mayor acumulaci\u00f3n de divisas ser\u00e1 clave para sostener la estabilidad cambiaria y garantizar el financiamiento externo.<\/p>\n\n\n\n<p>En su informe, el Fondo ponder\u00f3 las reformas estructurales adoptadas desde diciembre de 2023, orientadas a eliminar barreras comerciales, flexibilizar regulaciones y mejorar la gobernanza. Adem\u00e1s, proyect\u00f3 para la Argentina un crecimiento del 4,5% del PIB y una inflaci\u00f3n del 28% para el a\u00f1o en curso.<\/p>\n\n\n\n<p>Pese a esos avances, el FMI record\u00f3 que el pa\u00eds todav\u00eda enfrenta \u201cimportantes impedimentos estructurales al crecimiento\u201d derivados de a\u00f1os de controles y distorsiones econ\u00f3micas. Por eso, inst\u00f3 al Gobierno a mantener la disciplina fiscal y fortalecer las reservas como pilares de una recuperaci\u00f3n sostenida y duradera.<\/p>\n","protected":false},"excerpt":{"rendered":"<p>El organismo internacional elogi\u00f3 las reformas estructurales impulsadas por Javier Milei, pero advirti\u00f3 que el pa\u00eds necesita sostener el ancla fiscal y reforzar sus reservas para consolidar la estabilidad macroecon\u00f3mica y recuperar el acceso a los mercados de capitales. El Fondo Monetario Internacional (FMI) insisti\u00f3 en que la Argentina debe fortalecer la acumulaci\u00f3n de reservas&hellip;<\/p>\n","protected":false},"author":1,"featured_media":117235,"comment_status":"open","ping_status":"open","sticky":false,"template":"","format":"standard","meta":{"footnotes":""},"categories":[9],"tags":[127,2450,6925,8515],"class_list":["post-140669","post","type-post","status-publish","format-standard","has-post-thumbnail","hentry","category-economia","tag-argentina","tag-diario-el-sindical","tag-fmi","tag-reservas"],"_links":{"self":[{"href":"https:\/\/www.elsindical.com.ar\/notas\/wp-json\/wp\/v2\/posts\/140669","targetHints":{"allow":["GET"]}}],"collection":[{"href":"https:\/\/www.elsindical.com.ar\/notas\/wp-json\/wp\/v2\/posts"}],"about":[{"href":"https:\/\/www.elsindical.com.ar\/notas\/wp-json\/wp\/v2\/types\/post"}],"author":[{"embeddable":true,"href":"https:\/\/www.elsindical.com.ar\/notas\/wp-json\/wp\/v2\/users\/1"}],"replies":[{"embeddable":true,"href":"https:\/\/www.elsindical.com.ar\/notas\/wp-json\/wp\/v2\/comments?post=140669"}],"version-history":[{"count":1,"href":"https:\/\/www.elsindical.com.ar\/notas\/wp-json\/wp\/v2\/posts\/140669\/revisions"}],"predecessor-version":[{"id":140670,"href":"https:\/\/www.elsindical.com.ar\/notas\/wp-json\/wp\/v2\/posts\/140669\/revisions\/140670"}],"wp:featuredmedia":[{"embeddable":true,"href":"https:\/\/www.elsindical.com.ar\/notas\/wp-json\/wp\/v2\/media\/117235"}],"wp:attachment":[{"href":"https:\/\/www.elsindical.com.ar\/notas\/wp-json\/wp\/v2\/media?parent=140669"}],"wp:term":[{"taxonomy":"category","embeddable":true,"href":"https:\/\/www.elsindical.com.ar\/notas\/wp-json\/wp\/v2\/categories?post=140669"},{"taxonomy":"post_tag","embeddable":true,"href":"https:\/\/www.elsindical.com.ar\/notas\/wp-json\/wp\/v2\/tags?post=140669"}],"curies":[{"name":"wp","href":"https:\/\/api.w.org\/{rel}","templated":true}]}}