{"id":140666,"date":"2025-10-17T22:58:45","date_gmt":"2025-10-18T01:58:45","guid":{"rendered":"https:\/\/www.elsindical.com.ar\/notas\/?p=140666"},"modified":"2025-10-17T22:58:52","modified_gmt":"2025-10-18T01:58:52","slug":"incidentes-en-la-agencia-nacional-de-discapacidad","status":"publish","type":"post","link":"https:\/\/www.elsindical.com.ar\/notas\/incidentes-en-la-agencia-nacional-de-discapacidad\/","title":{"rendered":"Incidentes en la Agencia Nacional de Discapacidad"},"content":{"rendered":"<div class=\"wp-block-image\">\n<figure class=\"aligncenter size-full\"><a href=\"https:\/\/www.elsindical.com.ar\/notas\/var\/www\/html\/notas\/wp-content\/uploads\/2025\/10\/Andis-protesta.webp\"><img loading=\"lazy\" decoding=\"async\" width=\"768\" height=\"600\" src=\"https:\/\/www.elsindical.com.ar\/notas\/var\/www\/html\/notas\/wp-content\/uploads\/2025\/10\/Andis-protesta.webp\" alt=\"\" class=\"wp-image-140667\" srcset=\"https:\/\/www.elsindical.com.ar\/notas\/var\/www\/html\/notas\/wp-content\/uploads\/2025\/10\/Andis-protesta.webp 768w, https:\/\/www.elsindical.com.ar\/notas\/var\/www\/html\/notas\/wp-content\/uploads\/2025\/10\/Andis-protesta-300x234.webp 300w\" sizes=\"auto, (max-width: 768px) 100vw, 768px\" \/><\/a><\/figure>\n<\/div>\n\n\n<p>Un grupo de familiares y actores, entre ellos Valentina Bassi, irrumpi\u00f3 en la sede de la ANDIS en Belgrano reclamando la falta de respuesta oficial al aumento del nomenclador y la falta de reglamentaci\u00f3n de la ley de emergencia en discapacidad.<\/p>\n\n\n\n<p><strong>Un grupo de manifestantes ingres\u00f3 hoy por la fuerza a la sede central de la Agencia Nacional de Discapacidad (ANDIS)<\/strong>, en el barrio porte\u00f1o de Belgrano, para exigir una reuni\u00f3n con las autoridades del organismo y reclamar el aumento del nomenclador, pendiente desde hace meses. El episodio deriv\u00f3 en momentos de tensi\u00f3n y forcejeos con el personal de seguridad del edificio.<\/p>\n\n\n\n<p>La actriz Valentina Bassi, quien particip\u00f3 de la movilizaci\u00f3n junto a familiares de personas con discapacidad, explic\u00f3 que \u201cl<strong>a reuni\u00f3n era para exigirle a (Alejandro) Vilches y todo el directorio que se junten para tratar el aumento del nomenclador\u201d.<\/strong> Seg\u00fan detall\u00f3, el anuncio de una reuni\u00f3n del directorio hab\u00eda generado expectativas, pero<strong> \u201ca las tres horas dijeron que no se juntaba nada<\/strong>\u201d.<\/p>\n\n\n\n<p><strong>\u201cQue no acepten el petitorio es un destrato. Es un maltrato. Estamos recansados ya, por eso entramos<\/strong>\u201d, expres\u00f3 Bassi ante la prensa, denunciando la falta de di\u00e1logo por parte de las autoridades.<\/p>\n\n\n\n<p>El conflicto se da en medio de las cr\u00edticas al Gobierno nacional por no reglamentar la ley de emergencia en discapacidad, aprobada por el Congreso meses atr\u00e1s. El Ejecutivo, encabezado por Guillermo Francos, argumenta <strong>que a\u00fan no est\u00e1 definida la fuente de financiamiento, lo que desat\u00f3 una fuerte controversia y reclamos del sector.<\/strong><\/p>\n","protected":false},"excerpt":{"rendered":"<p>Un grupo de familiares y actores, entre ellos Valentina Bassi, irrumpi\u00f3 en la sede de la ANDIS en Belgrano reclamando la falta de respuesta oficial al aumento del nomenclador y la falta de reglamentaci\u00f3n de la ley de emergencia en discapacidad. Un grupo de manifestantes ingres\u00f3 hoy por la fuerza a la sede central de&hellip;<\/p>\n","protected":false},"author":1,"featured_media":140667,"comment_status":"open","ping_status":"open","sticky":false,"template":"","format":"standard","meta":{"footnotes":""},"categories":[25],"tags":[29706,2450,1229,292],"class_list":["post-140666","post","type-post","status-publish","format-standard","has-post-thumbnail","hentry","category-sociedad","tag-andis","tag-diario-el-sindical","tag-incidentes","tag-protesta"],"_links":{"self":[{"href":"https:\/\/www.elsindical.com.ar\/notas\/wp-json\/wp\/v2\/posts\/140666","targetHints":{"allow":["GET"]}}],"collection":[{"href":"https:\/\/www.elsindical.com.ar\/notas\/wp-json\/wp\/v2\/posts"}],"about":[{"href":"https:\/\/www.elsindical.com.ar\/notas\/wp-json\/wp\/v2\/types\/post"}],"author":[{"embeddable":true,"href":"https:\/\/www.elsindical.com.ar\/notas\/wp-json\/wp\/v2\/users\/1"}],"replies":[{"embeddable":true,"href":"https:\/\/www.elsindical.com.ar\/notas\/wp-json\/wp\/v2\/comments?post=140666"}],"version-history":[{"count":1,"href":"https:\/\/www.elsindical.com.ar\/notas\/wp-json\/wp\/v2\/posts\/140666\/revisions"}],"predecessor-version":[{"id":140668,"href":"https:\/\/www.elsindical.com.ar\/notas\/wp-json\/wp\/v2\/posts\/140666\/revisions\/140668"}],"wp:featuredmedia":[{"embeddable":true,"href":"https:\/\/www.elsindical.com.ar\/notas\/wp-json\/wp\/v2\/media\/140667"}],"wp:attachment":[{"href":"https:\/\/www.elsindical.com.ar\/notas\/wp-json\/wp\/v2\/media?parent=140666"}],"wp:term":[{"taxonomy":"category","embeddable":true,"href":"https:\/\/www.elsindical.com.ar\/notas\/wp-json\/wp\/v2\/categories?post=140666"},{"taxonomy":"post_tag","embeddable":true,"href":"https:\/\/www.elsindical.com.ar\/notas\/wp-json\/wp\/v2\/tags?post=140666"}],"curies":[{"name":"wp","href":"https:\/\/api.w.org\/{rel}","templated":true}]}}