{"id":140657,"date":"2025-10-16T22:18:54","date_gmt":"2025-10-17T01:18:54","guid":{"rendered":"https:\/\/www.elsindical.com.ar\/notas\/?p=140657"},"modified":"2025-10-16T22:19:00","modified_gmt":"2025-10-17T01:19:00","slug":"myehogarelectro-mala-atencion-productos-de-dudosa-calidad-y-mas","status":"publish","type":"post","link":"https:\/\/www.elsindical.com.ar\/notas\/myehogarelectro-mala-atencion-productos-de-dudosa-calidad-y-mas\/","title":{"rendered":"MYEHOGARELECTRO mala atenci\u00f3n, productos de dudosa calidad y m\u00e1s \u2026"},"content":{"rendered":"<div class=\"wp-block-image\">\n<figure class=\"aligncenter size-full\"><a href=\"https:\/\/www.elsindical.com.ar\/notas\/var\/www\/html\/notas\/wp-content\/uploads\/2025\/10\/M-E-Hogar-electro.jpg\"><img loading=\"lazy\" decoding=\"async\" width=\"500\" height=\"500\" src=\"https:\/\/www.elsindical.com.ar\/notas\/var\/www\/html\/notas\/wp-content\/uploads\/2025\/10\/M-E-Hogar-electro.jpg\" alt=\"\" class=\"wp-image-140658\" srcset=\"https:\/\/www.elsindical.com.ar\/notas\/var\/www\/html\/notas\/wp-content\/uploads\/2025\/10\/M-E-Hogar-electro.jpg 500w, https:\/\/www.elsindical.com.ar\/notas\/var\/www\/html\/notas\/wp-content\/uploads\/2025\/10\/M-E-Hogar-electro-300x300.jpg 300w, https:\/\/www.elsindical.com.ar\/notas\/var\/www\/html\/notas\/wp-content\/uploads\/2025\/10\/M-E-Hogar-electro-150x150.jpg 150w, https:\/\/www.elsindical.com.ar\/notas\/var\/www\/html\/notas\/wp-content\/uploads\/2025\/10\/M-E-Hogar-electro-50x50.jpg 50w\" sizes=\"auto, (max-width: 500px) 100vw, 500px\" \/><\/a><\/figure>\n<\/div>\n\n\n<p>La empresa se present\u00f3 en las redes sociales a mediados de julio del 2025, donde se promocionan como una empresa bien constitu\u00edda en el rubro importaci\u00f3n de productos, que ofrecen con ciertos requisitos, como por ejemplo la compra m\u00ednima de 5 productos que pueden ser surtidos o iguales, el joven que se presenta como responsable, se muestra amable incluso con los empleados donde hace una parodia de sinceridad sin despido.<\/p>\n\n\n\n<p>Pero por los comentarios que hay en las mismas redes sociales, esa amabilidad de trato cambia cuando los consumidores o clientes llegan a cualquiera de las dos sucursales, una en la calle Av. Pte. Sarmiento 643 de Gerli, Lan\u00fas y la otra en la calle Av. Fabi\u00e1n Onsari 1136 de Wilde, Avellaneda.<\/p>\n\n\n\n<p>Se promocionan como importadores de marcas reconocidas, con garant\u00eda oficial de f\u00e1brica, pero la realidad es que el fuerte de sus ventas son los productos de marcas desconocidas, muchos de ellos de mala calidad, sin certificado de garant\u00eda oficial y que adem\u00e1s incumplen con la Ley de Defensa del Consumidor en cuanto a que deben poseer manual de instrucciones y garant\u00eda en el idioma del pa\u00eds donde se realiza la venta.<\/p>\n\n\n\n<p>Basta recorrer los buscadores para encontrar quejas de clientes que recibieron maltrato al llegar a alguna de las sucursales en donde las explicaciones son en tono inadecuado y con comentarios burlones, al parecer a los responsables de la empresa esto no les importa o no se han tomado nunca el tiempo de controlar la imagen de su empresa.<\/p>\n\n\n\n<p>Uno de los pilares b\u00e1sicos de una empresa que pretende crecer es una comunicaci\u00f3n clara, espec\u00edfica y un buen trato a los clientes y m\u00e1s a\u00fan a los potenciales clientes, porque son los nuevos los que deben sumarse y no espantarlos, m\u00e1s cuando se trabaja con productos de baja calidad, porque si la idea es vender solo a revendedores, en donde se ubican los locales dif\u00edcil creer en revendedores de heladeras, lavarropas o smart led.<\/p>\n\n\n<div class=\"wp-block-image\">\n<figure class=\"aligncenter size-full\"><a href=\"https:\/\/www.elsindical.com.ar\/notas\/var\/www\/html\/notas\/wp-content\/uploads\/2025\/10\/M-E-Lanus.jpg\"><img loading=\"lazy\" decoding=\"async\" width=\"500\" height=\"739\" src=\"https:\/\/www.elsindical.com.ar\/notas\/var\/www\/html\/notas\/wp-content\/uploads\/2025\/10\/M-E-Lanus.jpg\" alt=\"\" class=\"wp-image-140659\" srcset=\"https:\/\/www.elsindical.com.ar\/notas\/var\/www\/html\/notas\/wp-content\/uploads\/2025\/10\/M-E-Lanus.jpg 500w, https:\/\/www.elsindical.com.ar\/notas\/var\/www\/html\/notas\/wp-content\/uploads\/2025\/10\/M-E-Lanus-203x300.jpg 203w\" sizes=\"auto, (max-width: 500px) 100vw, 500px\" \/><\/a><\/figure>\n<\/div>\n\n\n<p>Luego de leer algunos comentarios, como siempre se hace en el periodismo de investigaci\u00f3n concurrimos a la sucursal de Lan\u00fas, donde sin abrir la puerta un joven pregunt\u00f3 si tn\u00edamos lista de productos hecha, si eramos revendedores y si era la primera vez, ya que la condici\u00f3n para comprar es tener la intenci\u00f3n y compromiso de ser revendedor, algo rid\u00edculo porque se pierde la venta de 5 productos si uno no se compromete a ser revendedor, una promesa que nadie sabe si se va a cumplir, entonces le explicamos que en los videos de promoci\u00f3n, si bien dicen ser mayoristas, aclaran que la compra m\u00ednima son 5 productos como ya la mencionamos. La respuesta del joven fue que no sabe que contenidos se suben a las redes y que eso no es su problema ya contestando de una forma poco amable por lo que solicitamos la presencia de un encargado, haci\u00e9ndos presente una mujer que aval\u00f3 los dichos del joven e incluso me dijo que si mira al techo en la entrada dice \u201cmayorista\u201d y que deb\u00eda haber mirado antes de entrar al hall.<\/p>\n\n\n\n<p>Bueno, parece que estos empleados adem\u00e1s de maleducados, poco \u00fatiles a los intereses de la empresa desconocen las condiciones bajo las cuales se registro la empresa.<\/p>\n\n\n\n<p>Seg\u00fan los registros oficiales, <strong>MYEHOGARELECTRO S.R.L.<\/strong>, posee dos socias por lo menos en la formalidad <strong>Rosana Elizabeth Choves<\/strong>, CUIL 27-26465479-9 y <strong>Ludmila Aylen Ca\u00f1ete<\/strong>, CUIL 27-45783808-0, ambas con domicilio en <strong>Calle 167 N\u00ba 2319<\/strong>, Bernal, Quilmes, m\u00e1s precisamente en el barrio denominado Villa Iapi de Quilmes, donde se encuentra una construcci\u00f3n precaria sobre una calle de tierra, con las iniciales M &amp; E y los colores que utiliza la firma, algo que se puede chequear sencillamente desde el mismo Google. Supuestamente la responsable de la firma en la gerencia y representaci\u00f3n legal es Rosana Elizabeth Choves.<\/p>\n\n\n<div class=\"wp-block-image\">\n<figure class=\"aligncenter size-full\"><a href=\"https:\/\/www.elsindical.com.ar\/notas\/var\/www\/html\/notas\/wp-content\/uploads\/2025\/10\/M-E.jpg\"><img loading=\"lazy\" decoding=\"async\" width=\"700\" height=\"452\" src=\"https:\/\/www.elsindical.com.ar\/notas\/var\/www\/html\/notas\/wp-content\/uploads\/2025\/10\/M-E.jpg\" alt=\"\" class=\"wp-image-140660\" srcset=\"https:\/\/www.elsindical.com.ar\/notas\/var\/www\/html\/notas\/wp-content\/uploads\/2025\/10\/M-E.jpg 700w, https:\/\/www.elsindical.com.ar\/notas\/var\/www\/html\/notas\/wp-content\/uploads\/2025\/10\/M-E-300x194.jpg 300w\" sizes=\"auto, (max-width: 700px) 100vw, 700px\" \/><\/a><\/figure>\n<\/div>\n\n\n<p>As\u00ed que si a los responsables les da igual como se trata a los clientes, les recordamos que siempre pidan la factura de compra correspondiente, no acepten otro tipo de documentaci\u00f3n porque as\u00ed se garantizan el poder reclamar en las oficinas de <strong>Defensa del Consumidor<\/strong>, no se dejen maltratar, hoy existen muchos importadores con productos de mejor calidad y una atenci\u00f3n adecuada incluso en lugares como los que se encuentran en el barrio de Constituci\u00f3n denominados tiendas para buscas. Tambi\u00e9n pueden escribirnos y tener la posibilidad de visibilizar su reclamo y ser asesorados sobre c\u00f3mo proceder por productos defectuosos.<\/p>\n\n\n\n<p>Desde El Sindical, comprobamos que las quejas y reclamos son ciertos, que hay algunas inconsistencias entre lo registrado y lo que se ve, en conclusi\u00f3n no recomendamos esta empresa.<\/p>\n\n\n\n<p><strong>Por Marcelo Ricardo Hawrylciw<\/strong><\/p>\n","protected":false},"excerpt":{"rendered":"<p>La empresa se present\u00f3 en las redes sociales a mediados de julio del 2025, donde se promocionan como una empresa bien constitu\u00edda en el rubro importaci\u00f3n de productos, que ofrecen con ciertos requisitos, como por ejemplo la compra m\u00ednima de 5 productos que pueden ser surtidos o iguales, el joven que se presenta como responsable,&hellip;<\/p>\n","protected":false},"author":1,"featured_media":140658,"comment_status":"open","ping_status":"open","sticky":false,"template":"","format":"standard","meta":{"footnotes":""},"categories":[6,12],"tags":[461,2353,18011,2450,8658,13768,209,46094,46093,684,2605],"class_list":["post-140657","post","type-post","status-publish","format-standard","has-post-thumbnail","hentry","category-denuncias","category-investigacion","tag-avellaneda","tag-clientes","tag-defensa-al-consumidor","tag-diario-el-sindical","tag-factura","tag-garantia","tag-lanus","tag-me","tag-myehogarelectro-srl","tag-quilmes","tag-redes-sociales"],"_links":{"self":[{"href":"https:\/\/www.elsindical.com.ar\/notas\/wp-json\/wp\/v2\/posts\/140657","targetHints":{"allow":["GET"]}}],"collection":[{"href":"https:\/\/www.elsindical.com.ar\/notas\/wp-json\/wp\/v2\/posts"}],"about":[{"href":"https:\/\/www.elsindical.com.ar\/notas\/wp-json\/wp\/v2\/types\/post"}],"author":[{"embeddable":true,"href":"https:\/\/www.elsindical.com.ar\/notas\/wp-json\/wp\/v2\/users\/1"}],"replies":[{"embeddable":true,"href":"https:\/\/www.elsindical.com.ar\/notas\/wp-json\/wp\/v2\/comments?post=140657"}],"version-history":[{"count":1,"href":"https:\/\/www.elsindical.com.ar\/notas\/wp-json\/wp\/v2\/posts\/140657\/revisions"}],"predecessor-version":[{"id":140661,"href":"https:\/\/www.elsindical.com.ar\/notas\/wp-json\/wp\/v2\/posts\/140657\/revisions\/140661"}],"wp:featuredmedia":[{"embeddable":true,"href":"https:\/\/www.elsindical.com.ar\/notas\/wp-json\/wp\/v2\/media\/140658"}],"wp:attachment":[{"href":"https:\/\/www.elsindical.com.ar\/notas\/wp-json\/wp\/v2\/media?parent=140657"}],"wp:term":[{"taxonomy":"category","embeddable":true,"href":"https:\/\/www.elsindical.com.ar\/notas\/wp-json\/wp\/v2\/categories?post=140657"},{"taxonomy":"post_tag","embeddable":true,"href":"https:\/\/www.elsindical.com.ar\/notas\/wp-json\/wp\/v2\/tags?post=140657"}],"curies":[{"name":"wp","href":"https:\/\/api.w.org\/{rel}","templated":true}]}}