{"id":140655,"date":"2025-10-16T20:34:21","date_gmt":"2025-10-16T23:34:21","guid":{"rendered":"https:\/\/www.elsindical.com.ar\/notas\/?p=140655"},"modified":"2025-10-16T20:34:36","modified_gmt":"2025-10-16T23:34:36","slug":"nuevo-aumento-en-las-tarifas-de-los-colectivos-de-caba-y-pba-desde-cuando-y-a-cuanto-se-ira-el-boleto-minimo-en-noviembre","status":"publish","type":"post","link":"https:\/\/www.elsindical.com.ar\/notas\/nuevo-aumento-en-las-tarifas-de-los-colectivos-de-caba-y-pba-desde-cuando-y-a-cuanto-se-ira-el-boleto-minimo-en-noviembre\/","title":{"rendered":"Nuevo aumento en las tarifas de los colectivos de CABA y PBA: desde cu\u00e1ndo y a cu\u00e1nto se ir\u00e1 el boleto m\u00ednimo en noviembre"},"content":{"rendered":"\n<figure class=\"wp-block-image size-large\"><a href=\"https:\/\/www.elsindical.com.ar\/notas\/var\/www\/html\/notas\/wp-content\/uploads\/2024\/09\/SUBE-virtual.jpg\"><img loading=\"lazy\" decoding=\"async\" width=\"1024\" height=\"553\" src=\"https:\/\/www.elsindical.com.ar\/notas\/var\/www\/html\/notas\/wp-content\/uploads\/2024\/09\/SUBE-virtual-1024x553.jpg\" alt=\"\" class=\"wp-image-132801\" srcset=\"https:\/\/www.elsindical.com.ar\/notas\/var\/www\/html\/notas\/wp-content\/uploads\/2024\/09\/SUBE-virtual-1024x553.jpg 1024w, https:\/\/www.elsindical.com.ar\/notas\/var\/www\/html\/notas\/wp-content\/uploads\/2024\/09\/SUBE-virtual-300x162.jpg 300w, https:\/\/www.elsindical.com.ar\/notas\/var\/www\/html\/notas\/wp-content\/uploads\/2024\/09\/SUBE-virtual-768x415.jpg 768w, https:\/\/www.elsindical.com.ar\/notas\/var\/www\/html\/notas\/wp-content\/uploads\/2024\/09\/SUBE-virtual-500x270.jpg 500w, https:\/\/www.elsindical.com.ar\/notas\/var\/www\/html\/notas\/wp-content\/uploads\/2024\/09\/SUBE-virtual.jpg 1165w\" sizes=\"auto, (max-width: 1024px) 100vw, 1024px\" \/><\/a><\/figure>\n\n\n\n<p>El aumento se da en el contexto de una baja sostenida en el caudal de pasajeros del transporte p\u00fablico. Los detalles.<\/p>\n\n\n\n<p>Tras conocerse el dato de<strong> inflaci\u00f3n fue de 2,1% en septiembre<\/strong>, la m\u00e1s alta desde abril, se confirm\u00f3 un nuevo aumento en las tarifas de colectivos de la Provincia y la Ciudad de Buenos Aires.<\/p>\n\n\n\n<p>Las tarifas se actualizan todos los meses seg\u00fan la inflaci\u00f3n m\u00e1s 2 puntos. De esta manera, los boletos de <strong>los colectivos aumentar\u00e1n 4,1% desde el 1\u00b0 de noviembre.<\/strong><\/p>\n\n\n\n<h2 class=\"wp-block-heading\">A cu\u00e1nto se ir\u00e1 el boleto m\u00ednimo en noviembre<\/h2>\n\n\n\n<p>En ese contexto, el boleto m\u00ednimo de las l\u00edneas que circulan en el conurbano bonaerense pasar\u00e1 a <strong>$572,86<\/strong>. Mientras para las unidades que brindan servicio en el territorio porte\u00f1o, <strong>el boleto ser\u00e1 de $568,91. <\/strong>No obstante, resta que las autoridades provinciales de Transporte formalicen el incremento.<\/p>\n\n\n\n<h2 class=\"wp-block-heading\">C\u00f3mo quedan las nuevas tarifas<\/h2>\n\n\n\n<p>En lo que va del a\u00f1o, los cuadros tarifarios del transporte automotor acumulan un alza de 54,44% en PBA y 53,36% en CABA. En octubre, las tarifas hab\u00edan subido 3,9% en ambas jurisdicciones.<\/p>\n\n\n\n<h3 class=\"wp-block-heading\">L\u00edneas numeradas del 200 en adelante<\/h3>\n\n\n\n<ul class=\"wp-block-list\">\n<li>El boleto m\u00ednimo (entre 0 y 3 kil\u00f3metros): pasa de $550,30 a $572,86;<\/li>\n\n\n\n<li>Tramo de 3 a 6 km: $638,16;<\/li>\n\n\n\n<li>Tramo de 6 a 12 kil\u00f3metros: $687,32;<\/li>\n\n\n\n<li>Viajes de 12 a 27 km: $736,53;<\/li>\n\n\n\n<li>Tarjeta SUBE sin nominalizar: de $910,85 hasta $1248,79.<\/li>\n<\/ul>\n\n\n\n<h3 class=\"wp-block-heading\">Boleto de colectivos de CABA<\/h3>\n\n\n\n<p>Los valores aplican a las 31 l\u00edneas de colectivos que circulan exclusivamente dentro de CABA: 4, 6, 7, 12, 23, 25, 26, 34, 39, 42, 44, 47, 50, 61, 62, 64, 65, 68, 76, 84, 90, 99, 102, 106, 107, 108, 109, 115, 118, 132 y 151.<\/p>\n\n\n\n<ul class=\"wp-block-list\">\n<li>El boleto m\u00ednimo (entre 0 y 3 kil\u00f3metros): de $546,54 a $568,91;<\/li>\n\n\n\n<li>Tramo de 3 a 6 km: $633,81;<\/li>\n\n\n\n<li>Tramo de 6 a 12 kil\u00f3metros: $682,64;<\/li>\n\n\n\n<li>Viajes de 12 a 27 km: $731,51;<\/li>\n<\/ul>\n","protected":false},"excerpt":{"rendered":"<p>El aumento se da en el contexto de una baja sostenida en el caudal de pasajeros del transporte p\u00fablico. Los detalles. Tras conocerse el dato de inflaci\u00f3n fue de 2,1% en septiembre, la m\u00e1s alta desde abril, se confirm\u00f3 un nuevo aumento en las tarifas de colectivos de la Provincia y la Ciudad de Buenos&hellip;<\/p>\n","protected":false},"author":1,"featured_media":132801,"comment_status":"open","ping_status":"open","sticky":false,"template":"","format":"standard","meta":{"footnotes":""},"categories":[9],"tags":[3468,4284,2450,22023,16396,8186],"class_list":["post-140655","post","type-post","status-publish","format-standard","has-post-thumbnail","hentry","category-economia","tag-amba","tag-caba","tag-diario-el-sindical","tag-economia","tag-pba","tag-sube"],"_links":{"self":[{"href":"https:\/\/www.elsindical.com.ar\/notas\/wp-json\/wp\/v2\/posts\/140655","targetHints":{"allow":["GET"]}}],"collection":[{"href":"https:\/\/www.elsindical.com.ar\/notas\/wp-json\/wp\/v2\/posts"}],"about":[{"href":"https:\/\/www.elsindical.com.ar\/notas\/wp-json\/wp\/v2\/types\/post"}],"author":[{"embeddable":true,"href":"https:\/\/www.elsindical.com.ar\/notas\/wp-json\/wp\/v2\/users\/1"}],"replies":[{"embeddable":true,"href":"https:\/\/www.elsindical.com.ar\/notas\/wp-json\/wp\/v2\/comments?post=140655"}],"version-history":[{"count":1,"href":"https:\/\/www.elsindical.com.ar\/notas\/wp-json\/wp\/v2\/posts\/140655\/revisions"}],"predecessor-version":[{"id":140656,"href":"https:\/\/www.elsindical.com.ar\/notas\/wp-json\/wp\/v2\/posts\/140655\/revisions\/140656"}],"wp:featuredmedia":[{"embeddable":true,"href":"https:\/\/www.elsindical.com.ar\/notas\/wp-json\/wp\/v2\/media\/132801"}],"wp:attachment":[{"href":"https:\/\/www.elsindical.com.ar\/notas\/wp-json\/wp\/v2\/media?parent=140655"}],"wp:term":[{"taxonomy":"category","embeddable":true,"href":"https:\/\/www.elsindical.com.ar\/notas\/wp-json\/wp\/v2\/categories?post=140655"},{"taxonomy":"post_tag","embeddable":true,"href":"https:\/\/www.elsindical.com.ar\/notas\/wp-json\/wp\/v2\/tags?post=140655"}],"curies":[{"name":"wp","href":"https:\/\/api.w.org\/{rel}","templated":true}]}}