{"id":140652,"date":"2025-10-16T20:29:12","date_gmt":"2025-10-16T23:29:12","guid":{"rendered":"https:\/\/www.elsindical.com.ar\/notas\/?p=140652"},"modified":"2025-10-16T20:29:18","modified_gmt":"2025-10-16T23:29:18","slug":"salto-inflacionario-en-septiembre-los-precios-mayoristas-aumentaron-un-37","status":"publish","type":"post","link":"https:\/\/www.elsindical.com.ar\/notas\/salto-inflacionario-en-septiembre-los-precios-mayoristas-aumentaron-un-37\/","title":{"rendered":"Salto inflacionario: en septiembre los precios mayoristas aumentaron un 3,7%"},"content":{"rendered":"\n<figure class=\"wp-block-image size-large\"><a href=\"https:\/\/www.elsindical.com.ar\/notas\/var\/www\/html\/notas\/wp-content\/uploads\/2025\/10\/precios-mayoristas.png\"><img loading=\"lazy\" decoding=\"async\" width=\"1024\" height=\"441\" src=\"https:\/\/www.elsindical.com.ar\/notas\/var\/www\/html\/notas\/wp-content\/uploads\/2025\/10\/precios-mayoristas-1024x441.png\" alt=\"\" class=\"wp-image-140653\" srcset=\"https:\/\/www.elsindical.com.ar\/notas\/var\/www\/html\/notas\/wp-content\/uploads\/2025\/10\/precios-mayoristas-1024x441.png 1024w, https:\/\/www.elsindical.com.ar\/notas\/var\/www\/html\/notas\/wp-content\/uploads\/2025\/10\/precios-mayoristas-300x129.png 300w, https:\/\/www.elsindical.com.ar\/notas\/var\/www\/html\/notas\/wp-content\/uploads\/2025\/10\/precios-mayoristas-768x331.png 768w, https:\/\/www.elsindical.com.ar\/notas\/var\/www\/html\/notas\/wp-content\/uploads\/2025\/10\/precios-mayoristas.png 1131w\" sizes=\"auto, (max-width: 1024px) 100vw, 1024px\" \/><\/a><\/figure>\n\n\n\n<p class=\"wp-block-paragraph\">El \u00cdndice de precios internos al por mayor (IPIM) registr\u00f3 en septiembre un aumento de 3,7% respecto del mes anterior, seg\u00fan inform\u00f3 este jueves el Instituto Nacional de Estad\u00edstica y Censos (Indec). La variaci\u00f3n fue consecuencia de un <strong>incremento de 3,3% en los productos nacionales y de 9,0% en los importados, que aceleraron su ritmo de suba y marcaron la diferencia del mes.<\/strong><\/p>\n\n\n\n<p class=\"wp-block-paragraph\">Dentro de los productos nacionales, las mayores incidencias se observaron en los productos agropecuarios (0,42%), los refinados del petr\u00f3leo (0,37%), los veh\u00edculos automotores, carrocer\u00edas y repuestos (0,35%), el petr\u00f3leo crudo y gas (0,34%) y<strong> los alimentos y bebidas (0,24%).<\/strong><\/p>\n\n\n\n<p class=\"wp-block-paragraph\">En paralelo, el \u00cdndice de <strong>precios internos b\u00e1sicos al por mayor (IPIB) mostr\u00f3 un aumento de 4,1% en septiembre,<\/strong> explicado por una suba de 3,7% en los productos nacionales y del mismo 9% en los importados.<\/p>\n\n\n\n<p class=\"wp-block-paragraph\">Por su parte, el \u00cdndice de <strong>precios b\u00e1sicos del productor (IPP) registr\u00f3 un incremento de 4,0% en el mes<\/strong>, impulsado por la suba de 5,2% en los productos primarios y de 3,5% en los manufacturados y en la energ\u00eda el\u00e9ctrica.<\/p>\n\n\n\n<p class=\"wp-block-paragraph\">En los primeros nueve meses del a\u00f1o la inflaci\u00f3n en precios mayoristas <strong>lleva un aumento del 20% y un 24% interanual. <\/strong>La evoluci\u00f3n de los precios mayoristas es un anticipo del comportamiento de los costos que impactan en la inflaci\u00f3n minorista, ya que reflejan las variaciones de precios en la primera etapa de comercializaci\u00f3n.<\/p>\n\n\n\n<p class=\"wp-block-paragraph\">En lo que va del a\u00f1o, los \u00edndices mayoristas<strong> acumulan un aumento superior al 180%<\/strong>, con un sostenido impacto de los costos importados, la energ\u00eda y los alimentos.<\/p>\n","protected":false},"excerpt":{"rendered":"<p>El \u00cdndice de precios internos al por mayor (IPIM) registr\u00f3 en septiembre un aumento de 3,7% respecto del mes anterior, seg\u00fan inform\u00f3 este jueves el Instituto Nacional de Estad\u00edstica y Censos (Indec). La variaci\u00f3n fue consecuencia de un incremento de 3,3% en los productos nacionales y de 9,0% en los importados, que aceleraron su ritmo&hellip;<\/p>\n","protected":false},"author":1,"featured_media":140653,"comment_status":"open","ping_status":"open","sticky":false,"template":"","format":"standard","meta":{"footnotes":""},"categories":[9],"tags":[2450,22023,1799,46091,30358,22155,46092],"class_list":["post-140652","post","type-post","status-publish","format-standard","has-post-thumbnail","hentry","category-economia","tag-diario-el-sindical","tag-economia","tag-inflacion","tag-ipib","tag-ipim","tag-ipp","tag-precios-mayoristas"],"_links":{"self":[{"href":"https:\/\/www.elsindical.com.ar\/notas\/wp-json\/wp\/v2\/posts\/140652","targetHints":{"allow":["GET"]}}],"collection":[{"href":"https:\/\/www.elsindical.com.ar\/notas\/wp-json\/wp\/v2\/posts"}],"about":[{"href":"https:\/\/www.elsindical.com.ar\/notas\/wp-json\/wp\/v2\/types\/post"}],"author":[{"embeddable":true,"href":"https:\/\/www.elsindical.com.ar\/notas\/wp-json\/wp\/v2\/users\/1"}],"replies":[{"embeddable":true,"href":"https:\/\/www.elsindical.com.ar\/notas\/wp-json\/wp\/v2\/comments?post=140652"}],"version-history":[{"count":1,"href":"https:\/\/www.elsindical.com.ar\/notas\/wp-json\/wp\/v2\/posts\/140652\/revisions"}],"predecessor-version":[{"id":140654,"href":"https:\/\/www.elsindical.com.ar\/notas\/wp-json\/wp\/v2\/posts\/140652\/revisions\/140654"}],"wp:featuredmedia":[{"embeddable":true,"href":"https:\/\/www.elsindical.com.ar\/notas\/wp-json\/wp\/v2\/media\/140653"}],"wp:attachment":[{"href":"https:\/\/www.elsindical.com.ar\/notas\/wp-json\/wp\/v2\/media?parent=140652"}],"wp:term":[{"taxonomy":"category","embeddable":true,"href":"https:\/\/www.elsindical.com.ar\/notas\/wp-json\/wp\/v2\/categories?post=140652"},{"taxonomy":"post_tag","embeddable":true,"href":"https:\/\/www.elsindical.com.ar\/notas\/wp-json\/wp\/v2\/tags?post=140652"}],"curies":[{"name":"wp","href":"https:\/\/api.w.org\/{rel}","templated":true}]}}