{"id":140533,"date":"2025-10-09T19:50:14","date_gmt":"2025-10-09T22:50:14","guid":{"rendered":"https:\/\/www.elsindical.com.ar\/notas\/?p=140533"},"modified":"2025-10-09T19:50:20","modified_gmt":"2025-10-09T22:50:20","slug":"allanaron-la-casa-y-el-despacho-de-jose-luis-espert-en-el-marco-de-la-causa-por-lavado-de-dinero","status":"publish","type":"post","link":"https:\/\/www.elsindical.com.ar\/notas\/allanaron-la-casa-y-el-despacho-de-jose-luis-espert-en-el-marco-de-la-causa-por-lavado-de-dinero\/","title":{"rendered":"Allanaron la casa y el despacho de Jos\u00e9 Luis Espert en el marco de la causa por lavado de dinero"},"content":{"rendered":"<div class=\"wp-block-image\">\n<figure class=\"aligncenter size-full\"><a href=\"https:\/\/www.elsindical.com.ar\/notas\/var\/www\/html\/notas\/wp-content\/uploads\/2025\/10\/allanamiento-casa-de-Espert.jpg\"><img loading=\"lazy\" decoding=\"async\" width=\"768\" height=\"439\" src=\"https:\/\/www.elsindical.com.ar\/notas\/var\/www\/html\/notas\/wp-content\/uploads\/2025\/10\/allanamiento-casa-de-Espert.jpg\" alt=\"\" class=\"wp-image-140534\" srcset=\"https:\/\/www.elsindical.com.ar\/notas\/var\/www\/html\/notas\/wp-content\/uploads\/2025\/10\/allanamiento-casa-de-Espert.jpg 768w, https:\/\/www.elsindical.com.ar\/notas\/var\/www\/html\/notas\/wp-content\/uploads\/2025\/10\/allanamiento-casa-de-Espert-300x171.jpg 300w, https:\/\/www.elsindical.com.ar\/notas\/var\/www\/html\/notas\/wp-content\/uploads\/2025\/10\/allanamiento-casa-de-Espert-220x126.jpg 220w\" sizes=\"auto, (max-width: 768px) 100vw, 768px\" \/><\/a><\/figure>\n<\/div>\n\n\n<p>La Justicia realiz\u00f3 este jueves allanamientos en la vivienda del diputado libertario en Beccar y en su despacho del Congreso, en el marco de la causa por los aportes del empresario acusado de narcotr\u00e1fico Federico \u201cFred\u201d Machado. Espert pidi\u00f3 licencia hasta diciembre y solicit\u00f3 que el expediente pase a Comodoro Py.<\/p>\n\n\n\n<p>La Justicia llev\u00f3 adelante este jueves un allanamiento en la casa de <strong>Jos\u00e9 Luis Espert<\/strong>, ubicada en la localidad bonaerense de Beccar, y en su despacho del anexo de la C\u00e1mara de Diputados,<strong> en el marco de la investigaci\u00f3n por presunto lavado de dinero vinculado a los aportes de Federico \u201cFred\u201d Machado<\/strong>, empresario cuya extradici\u00f3n a Estados Unidos fue confirmada por la Corte Suprema.<\/p>\n\n\n\n<p>El operativo se realiz\u00f3 con la presencia del propio legislador, quien recibi\u00f3 a los oficiales en el ingreso de su domicilio y permiti\u00f3 el acceso junto con sus abogados. <strong>De manera simult\u00e1nea, efectivos de seguridad requisaron las oficinas que Espert ocupa en el Congreso Nacional.<\/strong><\/p>\n\n\n\n<p>El diputado de La Libertad Avanza est\u00e1 imputado por haber recibido una transferencia de 200 mil d\u00f3lares en 2019 proveniente de Machado, acusado de narcotr\u00e1fico y lavado de activos. A ra\u00edz del avance de la causa, Espert solicit\u00f3 una licencia hasta el 8 de diciembre en la C\u00e1mara de Diputados.<\/p>\n\n\n\n<p>Adem\u00e1s, <strong>el legislador pidi\u00f3 que la investigaci\u00f3n que se tramita en San Isidro, a cargo del juez Lino Mirabelli, pase a los tribunales federales de Comodoro Py, donde ya se instruye una causa paralela por los 36 vuelos que realiz\u00f3 en aviones de Machado. <\/strong>Esa investigaci\u00f3n est\u00e1 en manos del juez federal Marcelo Mart\u00ednez de Giorgi y forma parte de un expediente m\u00e1s amplio sobre financiamiento irregular de la campa\u00f1a presidencial de 2019.<\/p>\n","protected":false},"excerpt":{"rendered":"<p>La Justicia realiz\u00f3 este jueves allanamientos en la vivienda del diputado libertario en Beccar y en su despacho del Congreso, en el marco de la causa por los aportes del empresario acusado de narcotr\u00e1fico Federico \u201cFred\u201d Machado. Espert pidi\u00f3 licencia hasta diciembre y solicit\u00f3 que el expediente pase a Comodoro Py. La Justicia llev\u00f3 adelante&hellip;<\/p>\n","protected":false},"author":1,"featured_media":140534,"comment_status":"open","ping_status":"open","sticky":false,"template":"","format":"standard","meta":{"footnotes":""},"categories":[20],"tags":[138,30435,417,2450,46042,28399,3246],"class_list":["post-140533","post","type-post","status-publish","format-standard","has-post-thumbnail","hentry","category-judiciales","tag-allanamiento","tag-beccar-2","tag-despacho","tag-diario-el-sindical","tag-federico-fred-machado","tag-jose-luis-espert","tag-lavado-de-dinero"],"_links":{"self":[{"href":"https:\/\/www.elsindical.com.ar\/notas\/wp-json\/wp\/v2\/posts\/140533","targetHints":{"allow":["GET"]}}],"collection":[{"href":"https:\/\/www.elsindical.com.ar\/notas\/wp-json\/wp\/v2\/posts"}],"about":[{"href":"https:\/\/www.elsindical.com.ar\/notas\/wp-json\/wp\/v2\/types\/post"}],"author":[{"embeddable":true,"href":"https:\/\/www.elsindical.com.ar\/notas\/wp-json\/wp\/v2\/users\/1"}],"replies":[{"embeddable":true,"href":"https:\/\/www.elsindical.com.ar\/notas\/wp-json\/wp\/v2\/comments?post=140533"}],"version-history":[{"count":1,"href":"https:\/\/www.elsindical.com.ar\/notas\/wp-json\/wp\/v2\/posts\/140533\/revisions"}],"predecessor-version":[{"id":140535,"href":"https:\/\/www.elsindical.com.ar\/notas\/wp-json\/wp\/v2\/posts\/140533\/revisions\/140535"}],"wp:featuredmedia":[{"embeddable":true,"href":"https:\/\/www.elsindical.com.ar\/notas\/wp-json\/wp\/v2\/media\/140534"}],"wp:attachment":[{"href":"https:\/\/www.elsindical.com.ar\/notas\/wp-json\/wp\/v2\/media?parent=140533"}],"wp:term":[{"taxonomy":"category","embeddable":true,"href":"https:\/\/www.elsindical.com.ar\/notas\/wp-json\/wp\/v2\/categories?post=140533"},{"taxonomy":"post_tag","embeddable":true,"href":"https:\/\/www.elsindical.com.ar\/notas\/wp-json\/wp\/v2\/tags?post=140533"}],"curies":[{"name":"wp","href":"https:\/\/api.w.org\/{rel}","templated":true}]}}