{"id":140471,"date":"2025-10-06T23:16:42","date_gmt":"2025-10-07T02:16:42","guid":{"rendered":"https:\/\/www.elsindical.com.ar\/notas\/?p=140471"},"modified":"2025-10-06T23:16:48","modified_gmt":"2025-10-07T02:16:48","slug":"luis-petri-subasto-un-predio-clave-del-regimiento-de-patricios","status":"publish","type":"post","link":"https:\/\/www.elsindical.com.ar\/notas\/luis-petri-subasto-un-predio-clave-del-regimiento-de-patricios\/","title":{"rendered":"Luis Petri subast\u00f3 un predio clave del Regimiento de Patricios"},"content":{"rendered":"<div class=\"wp-block-image\">\n<figure class=\"aligncenter size-full\"><a href=\"https:\/\/www.elsindical.com.ar\/notas\/var\/www\/html\/notas\/wp-content\/uploads\/2025\/10\/Luis-Petri-ministro.png\"><img loading=\"lazy\" decoding=\"async\" width=\"700\" height=\"600\" src=\"https:\/\/www.elsindical.com.ar\/notas\/var\/www\/html\/notas\/wp-content\/uploads\/2025\/10\/Luis-Petri-ministro.png\" alt=\"\" class=\"wp-image-140472\" srcset=\"https:\/\/www.elsindical.com.ar\/notas\/var\/www\/html\/notas\/wp-content\/uploads\/2025\/10\/Luis-Petri-ministro.png 700w, https:\/\/www.elsindical.com.ar\/notas\/var\/www\/html\/notas\/wp-content\/uploads\/2025\/10\/Luis-Petri-ministro-300x257.png 300w\" sizes=\"auto, (max-width: 700px) 100vw, 700px\" \/><\/a><\/figure>\n<\/div>\n\n\n<p class=\"wp-block-paragraph\">La desarrolladora Consultatio adquiri\u00f3 por US$ 127 millones el terreno del Ej\u00e9rcito ubicado en Cervi\u00f1o y Bullrich, en el barrio porte\u00f1o de Palermo, en una subasta p\u00fablica organizada por la Agencia de Administraci\u00f3n de Bienes del Estado (AABE). <strong>El predio, de casi 4,4 hect\u00e1reas (42.000 m\u00b2), es el sitio donde actualmente funciona el complejo comercial Portal Palermo<\/strong>, concesionado desde 1994.<\/p>\n\n\n\n<p class=\"wp-block-paragraph\">La operaci\u00f3n se concret\u00f3 pese a que la semana pasada el S<strong>enado le dio media sanci\u00f3n a un proyecto que declara al predio del Regimiento de Patricios como un espacio \u201chist\u00f3rico nacional, estrat\u00e9gico y no enajenable\u201d. <\/strong>La iniciativa obtuvo 56 votos a favor y cuatro en contra y propone dejar sin efecto el proceso administrativo iniciado por el Gobierno para avanzar con la licitaci\u00f3n del terreno.<\/p>\n\n\n\n<p class=\"wp-block-paragraph\">Tras la subasta, el diputado nacional por Encuentro Federal Miguel \u00c1ngel <strong>Pichetto critic\u00f3 la venta en la red social X y adelant\u00f3 que buscar\u00e1n que la C\u00e1mara de Diputados convierta en ley la iniciativa sancionada por el Senado para <\/strong>declarar nula la operaci\u00f3n. Pichetto sostuvo que el predio \u201csiempre fue del Regimiento de Patricios\u201d y record\u00f3 que hab\u00eda presentado un amparo con medida cautelar para suspender la subasta, recurso que fue rechazado por la jueza Mar\u00eda Alejandra Biotti del Juzgado 5 en lo Contencioso Administrativo y Tributario por falta de legitimaci\u00f3n activa.<\/p>\n\n\n\n<p class=\"wp-block-paragraph\">Consultatio comunic\u00f3 la compra y adelant\u00f3 sus planes: \u201ccon entusiasmo compartimos una nueva adquisici\u00f3n: Consultatio incorpor\u00f3 un nuevo terreno en Palermo, una de las fracciones m\u00e1s codiciadas de Buenos Aires, ubicada en avenida Cervi\u00f1o, esquina Bullrich\u201d. La desarrolladora, del empresario Eduardo Costantini, indic\u00f3 que proyectar\u00e1 all\u00ed \u201cun nuevo distrito que <strong>integrar\u00e1 arquitectura, dise\u00f1o, arte y espacio p\u00fablico, <\/strong>reafirmando su vocaci\u00f3n por desarrollar lugares que trascienden la vivienda y se abren a la ciudad\u201d.<\/p>\n\n\n\n<p class=\"wp-block-paragraph\"><strong>El monto pagado \u2014US$ 127 millones\u2014 supera en US$ 46 millones el precio base<\/strong> fijado por el Tribunal de Tasaciones de la Naci\u00f3n (US$ 81.817.977,52). El predio limita con el Regimiento de Infanter\u00eda 1 Patricios, sobre la calle Cervi\u00f1o entre Bullrich y Dorrego.<\/p>\n\n\n\n<h2 class=\"wp-block-heading\">Fuerte ofensiva para proteger el Regimiento de Patricios de una subasta del Gobierno<\/h2>\n\n\n\n<p class=\"wp-block-paragraph\">El senador nacional radical por Tierra del Fuego, Pablo Blanco, <strong>present\u00f3 un proyecto de ley para declarar \u201clugar hist\u00f3rico nacional, estrat\u00e9gico y no enajenable\u201d<\/strong> el terreno que ocupa el hist\u00f3rico Regimiento de Infanter\u00eda 1 \u201cPatricios\u201d, en el barrio porte\u00f1o de Palermo. La iniciativa busca frenar el remate de una porci\u00f3n de esas tierras, dispuesto por el Poder Ejecutivo a trav\u00e9s de la Agencia de Administraci\u00f3n de Bienes del Estado (AABE).<\/p>\n\n\n\n<p class=\"wp-block-paragraph\">El proyecto, ingresado al Senado, propone adem\u00e1s <strong>\u201cafectar a perpetuidad la totalidad del terreno al Ej\u00e9rcito Argentino\u201d. <\/strong>De aprobarse la ley, las instalaciones solo podr\u00edan destinarse a actividades vinculadas a la defensa nacional o a fines cient\u00edficos y culturales.<\/p>\n\n\n\n<p class=\"wp-block-paragraph\"><strong>La iniciativa legislativa es una respuesta directa al llamado a Subasta P\u00fablica del Gobierno, <\/strong>que busca vender una superficie de aproximadamente 42.044 metros cuadrados del predio delimitado por las avenidas Bullrich, Cervi\u00f1o, Santa Fe y Luis Mar\u00eda Campos.<\/p>\n\n\n\n<p class=\"wp-block-paragraph\">\u201cEn lugar de aprovechar la finalizaci\u00f3n de dicha concesi\u00f3n para recuperar este baluarte del <strong>patrimonio hist\u00f3rico y cultural de la Naci\u00f3n Argentina <\/strong>y, en particular, de su Ej\u00e9rcito, el Poder Ejecutivo Nacional [\u2026] dispuso el remate de esa fracci\u00f3n\u201d, argumenta Blanco en los fundamentos del proyecto.<\/p>\n\n\n\n<p class=\"wp-block-paragraph\"><strong>El Regimiento de Patricios, cuyo origen se remonta a las invasiones inglesas de 1806<\/strong>, se instal\u00f3 en el predio de Palermo en 1913. El conjunto de edificios y jardines ya fue declarado Monumento y Lugar Hist\u00f3rico Nacional por un decreto del a\u00f1o 2010.<\/p>\n\n\n\n<p class=\"wp-block-paragraph\">El proyecto de ley del senador radical busca dejar \u201csin efecto todo proceso administrativo iniciado o por iniciarse que tenga por objeto la enajenaci\u00f3n del terreno\u201d. En sus fundamentos, Blanco recuerda que es una obligaci\u00f3n del Congreso actuar en defensa de <strong>\u201cun bien tan caro a los sentimientos de nuestra Naci\u00f3n\u201d <\/strong>y cumplir con el mandato constitucional que le otorga la potestad de \u201cdisponer del uso y de la enajenaci\u00f3n de las tierras de propiedad nacional\u201d.<\/p>\n","protected":false},"excerpt":{"rendered":"<p>La desarrolladora Consultatio adquiri\u00f3 por US$ 127 millones el terreno del Ej\u00e9rcito ubicado en Cervi\u00f1o y Bullrich, en el barrio porte\u00f1o de Palermo, en una subasta p\u00fablica organizada por la Agencia de Administraci\u00f3n de Bienes del Estado (AABE). El predio, de casi 4,4 hect\u00e1reas (42.000 m\u00b2), es el sitio donde actualmente funciona el complejo comercial&hellip;<\/p>\n","protected":false},"author":1,"featured_media":140472,"comment_status":"open","ping_status":"open","sticky":false,"template":"","format":"standard","meta":{"footnotes":""},"categories":[13],"tags":[30921,2450,16055,40475,24455,46035,808],"class_list":["post-140471","post","type-post","status-publish","format-standard","has-post-thumbnail","hentry","category-politica","tag-aabe","tag-diario-el-sindical","tag-jueza-maria-alejandra-biotti","tag-luis-petri","tag-miguel-angel-pichetto","tag-predio-del-ejercito","tag-subasta"],"_links":{"self":[{"href":"https:\/\/www.elsindical.com.ar\/notas\/wp-json\/wp\/v2\/posts\/140471","targetHints":{"allow":["GET"]}}],"collection":[{"href":"https:\/\/www.elsindical.com.ar\/notas\/wp-json\/wp\/v2\/posts"}],"about":[{"href":"https:\/\/www.elsindical.com.ar\/notas\/wp-json\/wp\/v2\/types\/post"}],"author":[{"embeddable":true,"href":"https:\/\/www.elsindical.com.ar\/notas\/wp-json\/wp\/v2\/users\/1"}],"replies":[{"embeddable":true,"href":"https:\/\/www.elsindical.com.ar\/notas\/wp-json\/wp\/v2\/comments?post=140471"}],"version-history":[{"count":1,"href":"https:\/\/www.elsindical.com.ar\/notas\/wp-json\/wp\/v2\/posts\/140471\/revisions"}],"predecessor-version":[{"id":140473,"href":"https:\/\/www.elsindical.com.ar\/notas\/wp-json\/wp\/v2\/posts\/140471\/revisions\/140473"}],"wp:featuredmedia":[{"embeddable":true,"href":"https:\/\/www.elsindical.com.ar\/notas\/wp-json\/wp\/v2\/media\/140472"}],"wp:attachment":[{"href":"https:\/\/www.elsindical.com.ar\/notas\/wp-json\/wp\/v2\/media?parent=140471"}],"wp:term":[{"taxonomy":"category","embeddable":true,"href":"https:\/\/www.elsindical.com.ar\/notas\/wp-json\/wp\/v2\/categories?post=140471"},{"taxonomy":"post_tag","embeddable":true,"href":"https:\/\/www.elsindical.com.ar\/notas\/wp-json\/wp\/v2\/tags?post=140471"}],"curies":[{"name":"wp","href":"https:\/\/api.w.org\/{rel}","templated":true}]}}