{"id":140444,"date":"2025-10-05T19:15:56","date_gmt":"2025-10-05T22:15:56","guid":{"rendered":"https:\/\/www.elsindical.com.ar\/notas\/?p=140444"},"modified":"2025-10-05T19:16:28","modified_gmt":"2025-10-05T22:16:28","slug":"jose-luis-espert-bajo-su-candidatura-a-diputado-nacional-por-la-argentina-doy-un-paso-al-costado","status":"publish","type":"post","link":"https:\/\/www.elsindical.com.ar\/notas\/jose-luis-espert-bajo-su-candidatura-a-diputado-nacional-por-la-argentina-doy-un-paso-al-costado\/","title":{"rendered":"Jos\u00e9 Luis Espert baj\u00f3 su candidatura a diputado nacional: \u201cPor la Argentina, doy un paso al costado\u201d"},"content":{"rendered":"<div class=\"wp-block-image\">\n<figure class=\"aligncenter size-full\"><a href=\"https:\/\/www.elsindical.com.ar\/notas\/var\/www\/html\/notas\/wp-content\/uploads\/2025\/10\/Espert-video-explicaciones.jpg\"><img loading=\"lazy\" decoding=\"async\" width=\"700\" height=\"431\" src=\"https:\/\/www.elsindical.com.ar\/notas\/var\/www\/html\/notas\/wp-content\/uploads\/2025\/10\/Espert-video-explicaciones.jpg\" alt=\"\" class=\"wp-image-140420\" srcset=\"https:\/\/www.elsindical.com.ar\/notas\/var\/www\/html\/notas\/wp-content\/uploads\/2025\/10\/Espert-video-explicaciones.jpg 700w, https:\/\/www.elsindical.com.ar\/notas\/var\/www\/html\/notas\/wp-content\/uploads\/2025\/10\/Espert-video-explicaciones-300x185.jpg 300w\" sizes=\"auto, (max-width: 700px) 100vw, 700px\" \/><\/a><\/figure>\n<\/div>\n\n\n<p>El candidato a diputado nacional por la Provincia de Buenos Aires decidi\u00f3 declinar su postulaci\u00f3n, en el marco del esc\u00e1ndalo con el supuesto narco Fred Machado.<\/p>\n\n\n\n<p>Jos\u00e9 Luis Espert anunci\u00f3 este domingo la baja de su candidatura como diputado nacional por la Provincia de Buenos Aires, en el marco del esc\u00e1ndalo con Fred Machado, un hombre acusado de ser narcotraficante. El actual legislador public\u00f3 un mensaje en sus redes sociales.<\/p>\n\n\n\n<p>\u201cPuse a disposici\u00f3n mi renuncia a la candidatura a Diputado Nacional por la Provincia de Buenos Aires y el Presidente Javier Milei decidi\u00f3 aceptarla\u201d, escribi\u00f3 en primer lugar, en el texto que fue titulado como \u201cPor la Argentina, doy un paso al costado\u201d.<\/p>\n\n\n\n<figure class=\"wp-block-embed is-type-rich is-provider-twitter wp-block-embed-twitter\"><div class=\"wp-block-embed__wrapper\">\n<blockquote class=\"twitter-tweet\" data-width=\"550\" data-dnt=\"true\"><p lang=\"es\" dir=\"ltr\">POR LA ARGENTINA, DOY UN PASO AL COSTADO<br> <br>Puse a disposici\u00f3n mi renuncia a la candidatura a Diputado Nacional por la Provincia de Buenos Aires y el Presidente Javier Milei decidi\u00f3 aceptarla.<br> <br>En estas elecciones la Argentina tiene, una vez m\u00e1s, la oportunidad de dar vuelta la\u2026<\/p>&mdash; Jos\u00e9 Luis Espert (@jlespert) <a href=\"https:\/\/twitter.com\/jlespert\/status\/1974954180063199272?ref_src=twsrc%5Etfw\">October 5, 2025<\/a><\/blockquote><script async src=\"https:\/\/platform.twitter.com\/widgets.js\" charset=\"utf-8\"><\/script>\n<\/div><\/figure>\n\n\n\n<p>La publicaci\u00f3n sigue: \u201cEn estas elecciones la Argentina tiene, una vez m\u00e1s, la oportunidad de dar vuelta la p\u00e1gina de su triste historia. Desde que el Presidente asumi\u00f3 est\u00e1 llevando adelante ese cambio con el esfuerzo y acompa\u00f1amiento de la mayor\u00eda de los argentinos. Esta es una operaci\u00f3n claramente orquestada por un sistema que destruy\u00f3 a la Argentina por d\u00e9cadas y sostenido por un despiadado juicio medi\u00e1tico hacia mi persona, al que no me seguir\u00e9 prestando\u201d.<\/p>\n\n\n\n<p>Al igual que en sus apariciones p\u00fablicas, indic\u00f3 que \u201ca diferencia de los que, ante cada campa\u00f1a electoral, utilizan las mismas armas, yo no tengo nada que ocultar y demostrar\u00e9 mi inocencia ante la Justicia, sin fueros ni privilegios. El tiempo demostrar\u00e1 que todo esto fue una gran mentira para ensuciar este proceso electoral y as\u00ed evitar discutir lo que los argentinos tenemos que hacer para cambiar el rumbo de nuestro pa\u00eds\u201d.<\/p>\n\n\n\n<p>Jos\u00e9 Luis Espert sigui\u00f3 en su descargo tras su renuncia: \u201cDeseo que los argentinos vivamos como nos merecemos. Por eso no puedo permitir que el proyecto de pa\u00eds que emprendimos con tanto esfuerzo, se desmorone\u201d.<\/p>\n\n\n\n<p>Y dej\u00f3 un claro mensaje para el espacio oficialista: \u201cA los dirigentes y compa\u00f1eros de ruta de La Libertad Avanza les digo: no se dejen psicopatear. Las explicaciones que hagan falta ser\u00e1n dadas a su debido momento y en donde corresponde. Utilicen cada segundo que queda hasta la elecci\u00f3n para explicarle a los argentinos la oportunidad que tenemos por delante, que no podemos dilapidar nuestro esfuerzo, y que este es el \u00fanico camino posible para recuperar el futuro\u201d.<\/p>\n\n\n\n<p>Y complet\u00f3: \u201cEl tiempo demostrar\u00e1 que no somos todos lo mismo\u201d.<\/p>\n\n\n\n<h2 class=\"wp-block-heading\">El mensaje de Javier Milei tras la baja de la candidatura de Jos\u00e9 Luis Espert<\/h2>\n\n\n\n<p>En un mensaje con la misma t\u00f3nica que el de Espert, Javier Milei se expres\u00f3 sobre la baja de la candidatura del diputado. \u201cEl proceso de cambio profundo que estamos llevando adelante es lo \u00fanico que importa. No vamos a permitir que una operaci\u00f3n maliciosa lo ponga en riesgo. Esto es una causa al servicio de cambiar el pa\u00eds\u201d, escribi\u00f3 el presidente.<\/p>\n\n\n\n<figure class=\"wp-block-embed is-type-rich is-provider-twitter wp-block-embed-twitter\"><div class=\"wp-block-embed__wrapper\">\n<blockquote class=\"twitter-tweet\" data-width=\"550\" data-dnt=\"true\"><p lang=\"es\" dir=\"ltr\">El proceso de cambio profundo que estamos llevando adelante es lo \u00fanico que importa. No vamos a permitir que una operaci\u00f3n maliciosa lo ponga en riesgo. <br><br>Esto es una causa al servicio de cambiar el pa\u00eds. La Argentina siempre est\u00e1 por encima de la personas. Garantizar el cambio\u2026 <a href=\"https:\/\/t.co\/9mfwrWPont\">https:\/\/t.co\/9mfwrWPont<\/a><\/p>&mdash; Javier Milei (@JMilei) <a href=\"https:\/\/twitter.com\/JMilei\/status\/1974954700677034110?ref_src=twsrc%5Etfw\">October 5, 2025<\/a><\/blockquote><script async src=\"https:\/\/platform.twitter.com\/widgets.js\" charset=\"utf-8\"><\/script>\n<\/div><\/figure>\n\n\n\n<p>Y agreg\u00f3: \u201cLa Argentina siempre est\u00e1 por encima de las personas. Garantizar el cambio es m\u00e1s importante que cualquiera de nosotros\u201d.<\/p>\n\n\n\n<p>Por \u00faltimo, repiti\u00f3 lo dicho por Jos\u00e9 Luis Espert: \u201cAunque nos quieran ensuciar, no somos lo mismo. La Libertad Avanza o Argentina retrocede\u201d.<\/p>\n","protected":false},"excerpt":{"rendered":"<p>El candidato a diputado nacional por la Provincia de Buenos Aires decidi\u00f3 declinar su postulaci\u00f3n, en el marco del esc\u00e1ndalo con el supuesto narco Fred Machado. Jos\u00e9 Luis Espert anunci\u00f3 este domingo la baja de su candidatura como diputado nacional por la Provincia de Buenos Aires, en el marco del esc\u00e1ndalo con Fred Machado, un&hellip;<\/p>\n","protected":false},"author":1,"featured_media":140420,"comment_status":"open","ping_status":"open","sticky":false,"template":"","format":"standard","meta":{"footnotes":""},"categories":[13],"tags":[1397,2450,244,28812,28399,40628,22025,840],"class_list":["post-140444","post","type-post","status-publish","format-standard","has-post-thumbnail","hentry","category-politica","tag-candidatura","tag-diario-el-sindical","tag-elecciones","tag-javier-milei","tag-jose-luis-espert","tag-lla","tag-politica","tag-renuncia"],"_links":{"self":[{"href":"https:\/\/www.elsindical.com.ar\/notas\/wp-json\/wp\/v2\/posts\/140444","targetHints":{"allow":["GET"]}}],"collection":[{"href":"https:\/\/www.elsindical.com.ar\/notas\/wp-json\/wp\/v2\/posts"}],"about":[{"href":"https:\/\/www.elsindical.com.ar\/notas\/wp-json\/wp\/v2\/types\/post"}],"author":[{"embeddable":true,"href":"https:\/\/www.elsindical.com.ar\/notas\/wp-json\/wp\/v2\/users\/1"}],"replies":[{"embeddable":true,"href":"https:\/\/www.elsindical.com.ar\/notas\/wp-json\/wp\/v2\/comments?post=140444"}],"version-history":[{"count":1,"href":"https:\/\/www.elsindical.com.ar\/notas\/wp-json\/wp\/v2\/posts\/140444\/revisions"}],"predecessor-version":[{"id":140445,"href":"https:\/\/www.elsindical.com.ar\/notas\/wp-json\/wp\/v2\/posts\/140444\/revisions\/140445"}],"wp:featuredmedia":[{"embeddable":true,"href":"https:\/\/www.elsindical.com.ar\/notas\/wp-json\/wp\/v2\/media\/140420"}],"wp:attachment":[{"href":"https:\/\/www.elsindical.com.ar\/notas\/wp-json\/wp\/v2\/media?parent=140444"}],"wp:term":[{"taxonomy":"category","embeddable":true,"href":"https:\/\/www.elsindical.com.ar\/notas\/wp-json\/wp\/v2\/categories?post=140444"},{"taxonomy":"post_tag","embeddable":true,"href":"https:\/\/www.elsindical.com.ar\/notas\/wp-json\/wp\/v2\/tags?post=140444"}],"curies":[{"name":"wp","href":"https:\/\/api.w.org\/{rel}","templated":true}]}}