{"id":140441,"date":"2025-10-05T19:09:22","date_gmt":"2025-10-05T22:09:22","guid":{"rendered":"https:\/\/www.elsindical.com.ar\/notas\/?p=140441"},"modified":"2025-10-05T19:09:27","modified_gmt":"2025-10-05T22:09:27","slug":"el-financial-times-volvio-a-cuestionar-la-politica-cambiaria-de-milei-y-advirtio-por-la-fuga-de-capitales-antes-de-las-elecciones","status":"publish","type":"post","link":"https:\/\/www.elsindical.com.ar\/notas\/el-financial-times-volvio-a-cuestionar-la-politica-cambiaria-de-milei-y-advirtio-por-la-fuga-de-capitales-antes-de-las-elecciones\/","title":{"rendered":"El Financial Times volvi\u00f3 a cuestionar la pol\u00edtica cambiaria de Milei y advirti\u00f3 por la fuga de capitales antes de las elecciones"},"content":{"rendered":"<div class=\"wp-block-image\">\n<figure class=\"aligncenter size-full is-resized\"><a href=\"https:\/\/www.elsindical.com.ar\/notas\/var\/www\/html\/notas\/wp-content\/uploads\/2025\/10\/Financail-Times-Milei-octubre-25.jpg\"><img loading=\"lazy\" decoding=\"async\" width=\"700\" height=\"659\" src=\"https:\/\/www.elsindical.com.ar\/notas\/var\/www\/html\/notas\/wp-content\/uploads\/2025\/10\/Financail-Times-Milei-octubre-25.jpg\" alt=\"\" class=\"wp-image-140442\" style=\"width:584px;height:auto\" srcset=\"https:\/\/www.elsindical.com.ar\/notas\/var\/www\/html\/notas\/wp-content\/uploads\/2025\/10\/Financail-Times-Milei-octubre-25.jpg 700w, https:\/\/www.elsindical.com.ar\/notas\/var\/www\/html\/notas\/wp-content\/uploads\/2025\/10\/Financail-Times-Milei-octubre-25-300x282.jpg 300w\" sizes=\"auto, (max-width: 700px) 100vw, 700px\" \/><\/a><\/figure>\n<\/div>\n\n\n<p>El prestigioso diario brit\u00e1nico analiz\u00f3 la situaci\u00f3n econ\u00f3mica argentina y alert\u00f3 sobre el impacto de las maniobras cambiarias y la p\u00e9rdida de reservas del Banco Central, a pocas semanas de las elecciones legislativas.<\/p>\n\n\n\n<p>El <strong>Financial Times public\u00f3 un duro art\u00edculo en el que puso en duda la pol\u00edtica cambiaria del presidente Javier Milei y advirti\u00f3 por la fuga de capitales<\/strong> que agrava la crisis de reservas del Banco Central de la Rep\u00fablica Argentina (BCRA). Seg\u00fan el medio brit\u00e1nico, los \u201ccreativos operadores de divisas\u201d locales aprovechan las medidas oficiales para obtener ganancias r\u00e1pidas, complicando el panorama econ\u00f3mico en la antesala de los comicios de medio t\u00e9rmino.<\/p>\n\n\n\n<p>Entre abril y agosto, <strong>los operadores individuales habr\u00edan comprado cerca de u$s9.500 millones al BCRA para venderlos luego en el mercado paralelo<\/strong>, cifra que equivale a la mitad de las divisas agr\u00edcolas del per\u00edodo. Esta din\u00e1mica, indic\u00f3 el informe, impide que la autoridad monetaria acumule reservas y refuerza la presi\u00f3n sobre el tipo de cambio.<\/p>\n\n\n\n<p>El art\u00edculo, firmado por la periodista Ciara Nugent, sostiene que la falta de acumulaci\u00f3n de reservas <strong>gener\u00f3 desconfianza entre los inversores y desat\u00f3 una venta masiva de bonos y del peso argentino<\/strong>. Adem\u00e1s, record\u00f3 que la reciente derrota electoral del oficialismo en comicios locales reaviv\u00f3 las dudas sobre la continuidad del programa econ\u00f3mico y las reformas de mercado.<\/p>\n\n\n\n<p>Finalmente, el Financial Times subray\u00f3 que <strong>la promesa \u201cvaga\u201d de apoyo financiero de Estados Unidos no logr\u00f3 estabilizar la situaci\u00f3n.<\/strong> Con el peso movi\u00e9ndose bruscamente y las reservas en niveles cr\u00edticos, el diario concluye que el Gobierno podr\u00eda verse obligado a modificar su pol\u00edtica cambiaria tras las elecciones de octubre.<\/p>\n","protected":false},"excerpt":{"rendered":"<p>El prestigioso diario brit\u00e1nico analiz\u00f3 la situaci\u00f3n econ\u00f3mica argentina y alert\u00f3 sobre el impacto de las maniobras cambiarias y la p\u00e9rdida de reservas del Banco Central, a pocas semanas de las elecciones legislativas. El Financial Times public\u00f3 un duro art\u00edculo en el que puso en duda la pol\u00edtica cambiaria del presidente Javier Milei y advirti\u00f3&hellip;<\/p>\n","protected":false},"author":1,"featured_media":140442,"comment_status":"open","ping_status":"open","sticky":false,"template":"","format":"standard","meta":{"footnotes":""},"categories":[9,13],"tags":[2450,22023,244,19094,30788,28812],"class_list":["post-140441","post","type-post","status-publish","format-standard","has-post-thumbnail","hentry","category-economia","category-politica","tag-diario-el-sindical","tag-economia","tag-elecciones","tag-financial-times","tag-fuga-de-capitales","tag-javier-milei"],"_links":{"self":[{"href":"https:\/\/www.elsindical.com.ar\/notas\/wp-json\/wp\/v2\/posts\/140441","targetHints":{"allow":["GET"]}}],"collection":[{"href":"https:\/\/www.elsindical.com.ar\/notas\/wp-json\/wp\/v2\/posts"}],"about":[{"href":"https:\/\/www.elsindical.com.ar\/notas\/wp-json\/wp\/v2\/types\/post"}],"author":[{"embeddable":true,"href":"https:\/\/www.elsindical.com.ar\/notas\/wp-json\/wp\/v2\/users\/1"}],"replies":[{"embeddable":true,"href":"https:\/\/www.elsindical.com.ar\/notas\/wp-json\/wp\/v2\/comments?post=140441"}],"version-history":[{"count":1,"href":"https:\/\/www.elsindical.com.ar\/notas\/wp-json\/wp\/v2\/posts\/140441\/revisions"}],"predecessor-version":[{"id":140443,"href":"https:\/\/www.elsindical.com.ar\/notas\/wp-json\/wp\/v2\/posts\/140441\/revisions\/140443"}],"wp:featuredmedia":[{"embeddable":true,"href":"https:\/\/www.elsindical.com.ar\/notas\/wp-json\/wp\/v2\/media\/140442"}],"wp:attachment":[{"href":"https:\/\/www.elsindical.com.ar\/notas\/wp-json\/wp\/v2\/media?parent=140441"}],"wp:term":[{"taxonomy":"category","embeddable":true,"href":"https:\/\/www.elsindical.com.ar\/notas\/wp-json\/wp\/v2\/categories?post=140441"},{"taxonomy":"post_tag","embeddable":true,"href":"https:\/\/www.elsindical.com.ar\/notas\/wp-json\/wp\/v2\/tags?post=140441"}],"curies":[{"name":"wp","href":"https:\/\/api.w.org\/{rel}","templated":true}]}}