{"id":14041,"date":"2011-05-05T09:43:46","date_gmt":"2011-05-05T12:43:46","guid":{"rendered":"http:\/\/www.elsindical.com.ar\/notas\/?p=14041"},"modified":"2011-05-05T09:43:46","modified_gmt":"2011-05-05T12:43:46","slug":"almagrorobo-tiroteo-y-persecucion","status":"publish","type":"post","link":"https:\/\/www.elsindical.com.ar\/notas\/almagrorobo-tiroteo-y-persecucion\/","title":{"rendered":"Almagro:Robo, tiroteo y persecuci\u00f3n"},"content":{"rendered":"<p style=\"text-align: justify;\"><em><a href=\"http:\/\/www.elsindical.com.ar\/notas\/var\/www\/html\/notas\/wp-content\/uploads\/2011\/05\/auto-chocado-delincuentes-A.jpg\"><img loading=\"lazy\" decoding=\"async\" class=\"alignleft size-full wp-image-14042\" title=\"auto-chocado-delincuentes-A\" src=\"http:\/\/www.elsindical.com.ar\/notas\/var\/www\/html\/notas\/wp-content\/uploads\/2011\/05\/auto-chocado-delincuentes-A.jpg\" alt=\"\" width=\"286\" height=\"169\" \/><\/a>En un nuevo hecho delictivo ocurrido en jurisdicci\u00f3n de la Cria.11 de la Polic\u00eda Federal, la polic\u00eda esta vez pudo detener a delincuentes que hab\u00edan asaltado y tomado de reh\u00e9nes a los empleados de la firma l\u00e1ctea due\u00f1a del cami\u00f3n.<\/em><\/p>\n<p style=\"text-align: justify;\">Efectivos de la Polic\u00eda Federal comentaron que dos delincuentes interceptaron un cami\u00f3n que transportaba mercader\u00eda y redujeron a las tres personas que viajaban en el rodado, en la Av. Avellaneda y R\u00edo de Janeiro.\u00a0<\/p>\n<p>Luego de encerrar a las v\u00edctimas del atraco en la caja del veh\u00edculo, uno de los malvivientes tom\u00f3 la conducci\u00f3n del cami\u00f3n y el otro escap\u00f3 a m\u00e1s de 100 kil\u00f3metros por hora en un Fiat Palio.<\/p>\n<p>Advertidos de la situaci\u00f3n, m\u00f3viles policiales iniciaron la persecuci\u00f3n y se desat\u00f3 un tiroteo. Al llegar a la esquina de D\u00edaz V\u00e9lez y Yatay el asaltante que se fugaba en el Palio embisti\u00f3 al autom\u00f3vil de un particular.<\/p>\n<p>El involuntario damnificado, propietario de un Peugeot 206, relat\u00f3: \u201cEstaba yendo a trabajar. Ven\u00eda por la calle Yatay y cuando casi hab\u00eda cruzado D\u00edaz V\u00e9lez me choc\u00f3 un auto. Me arruinaron la vida, no s\u00e9 si el seguro me va a cubrir los da\u00f1os. Cruzar un sem\u00e1foro en la Argentina es una ruleta rusa\u201d.<\/p>\n<p>En la esquina de Pringles y Bartolom\u00e9 Mitre, la Polic\u00eda pudo atrapar a los dos delincuentes, recuper\u00f3 el cami\u00f3n y liber\u00f3 a los tres hombres que hab\u00edan sido reducidos.<\/p>\n<p style=\"text-align: justify;\">Vecinos expresaron su malestar por la ola de delitos en jurisdicci\u00f3n de la Cria.11, especialmente por algunos puntos espec\u00edficos donde se vende y consume drogas y desde donde luego los j\u00f3venes salen a robar por el barrio, esto es R\u00edo de Janeiro y Querand\u00edes, R\u00edo de Janeiro y Lezica, Eduardo Acevedo y Benancio Flores, las v\u00edas del ferrocarril Sarmiento, por mencionar algunos de los lugares.<\/p>\n<p style=\"text-align: justify;\">\u00a0<\/p>\n","protected":false},"excerpt":{"rendered":"<p>En un nuevo hecho delictivo ocurrido en jurisdicci\u00f3n de la Cria.11 de la Polic\u00eda Federal, la polic\u00eda esta vez pudo detener a delincuentes que hab\u00edan asaltado y tomado de reh\u00e9nes a los empleados de la firma l\u00e1ctea due\u00f1a del cami\u00f3n. Efectivos de la Polic\u00eda Federal comentaron que dos delincuentes interceptaron un cami\u00f3n que transportaba mercader\u00eda&hellip;<\/p>\n","protected":false},"author":1,"featured_media":0,"comment_status":"open","ping_status":"open","sticky":false,"template":"","format":"standard","meta":{"footnotes":""},"categories":[22],"tags":[1729,400,6775,892,502],"class_list":["post-14041","post","type-post","status-publish","format-standard","hentry","category-policiales","tag-almagro","tag-caballito","tag-cria-11","tag-delitos","tag-policia-federal-argentina"],"_links":{"self":[{"href":"https:\/\/www.elsindical.com.ar\/notas\/wp-json\/wp\/v2\/posts\/14041","targetHints":{"allow":["GET"]}}],"collection":[{"href":"https:\/\/www.elsindical.com.ar\/notas\/wp-json\/wp\/v2\/posts"}],"about":[{"href":"https:\/\/www.elsindical.com.ar\/notas\/wp-json\/wp\/v2\/types\/post"}],"author":[{"embeddable":true,"href":"https:\/\/www.elsindical.com.ar\/notas\/wp-json\/wp\/v2\/users\/1"}],"replies":[{"embeddable":true,"href":"https:\/\/www.elsindical.com.ar\/notas\/wp-json\/wp\/v2\/comments?post=14041"}],"version-history":[{"count":1,"href":"https:\/\/www.elsindical.com.ar\/notas\/wp-json\/wp\/v2\/posts\/14041\/revisions"}],"predecessor-version":[{"id":14043,"href":"https:\/\/www.elsindical.com.ar\/notas\/wp-json\/wp\/v2\/posts\/14041\/revisions\/14043"}],"wp:attachment":[{"href":"https:\/\/www.elsindical.com.ar\/notas\/wp-json\/wp\/v2\/media?parent=14041"}],"wp:term":[{"taxonomy":"category","embeddable":true,"href":"https:\/\/www.elsindical.com.ar\/notas\/wp-json\/wp\/v2\/categories?post=14041"},{"taxonomy":"post_tag","embeddable":true,"href":"https:\/\/www.elsindical.com.ar\/notas\/wp-json\/wp\/v2\/tags?post=14041"}],"curies":[{"name":"wp","href":"https:\/\/api.w.org\/{rel}","templated":true}]}}