{"id":140406,"date":"2025-10-02T13:06:33","date_gmt":"2025-10-02T16:06:33","guid":{"rendered":"https:\/\/www.elsindical.com.ar\/notas\/?p=140406"},"modified":"2025-10-02T13:06:38","modified_gmt":"2025-10-02T16:06:38","slug":"aliado-de-espert-y-lla-denunciado-en-la-justicia-por-el-uso-de-fondos-en-una-imprenta-fantasma","status":"publish","type":"post","link":"https:\/\/www.elsindical.com.ar\/notas\/aliado-de-espert-y-lla-denunciado-en-la-justicia-por-el-uso-de-fondos-en-una-imprenta-fantasma\/","title":{"rendered":"Aliado de Espert y LLA denunciado en la justicia por el uso de fondos en una imprenta \u00abfantasma\u00bb"},"content":{"rendered":"<div class=\"wp-block-image\">\n<figure class=\"aligncenter size-full\"><a href=\"https:\/\/www.elsindical.com.ar\/notas\/var\/www\/html\/notas\/wp-content\/uploads\/2025\/10\/Jose-Bonacci.jpg\"><img loading=\"lazy\" decoding=\"async\" width=\"700\" height=\"420\" src=\"https:\/\/www.elsindical.com.ar\/notas\/var\/www\/html\/notas\/wp-content\/uploads\/2025\/10\/Jose-Bonacci.jpg\" alt=\"\" class=\"wp-image-140407\" srcset=\"https:\/\/www.elsindical.com.ar\/notas\/var\/www\/html\/notas\/wp-content\/uploads\/2025\/10\/Jose-Bonacci.jpg 700w, https:\/\/www.elsindical.com.ar\/notas\/var\/www\/html\/notas\/wp-content\/uploads\/2025\/10\/Jose-Bonacci-300x180.jpg 300w\" sizes=\"auto, (max-width: 700px) 100vw, 700px\" \/><\/a><\/figure>\n<\/div>\n\n\n<p>   En medio del esc\u00e1ndalo narco que rodea al diputado Jos\u00e9 Luis Espert, su hist\u00f3rico aliado Alejandro Bonacci qued\u00f3 en el centro de una denuncia explosiva. Ramiro Vasena pidi\u00f3 a la jueza federal Servini unificar las causas por el dinero estatal destinado a la impresi\u00f3n de boletas en 2023, que nunca habr\u00edan sido entregadas.<br><br>La investigaci\u00f3n judicial que avanza sobre los fondos p\u00fablicos asignados a la impresi\u00f3n de boletas en las elecciones de 2023 tiene un protagonista clave: Alejandro Bonacci, socio pol\u00edtico de Jos\u00e9 Luis Espert, se\u00f1alado como el responsable de recibir el dinero del Estado y no cumplir con la producci\u00f3n del material electoral.<br><br>Seg\u00fan la denuncia presentada por Ramiro Vasena, ex precandidato presidencial, la maniobra habr\u00eda dejado a su espacio fuera de competencia y benefici\u00f3 a los sectores vinculados a Bonacci. \u201cSe mont\u00f3 una ingenier\u00eda electoral para defraudar al Estado y perjudicar a quienes compet\u00edamos de buena fe\u201d, denunci\u00f3.<br><br>El expediente en manos de Mar\u00eda Romilda Servini apunta a la imprenta DWP, en Rosario, propiedad de Bonacci y de familiares de Ernesto Habra, que habr\u00eda concentrado los contratos de m\u00e1s de veinte partidos. Parte de esas boletas nunca se imprimieron, pese a que los fondos fueron transferidos.<br><br>En paralelo al ruido pol\u00edtico por el caso Espert, la justicia electoral analiza ahora si existi\u00f3 una red de corrupci\u00f3n montada alrededor de Bonacci para apoderarse del dinero estatal. Vasena reclam\u00f3 que se unifiquen las causas y que se investigue hasta el final la ruta del dinero.<\/p>\n\n\n\n<p>Bonacci es un personaje particular del cosmos pol\u00edtico santafesino y un conocido mercader de sellos electorales. En 2023 ese negocio toc\u00f3 el cielo con las manos: su hija <strong>Roc\u00edo Bonacci<\/strong> entr\u00f3 como diputada nacional y su esposa <strong>Beatriz Brouwer<\/strong> como diputada provincial. La primera dentro del bloque de La Libertad Avanza y la segunda qued\u00f3 en el bloque Somos Vida que preside la diputada <strong>Amalia Granata<\/strong>.<\/p>\n","protected":false},"excerpt":{"rendered":"<p>En medio del esc\u00e1ndalo narco que rodea al diputado Jos\u00e9 Luis Espert, su hist\u00f3rico aliado Alejandro Bonacci qued\u00f3 en el centro de una denuncia explosiva. Ramiro Vasena pidi\u00f3 a la jueza federal Servini unificar las causas por el dinero estatal destinado a la impresi\u00f3n de boletas en 2023, que nunca habr\u00edan sido entregadas. La investigaci\u00f3n&hellip;<\/p>\n","protected":false},"author":1,"featured_media":140407,"comment_status":"open","ping_status":"open","sticky":false,"template":"","format":"standard","meta":{"footnotes":""},"categories":[6,20],"tags":[46019,46022,10976,175,2450,11133,46020,28399,5903,40628,41579,46021,2208],"class_list":["post-140406","post","type-post","status-publish","format-standard","has-post-thumbnail","hentry","category-denuncias","category-judiciales","tag-alejandro-bonacci","tag-beatriz-brouwer","tag-boletas","tag-denuncia","tag-diario-el-sindical","tag-imprenta","tag-imprenta-dwp","tag-jose-luis-espert","tag-jueza-federal-servini-de-cubria","tag-lla","tag-ramiro-vasena","tag-rocio-bonacci","tag-rosario"],"_links":{"self":[{"href":"https:\/\/www.elsindical.com.ar\/notas\/wp-json\/wp\/v2\/posts\/140406","targetHints":{"allow":["GET"]}}],"collection":[{"href":"https:\/\/www.elsindical.com.ar\/notas\/wp-json\/wp\/v2\/posts"}],"about":[{"href":"https:\/\/www.elsindical.com.ar\/notas\/wp-json\/wp\/v2\/types\/post"}],"author":[{"embeddable":true,"href":"https:\/\/www.elsindical.com.ar\/notas\/wp-json\/wp\/v2\/users\/1"}],"replies":[{"embeddable":true,"href":"https:\/\/www.elsindical.com.ar\/notas\/wp-json\/wp\/v2\/comments?post=140406"}],"version-history":[{"count":1,"href":"https:\/\/www.elsindical.com.ar\/notas\/wp-json\/wp\/v2\/posts\/140406\/revisions"}],"predecessor-version":[{"id":140408,"href":"https:\/\/www.elsindical.com.ar\/notas\/wp-json\/wp\/v2\/posts\/140406\/revisions\/140408"}],"wp:featuredmedia":[{"embeddable":true,"href":"https:\/\/www.elsindical.com.ar\/notas\/wp-json\/wp\/v2\/media\/140407"}],"wp:attachment":[{"href":"https:\/\/www.elsindical.com.ar\/notas\/wp-json\/wp\/v2\/media?parent=140406"}],"wp:term":[{"taxonomy":"category","embeddable":true,"href":"https:\/\/www.elsindical.com.ar\/notas\/wp-json\/wp\/v2\/categories?post=140406"},{"taxonomy":"post_tag","embeddable":true,"href":"https:\/\/www.elsindical.com.ar\/notas\/wp-json\/wp\/v2\/tags?post=140406"}],"curies":[{"name":"wp","href":"https:\/\/api.w.org\/{rel}","templated":true}]}}