{"id":140382,"date":"2025-09-12T21:49:00","date_gmt":"2025-09-13T00:49:00","guid":{"rendered":"https:\/\/www.elsindical.com.ar\/notas\/?p=140382"},"modified":"2025-10-01T21:54:44","modified_gmt":"2025-10-02T00:54:44","slug":"avellaneda-el-hcd-volvio-a-sesionar-luego-de-las-elecciones","status":"publish","type":"post","link":"https:\/\/www.elsindical.com.ar\/notas\/avellaneda-el-hcd-volvio-a-sesionar-luego-de-las-elecciones\/","title":{"rendered":"Avellaneda: El HCD volvi\u00f3 a sesionar luego de las elecciones"},"content":{"rendered":"\n<figure class=\"wp-block-image size-large\"><a href=\"https:\/\/www.elsindical.com.ar\/notas\/var\/www\/html\/notas\/wp-content\/uploads\/2025\/10\/HCD-11-septiembre-2025-01.jpg\"><img loading=\"lazy\" decoding=\"async\" width=\"1024\" height=\"682\" src=\"https:\/\/www.elsindical.com.ar\/notas\/var\/www\/html\/notas\/wp-content\/uploads\/2025\/10\/HCD-11-septiembre-2025-01-1024x682.jpg\" alt=\"\" class=\"wp-image-140383\" srcset=\"https:\/\/www.elsindical.com.ar\/notas\/var\/www\/html\/notas\/wp-content\/uploads\/2025\/10\/HCD-11-septiembre-2025-01-1024x682.jpg 1024w, https:\/\/www.elsindical.com.ar\/notas\/var\/www\/html\/notas\/wp-content\/uploads\/2025\/10\/HCD-11-septiembre-2025-01-300x200.jpg 300w, https:\/\/www.elsindical.com.ar\/notas\/var\/www\/html\/notas\/wp-content\/uploads\/2025\/10\/HCD-11-septiembre-2025-01-768x512.jpg 768w, https:\/\/www.elsindical.com.ar\/notas\/var\/www\/html\/notas\/wp-content\/uploads\/2025\/10\/HCD-11-septiembre-2025-01-1536x1023.jpg 1536w, https:\/\/www.elsindical.com.ar\/notas\/var\/www\/html\/notas\/wp-content\/uploads\/2025\/10\/HCD-11-septiembre-2025-01.jpg 1600w\" sizes=\"auto, (max-width: 1024px) 100vw, 1024px\" \/><\/a><\/figure>\n\n\n\n<p>El cuerpo deliberativo volvi\u00f3 a la acci\u00f3n tras los comicios del domingo y trat\u00f3 una bater\u00eda de proyectos.<\/p>\n\n\n\n<p>Este jueves el concejo deliberante de Avellaneda llev\u00f3 adelante una sesi\u00f3n ordinaria en la que se trataron diversos expedientes, entre ellos, algunos referidos a obras cloacales, construcci\u00f3n de viviendas y licencias a concejales -el presidente del recinto, Hugo Barrueco, ser\u00e1 intendente interino en las pr\u00f3ximas dos semanas-.<\/p>\n\n\n\n<p>Se aprobaron varios convenios, uno con Aguas y Saneamientos Argentino (AySA) de OPCT (Instalaci\u00f3n Red de Agua Potable y de Desag\u00fces Cloacales \u2013 5 Viviendas Pasaje Malvinas Argentinas \u2013 Avellaneda), otro con el Ministerio de Gobierno bonaerense para la construcci\u00f3n de la obra equipamiento, infraestructura y Parque Urbano de la \u00abUtop\u00eda Bonaerense del Partido de Avellaneda\u00bb, en la localidad de Dock Sud.<\/p>\n\n\n\n<p>Tambi\u00e9n se convalidaron dos acuerdos dentro del Programa Completar con el Ministerio de H\u00e1bitat y Desarrollo Urbano de la Provincia para el completamiento de 14 viviendas en el Predio Tranquila II y de 16 viviendas en el Predio Suipacha de Villa Dominico.<\/p>\n\n\n\n<p>En tanto, se debati\u00f3 un proyecto en rechazo al DNU N\u00b0 373\/2025, que reforma la Ley Nacional N\u00b0 27.654 de personas en situaci\u00f3n de calle y familias sin techo, la cual el edil<strong> Dami\u00e1n Paz<\/strong>, titular del flamante bloque Avellaneda Primero, en tono de cr\u00edtica, indic\u00f3 que \u201cquienes tienen que hacerse cargo son los municipios y las provincias, pretender que un Estado nacional se haga cargo de un problema subterritorial es una complicaci\u00f3n\u201d. Su voto negativo fue replicado por las bancadas de La Libertad Avanza, PRO, Uni\u00f3n y Libertad, aunque se aval\u00f3 con las manos de Fuerza Patria y Juntos.<\/p>\n\n\n\n<p>Se le dio el visto bueno a un acuerdo extrajudicial entre la Municipalidad y EDESUR por discrepancias surgidas entre las partes, vinculados a deudas y reclamos; lo mismo para una Adenda al Contrato de recaudaci\u00f3n por cobranza a trav\u00e9s del sistema E-PAGOS con la incorporaci\u00f3n como canal habilitado de recaudaci\u00f3n el cobro en efectivo a trav\u00e9s de la red de agentes habilitados por E-PAGOS.<\/p>\n\n\n\n<p>Luego se convalid\u00f3, por mayor\u00eda de los integrantes del concejo, un convenio de Cooperaci\u00f3n Institucional suscripto en fecha 22 de julio de 2025 con el Centro de Integraci\u00f3n y Cooperaci\u00f3n de Rusia y Am\u00e9rica Latina (CICRAL). Los bloques de La Libertad Avanza, PRO, Uni\u00f3n y Libertad, Juntos y Avellaneda Primero cuestionaron la existencia de cl\u00e1usulas de confidencialidad y \u201cfalta de transparencia\u201d del expediente.<\/p>\n\n\n\n<p>Asimismo, el oficialismo habilit\u00f3 la modificaci\u00f3n de art\u00edculos de la Ordenanza 30549\/2023 \u201cpara el cambio de Uso del Suelo en Zona Ambiental Ribere\u00f1a\u201d. Todo el arco opositor decidi\u00f3 abstenerse bajo el argumento de que \u201cno es claro y hay que discutirlo mucho m\u00e1s\u201d, mientras que desde FP indicaron que \u201ctiene que ver con aggiornar las ordenanzas a las leyes provinciales\u201d.<\/p>\n\n\n\n<p>Cabe mencionar que se vot\u00f3 el pedido de licencia del presidente del concejo, <strong>Hugo Barrueco<\/strong>, para ocupar la intendencia interina del 11 al 24 de este mes (aparentemente por un receso que se tom\u00f3 del jefe comunal luego de los comicios), su reemplazo fue el titular del bloque oficialista,<strong> Jos\u00e9 Alessi,<\/strong> que ya ejerci\u00f3 la funci\u00f3n en esta sesi\u00f3n. Lo mismo para la jefa de Gabinete municipal, <strong>Magdalena Sierra<\/strong>, que su banca es ocupada por <strong>Mar\u00eda Garibaldi.<\/strong><\/p>\n\n\n\n<figure class=\"wp-block-image size-large\"><a href=\"https:\/\/www.elsindical.com.ar\/notas\/var\/www\/html\/notas\/wp-content\/uploads\/2025\/10\/HCD-11-septiembre-2025-02.jpg\"><img loading=\"lazy\" decoding=\"async\" width=\"1024\" height=\"682\" src=\"https:\/\/www.elsindical.com.ar\/notas\/var\/www\/html\/notas\/wp-content\/uploads\/2025\/10\/HCD-11-septiembre-2025-02-1024x682.jpg\" alt=\"\" class=\"wp-image-140384\" srcset=\"https:\/\/www.elsindical.com.ar\/notas\/var\/www\/html\/notas\/wp-content\/uploads\/2025\/10\/HCD-11-septiembre-2025-02-1024x682.jpg 1024w, https:\/\/www.elsindical.com.ar\/notas\/var\/www\/html\/notas\/wp-content\/uploads\/2025\/10\/HCD-11-septiembre-2025-02-300x200.jpg 300w, https:\/\/www.elsindical.com.ar\/notas\/var\/www\/html\/notas\/wp-content\/uploads\/2025\/10\/HCD-11-septiembre-2025-02-768x512.jpg 768w, https:\/\/www.elsindical.com.ar\/notas\/var\/www\/html\/notas\/wp-content\/uploads\/2025\/10\/HCD-11-septiembre-2025-02-1536x1023.jpg 1536w, https:\/\/www.elsindical.com.ar\/notas\/var\/www\/html\/notas\/wp-content\/uploads\/2025\/10\/HCD-11-septiembre-2025-02.jpg 1600w\" sizes=\"auto, (max-width: 1024px) 100vw, 1024px\" \/><\/a><\/figure>\n","protected":false},"excerpt":{"rendered":"<p>El cuerpo deliberativo volvi\u00f3 a la acci\u00f3n tras los comicios del domingo y trat\u00f3 una bater\u00eda de proyectos. Este jueves el concejo deliberante de Avellaneda llev\u00f3 adelante una sesi\u00f3n ordinaria en la que se trataron diversos expedientes, entre ellos, algunos referidos a obras cloacales, construcci\u00f3n de viviendas y licencias a concejales -el presidente del recinto,&hellip;<\/p>\n","protected":false},"author":1,"featured_media":140383,"comment_status":"open","ping_status":"open","sticky":false,"template":"","format":"standard","meta":{"footnotes":""},"categories":[13],"tags":[43341,37385,2450,19428,3231],"class_list":["post-140382","post","type-post","status-publish","format-standard","has-post-thumbnail","hentry","category-politica","tag-politica-3","tag-avellameda","tag-diario-el-sindical","tag-hcd-avellaneda","tag-sesion"],"_links":{"self":[{"href":"https:\/\/www.elsindical.com.ar\/notas\/wp-json\/wp\/v2\/posts\/140382","targetHints":{"allow":["GET"]}}],"collection":[{"href":"https:\/\/www.elsindical.com.ar\/notas\/wp-json\/wp\/v2\/posts"}],"about":[{"href":"https:\/\/www.elsindical.com.ar\/notas\/wp-json\/wp\/v2\/types\/post"}],"author":[{"embeddable":true,"href":"https:\/\/www.elsindical.com.ar\/notas\/wp-json\/wp\/v2\/users\/1"}],"replies":[{"embeddable":true,"href":"https:\/\/www.elsindical.com.ar\/notas\/wp-json\/wp\/v2\/comments?post=140382"}],"version-history":[{"count":1,"href":"https:\/\/www.elsindical.com.ar\/notas\/wp-json\/wp\/v2\/posts\/140382\/revisions"}],"predecessor-version":[{"id":140385,"href":"https:\/\/www.elsindical.com.ar\/notas\/wp-json\/wp\/v2\/posts\/140382\/revisions\/140385"}],"wp:featuredmedia":[{"embeddable":true,"href":"https:\/\/www.elsindical.com.ar\/notas\/wp-json\/wp\/v2\/media\/140383"}],"wp:attachment":[{"href":"https:\/\/www.elsindical.com.ar\/notas\/wp-json\/wp\/v2\/media?parent=140382"}],"wp:term":[{"taxonomy":"category","embeddable":true,"href":"https:\/\/www.elsindical.com.ar\/notas\/wp-json\/wp\/v2\/categories?post=140382"},{"taxonomy":"post_tag","embeddable":true,"href":"https:\/\/www.elsindical.com.ar\/notas\/wp-json\/wp\/v2\/tags?post=140382"}],"curies":[{"name":"wp","href":"https:\/\/api.w.org\/{rel}","templated":true}]}}