{"id":140354,"date":"2025-09-30T23:23:09","date_gmt":"2025-10-01T02:23:09","guid":{"rendered":"https:\/\/www.elsindical.com.ar\/notas\/?p=140354"},"modified":"2025-09-30T23:23:19","modified_gmt":"2025-10-01T02:23:19","slug":"avellaneda-desaparecio-funcionario-judicial-que-denuncio-por-maltrato-a-la-defensora-general-maltas","status":"publish","type":"post","link":"https:\/\/www.elsindical.com.ar\/notas\/avellaneda-desaparecio-funcionario-judicial-que-denuncio-por-maltrato-a-la-defensora-general-maltas\/","title":{"rendered":"Avellaneda: Desapareci\u00f3 funcionario judicial que denunci\u00f3 por maltrato a la Defensora General Maltas"},"content":{"rendered":"<div class=\"wp-block-image\">\n<figure class=\"aligncenter size-full\"><a href=\"https:\/\/www.elsindical.com.ar\/notas\/var\/www\/html\/notas\/wp-content\/uploads\/2025\/09\/Gustavo-Gabriel-Jauregui-desaparecido.jpg\"><img loading=\"lazy\" decoding=\"async\" width=\"700\" height=\"875\" src=\"https:\/\/www.elsindical.com.ar\/notas\/var\/www\/html\/notas\/wp-content\/uploads\/2025\/09\/Gustavo-Gabriel-Jauregui-desaparecido.jpg\" alt=\"\" class=\"wp-image-140355\" srcset=\"https:\/\/www.elsindical.com.ar\/notas\/var\/www\/html\/notas\/wp-content\/uploads\/2025\/09\/Gustavo-Gabriel-Jauregui-desaparecido.jpg 700w, https:\/\/www.elsindical.com.ar\/notas\/var\/www\/html\/notas\/wp-content\/uploads\/2025\/09\/Gustavo-Gabriel-Jauregui-desaparecido-240x300.jpg 240w\" sizes=\"auto, (max-width: 700px) 100vw, 700px\" \/><\/a><\/figure>\n<\/div>\n\n\n<p>   Preocupa a familiares, amigos y compa\u00f1eros de trabajo la desaparici\u00f3n de un funcionario judicial que desapareci\u00f3 luego de denunciar violencia y maltrato laboral por parte de la Defensora General del Departamento Judicial Avellaneda\/Lan\u00fas, Gilda Maltras.<\/p>\n\n\n\n<p>El hombre desaparecido fue identificado como Gustavo Gabriel Jauregui, abogado de 49 a\u00f1os.<\/p>\n\n\n\n<p>La causa por su desaparici\u00f3n tramita en la UFI 4 de Avellaneda a cargo del Fiscal Mariano Zitto.<\/p>\n\n\n\n<p>Hasta el momento curiosamente la AJB, no ha emitido un comunicado al respecto, dado que en la carta se deja expresa manifestaci\u00f3n de que la situaci\u00f3n de maltrato tiene ya unos a\u00f1os.<\/p>\n\n\n<div class=\"wp-block-image\">\n<figure class=\"aligncenter size-large\"><a href=\"https:\/\/www.elsindical.com.ar\/notas\/var\/www\/html\/notas\/wp-content\/uploads\/2025\/09\/Carta-de-Jauregui.jpg\"><img loading=\"lazy\" decoding=\"async\" width=\"669\" height=\"1024\" src=\"https:\/\/www.elsindical.com.ar\/notas\/var\/www\/html\/notas\/wp-content\/uploads\/2025\/09\/Carta-de-Jauregui-669x1024.jpg\" alt=\"\" class=\"wp-image-140356\" srcset=\"https:\/\/www.elsindical.com.ar\/notas\/var\/www\/html\/notas\/wp-content\/uploads\/2025\/09\/Carta-de-Jauregui-669x1024.jpg 669w, https:\/\/www.elsindical.com.ar\/notas\/var\/www\/html\/notas\/wp-content\/uploads\/2025\/09\/Carta-de-Jauregui-196x300.jpg 196w, https:\/\/www.elsindical.com.ar\/notas\/var\/www\/html\/notas\/wp-content\/uploads\/2025\/09\/Carta-de-Jauregui.jpg 700w\" sizes=\"auto, (max-width: 669px) 100vw, 669px\" \/><\/a><\/figure>\n<\/div>","protected":false},"excerpt":{"rendered":"<p>Preocupa a familiares, amigos y compa\u00f1eros de trabajo la desaparici\u00f3n de un funcionario judicial que desapareci\u00f3 luego de denunciar violencia y maltrato laboral por parte de la Defensora General del Departamento Judicial Avellaneda\/Lan\u00fas, Gilda Maltras. El hombre desaparecido fue identificado como Gustavo Gabriel Jauregui, abogado de 49 a\u00f1os. La causa por su desaparici\u00f3n tramita en&hellip;<\/p>\n","protected":false},"author":1,"featured_media":140355,"comment_status":"open","ping_status":"open","sticky":false,"template":"","format":"standard","meta":{"footnotes":""},"categories":[25],"tags":[4626,33783,22020,10731,2385,2450,39976,9406,46002,332],"class_list":["post-140354","post","type-post","status-publish","format-standard","has-post-thumbnail","hentry","category-sociedad","tag-ajb","tag-defensora-general-gilda-maltas","tag-denuncias","tag-departamento-judicial-avellaneda-lanus","tag-desaparecido","tag-diario-el-sindical","tag-fiscal-mariano-zito","tag-funcionario-judicial","tag-gustavo-gabriel-jauregui","tag-maltrato-laboral"],"_links":{"self":[{"href":"https:\/\/www.elsindical.com.ar\/notas\/wp-json\/wp\/v2\/posts\/140354","targetHints":{"allow":["GET"]}}],"collection":[{"href":"https:\/\/www.elsindical.com.ar\/notas\/wp-json\/wp\/v2\/posts"}],"about":[{"href":"https:\/\/www.elsindical.com.ar\/notas\/wp-json\/wp\/v2\/types\/post"}],"author":[{"embeddable":true,"href":"https:\/\/www.elsindical.com.ar\/notas\/wp-json\/wp\/v2\/users\/1"}],"replies":[{"embeddable":true,"href":"https:\/\/www.elsindical.com.ar\/notas\/wp-json\/wp\/v2\/comments?post=140354"}],"version-history":[{"count":1,"href":"https:\/\/www.elsindical.com.ar\/notas\/wp-json\/wp\/v2\/posts\/140354\/revisions"}],"predecessor-version":[{"id":140357,"href":"https:\/\/www.elsindical.com.ar\/notas\/wp-json\/wp\/v2\/posts\/140354\/revisions\/140357"}],"wp:featuredmedia":[{"embeddable":true,"href":"https:\/\/www.elsindical.com.ar\/notas\/wp-json\/wp\/v2\/media\/140355"}],"wp:attachment":[{"href":"https:\/\/www.elsindical.com.ar\/notas\/wp-json\/wp\/v2\/media?parent=140354"}],"wp:term":[{"taxonomy":"category","embeddable":true,"href":"https:\/\/www.elsindical.com.ar\/notas\/wp-json\/wp\/v2\/categories?post=140354"},{"taxonomy":"post_tag","embeddable":true,"href":"https:\/\/www.elsindical.com.ar\/notas\/wp-json\/wp\/v2\/tags?post=140354"}],"curies":[{"name":"wp","href":"https:\/\/api.w.org\/{rel}","templated":true}]}}