{"id":140286,"date":"2025-09-27T14:47:31","date_gmt":"2025-09-27T17:47:31","guid":{"rendered":"https:\/\/www.elsindical.com.ar\/notas\/?p=140286"},"modified":"2025-09-27T14:47:37","modified_gmt":"2025-09-27T17:47:37","slug":"triple-femicidio-en-florencio-varela-la-justicia-emitio-la-alerta-roja-internacional-para-dar-con-la-mano-derecha-del-pequeno-j","status":"publish","type":"post","link":"https:\/\/www.elsindical.com.ar\/notas\/triple-femicidio-en-florencio-varela-la-justicia-emitio-la-alerta-roja-internacional-para-dar-con-la-mano-derecha-del-pequeno-j\/","title":{"rendered":"Triple femicidio en Florencio Varela: La justicia emiti\u00f3 la Alerta Roja Internacional para dar con la mano derecha del \u201cpeque\u00f1o J\u201d"},"content":{"rendered":"\n<figure class=\"wp-block-image size-full\"><a href=\"https:\/\/www.elsindical.com.ar\/notas\/var\/www\/html\/notas\/wp-content\/uploads\/2025\/09\/Matias-Agustin-Osorio.jpg\"><img loading=\"lazy\" decoding=\"async\" width=\"882\" height=\"508\" src=\"https:\/\/www.elsindical.com.ar\/notas\/var\/www\/html\/notas\/wp-content\/uploads\/2025\/09\/Matias-Agustin-Osorio.jpg\" alt=\"\" class=\"wp-image-140287\" srcset=\"https:\/\/www.elsindical.com.ar\/notas\/var\/www\/html\/notas\/wp-content\/uploads\/2025\/09\/Matias-Agustin-Osorio.jpg 882w, https:\/\/www.elsindical.com.ar\/notas\/var\/www\/html\/notas\/wp-content\/uploads\/2025\/09\/Matias-Agustin-Osorio-300x173.jpg 300w, https:\/\/www.elsindical.com.ar\/notas\/var\/www\/html\/notas\/wp-content\/uploads\/2025\/09\/Matias-Agustin-Osorio-768x442.jpg 768w, https:\/\/www.elsindical.com.ar\/notas\/var\/www\/html\/notas\/wp-content\/uploads\/2025\/09\/Matias-Agustin-Osorio-220x126.jpg 220w\" sizes=\"auto, (max-width: 882px) 100vw, 882px\" \/><\/a><\/figure>\n\n\n\n<p>La medida fue dictada a pedido del Fiscal de Homicidios Gustavo Arribas, quien pidi\u00f3 la captura internacional de Ozorio al considerar que ide\u00f3 y ejecut\u00f3 el asesinato agravado de las tres j\u00f3venes.<\/p>\n\n\n\n<p><strong>La Justicia emiti\u00f3 una alerta roja internacional <\/strong>para dar con Mart\u00edas Agust\u00edn Ozorio, acusado de haber participado en el brutal femicidio de <strong>Brenda del Castillo, Morena Verri y Lara Guti\u00e9rrez<\/strong> en Florencio Varela. El narco, conocido como el \u201cgatillero\u201d de un clan <strong>vinculado al peruano Peque\u00f1o J, que est\u00e1 pr\u00f3fugo.<\/strong><\/p>\n\n\n\n<p>La medida fue librada a pedido del Fiscal de Homicidios Gustavo Arribas, quien <strong>pidi\u00f3 la captura internacional de Ozorio al considerar que ide\u00f3 y ejecut\u00f3 el asesinato agravado de las tres j\u00f3venes<\/strong>. El imputado tiene domicilio registrado en la Villa 21-24 de Parque Patricios y se le atribuye haber aplicado golpes de pu\u00f1o y cortes mortales a las v\u00edctimas, en un accionar calificado por la Justicia como tortura.<\/p>\n\n\n\n<p>De acuerdo al escrito judicial, el ataque \u201caument\u00f3 de manera inhumana el sufrimiento\u201d de las mujeres, al causar padecimientos innecesarios que excedieron el acto homicida.<\/p>\n\n\n\n<p>La justicia indica que actuaron tambi\u00e9n actuaron<strong>&nbsp;Miguel \u00c1ngel Villanueva Silva<\/strong>,&nbsp;<strong>Magal\u00ed Celeste Gonz\u00e1lez Guerrero, Daniela Lara Ibarra,<\/strong>&nbsp;y&nbsp;<strong>Maximiliano Andr\u00e9s Parra<\/strong>, los 4 detenidos alojados en la alcald\u00eda de la c\u00e1rcel de Melchor Pose, en La Plata, imputados por&nbsp;<strong>homicidio agravado<\/strong>.<\/p>\n\n\n\n<p>El expediente remarca que existi\u00f3 un \u201cconcurso premeditado\u201d entre todos los acusados, quienes <strong>ejercieron violencia de g\u00e9nero con alevos\u00eda y planificaci\u00f3n<\/strong>. Los investigadores sostienen que los hombres aprovecharon \u201csu condici\u00f3n dominante de g\u00e9nero\u201d para someter a las j\u00f3venes, configurando un crimen de g\u00e9nero con m\u00faltiples agravantes.<\/p>\n","protected":false},"excerpt":{"rendered":"<p>La medida fue dictada a pedido del Fiscal de Homicidios Gustavo Arribas, quien pidi\u00f3 la captura internacional de Ozorio al considerar que ide\u00f3 y ejecut\u00f3 el asesinato agravado de las tres j\u00f3venes. La Justicia emiti\u00f3 una alerta roja internacional para dar con Mart\u00edas Agust\u00edn Ozorio, acusado de haber participado en el brutal femicidio de Brenda&hellip;<\/p>\n","protected":false},"author":1,"featured_media":140287,"comment_status":"open","ping_status":"open","sticky":false,"template":"","format":"standard","meta":{"footnotes":""},"categories":[20,22],"tags":[45979,29105,2450,45978,1307,45981,45976,45980,45982,45977],"class_list":["post-140286","post","type-post","status-publish","format-standard","has-post-thumbnail","hentry","category-judiciales","category-policiales","tag-brenda-del-castillo","tag-crimen-narco","tag-diario-el-sindical","tag-fiscal-gustavo-arribas","tag-florencio-varela","tag-lara-gutierrez","tag-martin-agustin-ozorio","tag-morena-verri","tag-pequeno-j","tag-triple-crimen-de-varela"],"_links":{"self":[{"href":"https:\/\/www.elsindical.com.ar\/notas\/wp-json\/wp\/v2\/posts\/140286","targetHints":{"allow":["GET"]}}],"collection":[{"href":"https:\/\/www.elsindical.com.ar\/notas\/wp-json\/wp\/v2\/posts"}],"about":[{"href":"https:\/\/www.elsindical.com.ar\/notas\/wp-json\/wp\/v2\/types\/post"}],"author":[{"embeddable":true,"href":"https:\/\/www.elsindical.com.ar\/notas\/wp-json\/wp\/v2\/users\/1"}],"replies":[{"embeddable":true,"href":"https:\/\/www.elsindical.com.ar\/notas\/wp-json\/wp\/v2\/comments?post=140286"}],"version-history":[{"count":1,"href":"https:\/\/www.elsindical.com.ar\/notas\/wp-json\/wp\/v2\/posts\/140286\/revisions"}],"predecessor-version":[{"id":140288,"href":"https:\/\/www.elsindical.com.ar\/notas\/wp-json\/wp\/v2\/posts\/140286\/revisions\/140288"}],"wp:featuredmedia":[{"embeddable":true,"href":"https:\/\/www.elsindical.com.ar\/notas\/wp-json\/wp\/v2\/media\/140287"}],"wp:attachment":[{"href":"https:\/\/www.elsindical.com.ar\/notas\/wp-json\/wp\/v2\/media?parent=140286"}],"wp:term":[{"taxonomy":"category","embeddable":true,"href":"https:\/\/www.elsindical.com.ar\/notas\/wp-json\/wp\/v2\/categories?post=140286"},{"taxonomy":"post_tag","embeddable":true,"href":"https:\/\/www.elsindical.com.ar\/notas\/wp-json\/wp\/v2\/tags?post=140286"}],"curies":[{"name":"wp","href":"https:\/\/api.w.org\/{rel}","templated":true}]}}