{"id":140238,"date":"2025-09-24T10:41:45","date_gmt":"2025-09-24T13:41:45","guid":{"rendered":"https:\/\/www.elsindical.com.ar\/notas\/?p=140238"},"modified":"2025-09-24T10:41:51","modified_gmt":"2025-09-24T13:41:51","slug":"florencio-varela-hallaron-3-cuerpos-mutilados-compatibles-con-las-chicas-desaparecidas-y-hay-4-detenidos","status":"publish","type":"post","link":"https:\/\/www.elsindical.com.ar\/notas\/florencio-varela-hallaron-3-cuerpos-mutilados-compatibles-con-las-chicas-desaparecidas-y-hay-4-detenidos\/","title":{"rendered":"Florencio Varela: Hallaron 3 cuerpos mutilados compatibles con las chicas desaparecidas y hay 4 detenidos"},"content":{"rendered":"<div class=\"wp-block-image\">\n<figure class=\"aligncenter size-full\"><a href=\"https:\/\/www.elsindical.com.ar\/notas\/var\/www\/html\/notas\/wp-content\/uploads\/2025\/09\/Morena-Brenda-y-Lara.jpg\"><img loading=\"lazy\" decoding=\"async\" width=\"987\" height=\"555\" src=\"https:\/\/www.elsindical.com.ar\/notas\/var\/www\/html\/notas\/wp-content\/uploads\/2025\/09\/Morena-Brenda-y-Lara.jpg\" alt=\"\" class=\"wp-image-140239\" srcset=\"https:\/\/www.elsindical.com.ar\/notas\/var\/www\/html\/notas\/wp-content\/uploads\/2025\/09\/Morena-Brenda-y-Lara.jpg 987w, https:\/\/www.elsindical.com.ar\/notas\/var\/www\/html\/notas\/wp-content\/uploads\/2025\/09\/Morena-Brenda-y-Lara-300x169.jpg 300w, https:\/\/www.elsindical.com.ar\/notas\/var\/www\/html\/notas\/wp-content\/uploads\/2025\/09\/Morena-Brenda-y-Lara-768x432.jpg 768w, https:\/\/www.elsindical.com.ar\/notas\/var\/www\/html\/notas\/wp-content\/uploads\/2025\/09\/Morena-Brenda-y-Lara-460x260.jpg 460w\" sizes=\"auto, (max-width: 987px) 100vw, 987px\" \/><\/a><\/figure>\n<\/div>\n\n\n<p>La Polic\u00eda bonaerense confirm\u00f3 ese mi\u00e9rcoles el hallazgo de tres cuerpos en los allanamientos y rastrillajes por la b\u00fasqueda de las j\u00f3venes Morena Verri (20 a\u00f1os), Brenda Loreley Del Castillo (20) y Lara Morena Guti\u00e9rrez (15) en Florencio Varela y hay hermetismo. En el caso ya hay cuatro personas arrestadas.<\/p>\n\n\n\n<p>Desde el lugar, efectivos que est\u00e1n abocados al operativo afirmaronn que el resultado es \u201cpositivo\u201d y se estima que en minutos habr\u00e1 confirmaci\u00f3n oficial, debido a que por el momento no se lograron identificar los cuerpos.<\/p>\n\n\n\n<p>Seg\u00fan indicaron, los tres cuerpos fueron encontrados enterrados en un pozo en el patio de una casa. En un comienzo se inform\u00f3 que uno de los cad\u00e1veres se encontraba dentro de la camioneta, pero dicha versi\u00f3n fue descartada.<\/p>\n\n\n\n<p>El martes por la noche se iniciaron los procedimientos en los que se logr\u00f3 constatar la presencia de manchas hem\u00e1ticas y la detenci\u00f3n de hasta ahora cuatro personas.<\/p>\n\n\n\n<p>Fuentes del caso explicaron que los operativos en la zona comenzaron tras detectar la \u00faltima conexi\u00f3n que localiz\u00f3 la antena celular de una de las chicas.<\/p>\n\n\n\n<p>Tras esta situaci\u00f3n, se llev\u00f3 adelante un allanamiento de urgencia en una vivienda, la cual el viernes por la noche hab\u00eda sido alquilada por una banda perteneciente al barrio 1-11-14 y que hab\u00edan organizado una \u00abfiesta narco\u00bb.<\/p>\n\n\n\n<p>All\u00ed dentro encontraron a un hombre y una mujer que \u00ablimpiaban con lavandina restos de sangre que hab\u00eda por todos lados\u00bb.<\/p>\n\n\n\n<p>Tras las primeras averiguaciones se logr\u00f3 dar con un hotel de la zona, motivo por el cual se realiz\u00f3 otra pesquisa donde se dio con otro hombre y otra mujer, quienes fueron detenidos.<\/p>\n\n\n\n<p>Esta \u00faltima es due\u00f1a de la casa previamente allanada y quien contrat\u00f3 a dos j\u00f3venes para limpieza especial.<\/p>\n","protected":false},"excerpt":{"rendered":"<p>La Polic\u00eda bonaerense confirm\u00f3 ese mi\u00e9rcoles el hallazgo de tres cuerpos en los allanamientos y rastrillajes por la b\u00fasqueda de las j\u00f3venes Morena Verri (20 a\u00f1os), Brenda Loreley Del Castillo (20) y Lara Morena Guti\u00e9rrez (15) en Florencio Varela y hay hermetismo. En el caso ya hay cuatro personas arrestadas. Desde el lugar, efectivos que&hellip;<\/p>\n","protected":false},"author":1,"featured_media":140239,"comment_status":"open","ping_status":"open","sticky":false,"template":"","format":"standard","meta":{"footnotes":""},"categories":[22],"tags":[45958,45960,742,2450,1307,45959,45957],"class_list":["post-140238","post","type-post","status-publish","format-standard","has-post-thumbnail","hentry","category-policiales","tag-brenda-loreley-del-castillo","tag-cuerpos-mutilados","tag-detenidos","tag-diario-el-sindical","tag-florencio-varela","tag-lara-morena-gutierrez","tag-morena-verry"],"_links":{"self":[{"href":"https:\/\/www.elsindical.com.ar\/notas\/wp-json\/wp\/v2\/posts\/140238","targetHints":{"allow":["GET"]}}],"collection":[{"href":"https:\/\/www.elsindical.com.ar\/notas\/wp-json\/wp\/v2\/posts"}],"about":[{"href":"https:\/\/www.elsindical.com.ar\/notas\/wp-json\/wp\/v2\/types\/post"}],"author":[{"embeddable":true,"href":"https:\/\/www.elsindical.com.ar\/notas\/wp-json\/wp\/v2\/users\/1"}],"replies":[{"embeddable":true,"href":"https:\/\/www.elsindical.com.ar\/notas\/wp-json\/wp\/v2\/comments?post=140238"}],"version-history":[{"count":1,"href":"https:\/\/www.elsindical.com.ar\/notas\/wp-json\/wp\/v2\/posts\/140238\/revisions"}],"predecessor-version":[{"id":140240,"href":"https:\/\/www.elsindical.com.ar\/notas\/wp-json\/wp\/v2\/posts\/140238\/revisions\/140240"}],"wp:featuredmedia":[{"embeddable":true,"href":"https:\/\/www.elsindical.com.ar\/notas\/wp-json\/wp\/v2\/media\/140239"}],"wp:attachment":[{"href":"https:\/\/www.elsindical.com.ar\/notas\/wp-json\/wp\/v2\/media?parent=140238"}],"wp:term":[{"taxonomy":"category","embeddable":true,"href":"https:\/\/www.elsindical.com.ar\/notas\/wp-json\/wp\/v2\/categories?post=140238"},{"taxonomy":"post_tag","embeddable":true,"href":"https:\/\/www.elsindical.com.ar\/notas\/wp-json\/wp\/v2\/tags?post=140238"}],"curies":[{"name":"wp","href":"https:\/\/api.w.org\/{rel}","templated":true}]}}