{"id":140217,"date":"2025-09-23T11:24:28","date_gmt":"2025-09-23T14:24:28","guid":{"rendered":"https:\/\/www.elsindical.com.ar\/notas\/?p=140217"},"modified":"2025-09-23T11:24:33","modified_gmt":"2025-09-23T14:24:33","slug":"con-un-acto-en-la-plata-kicillof-lanzo-la-campana-de-fuerza-patria","status":"publish","type":"post","link":"https:\/\/www.elsindical.com.ar\/notas\/con-un-acto-en-la-plata-kicillof-lanzo-la-campana-de-fuerza-patria\/","title":{"rendered":"Con un acto en La Plata, Kicillof lanz\u00f3 la campa\u00f1a de Fuerza Patria"},"content":{"rendered":"<div class=\"wp-block-image\">\n<figure class=\"aligncenter size-large\"><a href=\"https:\/\/www.elsindical.com.ar\/notas\/var\/www\/html\/notas\/wp-content\/uploads\/2025\/09\/acto-Kici-La-Plata-sepr-2025.jpg\"><img loading=\"lazy\" decoding=\"async\" width=\"1024\" height=\"576\" src=\"https:\/\/www.elsindical.com.ar\/notas\/var\/www\/html\/notas\/wp-content\/uploads\/2025\/09\/acto-Kici-La-Plata-sepr-2025-1024x576.jpg\" alt=\"\" class=\"wp-image-140218\" srcset=\"https:\/\/www.elsindical.com.ar\/notas\/var\/www\/html\/notas\/wp-content\/uploads\/2025\/09\/acto-Kici-La-Plata-sepr-2025-1024x576.jpg 1024w, https:\/\/www.elsindical.com.ar\/notas\/var\/www\/html\/notas\/wp-content\/uploads\/2025\/09\/acto-Kici-La-Plata-sepr-2025-300x169.jpg 300w, https:\/\/www.elsindical.com.ar\/notas\/var\/www\/html\/notas\/wp-content\/uploads\/2025\/09\/acto-Kici-La-Plata-sepr-2025-768x432.jpg 768w, https:\/\/www.elsindical.com.ar\/notas\/var\/www\/html\/notas\/wp-content\/uploads\/2025\/09\/acto-Kici-La-Plata-sepr-2025-460x260.jpg 460w, https:\/\/www.elsindical.com.ar\/notas\/var\/www\/html\/notas\/wp-content\/uploads\/2025\/09\/acto-Kici-La-Plata-sepr-2025.jpg 1200w\" sizes=\"auto, (max-width: 1024px) 100vw, 1024px\" \/><\/a><\/figure>\n<\/div>\n\n\n<p>\u00abNuestra responsabilidad es explicar, ser precisos y contundentes\u00bb, convoc\u00f3 Axel Kicillof a los dirigentes y militantes que participaron del acto de Fuerza Patria.<\/p>\n\n\n\n<p>El gobernador de la provincia de Buenos Aires, <strong>Axel Kicillof, encabez\u00f3 un encuentro en la ciudad de La Plata para presentar a los candidatos<\/strong> y se toma como puntapi\u00e9 de la campa\u00f1a de Fuerza Patria para las elecciones del 26 de octubre.<\/p>\n\n\n\n<p>\u201c<strong>La hist\u00f3rica victoria en las elecciones provinciales sirvi\u00f3 para dejar un mensaje claro: el ajuste de Milei no cuenta con el respaldo de la provincia de Buenos Aires<\/strong>. Fue repudiado y rechazado de la forma m\u00e1s universal y leg\u00edtima, con los votos y en las urnas\u201d, asegur\u00f3 Kicillof.<\/p>\n\n\n\n<p>En la mesa, estuvo secundado por algunos candidatos y dirigentes sindicales; entre ellos, Jorge Taiana (cabeza de lista), Hugo Yasky, Oscar \u201cColo de Isasi\u201d, Hugo \u201cCachorro\u201d Godoy, Daniel Catalano, Walter Correa, Estela D\u00edaz, Sergio Palazzo y Roberto Baradel.<\/p>\n\n\n\n<p>\u201cNuestra responsabilidad es explicar, ser precisos y contundentes, porque <strong>no puede haber un solo empresario pyme, estudiante, docente o jubilado que acompa\u00f1e este modelo<\/strong>\u201c, convoc\u00f3 el Gobernador, al tiempo que asegur\u00f3: \u201cContra una derecha que nos quiere ver resignados, vamos a demostrar que hay otro camino: el de la educaci\u00f3n y la salud p\u00fablica, la ciencia, la tecnolog\u00eda y la industria argentina\u201d.<\/p>\n\n\n\n<p>En este contexto, destac\u00f3 la importancia de las elecciones y plante\u00f3: \u201cEl 26 de octubre empezamos a construir futuro con la boleta de Fuerza Patria que va a llenar el Congreso de soberan\u00eda, de dignidad, de justicia social, de compa\u00f1eros y compa\u00f1eras que dan todo para representar al pueblo\u201d.<\/p>\n\n\n\n<p>Esta presentaci\u00f3n oficial llega tras el encuentro en la sede del PJ y del conversatorio que encabezaron la semana pasada Taiana y Grabois en Lomas de Zamora.<\/p>\n\n\n\n<p><strong>El peronismo bonaerense busca retener las 15 bancas que pone en juego en la C\u00e1mara de Diputados e incluso ampliar su representaci\u00f3n<\/strong>&nbsp;para bloquear las reformas y medidas de ajuste del gobierno de Javier Milei.<\/p>\n\n\n\n<p><strong>Jorge Taiana<\/strong>&nbsp;encabeza la lista de diputados nacionales por el distrito bonaerense, secundado por el dirigente social<strong>&nbsp;Juan Grabois<\/strong>, quien ir\u00e1 tercero en la lista de Taiana como postulante de consenso, detr\u00e1s de la massista&nbsp;<strong>Jimena L\u00f3pez<\/strong>.<\/p>\n\n\n\n<p>Lo siguen en esa lista la diputada nacional&nbsp;<strong>Vanesa Siley; Sergio Palazzo<\/strong>, actual diputado y secretario general del sindicato La Bancaria; la senadora bonaerense<strong>&nbsp;Teresa Garc\u00eda<\/strong>; el ex secretario de Derechos Humanos<strong>&nbsp;Horacio Pietragalla<\/strong>; la diputada nacional&nbsp;<strong>Agustina Propato y Hugo Moyano hijo<\/strong>, abogado e hijo del dirigente camionero.<\/p>\n\n\n<div class=\"wp-block-image\">\n<figure class=\"aligncenter size-full\"><a href=\"https:\/\/www.elsindical.com.ar\/notas\/var\/www\/html\/notas\/wp-content\/uploads\/2025\/09\/acto-Kici-La-Plata-sepr-2025-1.jpg\"><img loading=\"lazy\" decoding=\"async\" width=\"700\" height=\"394\" src=\"https:\/\/www.elsindical.com.ar\/notas\/var\/www\/html\/notas\/wp-content\/uploads\/2025\/09\/acto-Kici-La-Plata-sepr-2025-1.jpg\" alt=\"\" class=\"wp-image-140219\" srcset=\"https:\/\/www.elsindical.com.ar\/notas\/var\/www\/html\/notas\/wp-content\/uploads\/2025\/09\/acto-Kici-La-Plata-sepr-2025-1.jpg 700w, https:\/\/www.elsindical.com.ar\/notas\/var\/www\/html\/notas\/wp-content\/uploads\/2025\/09\/acto-Kici-La-Plata-sepr-2025-1-300x169.jpg 300w, https:\/\/www.elsindical.com.ar\/notas\/var\/www\/html\/notas\/wp-content\/uploads\/2025\/09\/acto-Kici-La-Plata-sepr-2025-1-460x260.jpg 460w\" sizes=\"auto, (max-width: 700px) 100vw, 700px\" \/><\/a><\/figure>\n<\/div>\n\n\n<p><\/p>\n","protected":false},"excerpt":{"rendered":"<p>\u00abNuestra responsabilidad es explicar, ser precisos y contundentes\u00bb, convoc\u00f3 Axel Kicillof a los dirigentes y militantes que participaron del acto de Fuerza Patria. El gobernador de la provincia de Buenos Aires, Axel Kicillof, encabez\u00f3 un encuentro en la ciudad de La Plata para presentar a los candidatos y se toma como puntapi\u00e9 de la campa\u00f1a&hellip;<\/p>\n","protected":false},"author":1,"featured_media":140218,"comment_status":"open","ping_status":"open","sticky":false,"template":"","format":"standard","meta":{"footnotes":""},"categories":[13],"tags":[2450,244,32496,239,1455],"class_list":["post-140217","post","type-post","status-publish","format-standard","has-post-thumbnail","hentry","category-politica","tag-diario-el-sindical","tag-elecciones","tag-gobernador-axel-kicillof","tag-la-plata","tag-noticias"],"_links":{"self":[{"href":"https:\/\/www.elsindical.com.ar\/notas\/wp-json\/wp\/v2\/posts\/140217","targetHints":{"allow":["GET"]}}],"collection":[{"href":"https:\/\/www.elsindical.com.ar\/notas\/wp-json\/wp\/v2\/posts"}],"about":[{"href":"https:\/\/www.elsindical.com.ar\/notas\/wp-json\/wp\/v2\/types\/post"}],"author":[{"embeddable":true,"href":"https:\/\/www.elsindical.com.ar\/notas\/wp-json\/wp\/v2\/users\/1"}],"replies":[{"embeddable":true,"href":"https:\/\/www.elsindical.com.ar\/notas\/wp-json\/wp\/v2\/comments?post=140217"}],"version-history":[{"count":1,"href":"https:\/\/www.elsindical.com.ar\/notas\/wp-json\/wp\/v2\/posts\/140217\/revisions"}],"predecessor-version":[{"id":140220,"href":"https:\/\/www.elsindical.com.ar\/notas\/wp-json\/wp\/v2\/posts\/140217\/revisions\/140220"}],"wp:featuredmedia":[{"embeddable":true,"href":"https:\/\/www.elsindical.com.ar\/notas\/wp-json\/wp\/v2\/media\/140218"}],"wp:attachment":[{"href":"https:\/\/www.elsindical.com.ar\/notas\/wp-json\/wp\/v2\/media?parent=140217"}],"wp:term":[{"taxonomy":"category","embeddable":true,"href":"https:\/\/www.elsindical.com.ar\/notas\/wp-json\/wp\/v2\/categories?post=140217"},{"taxonomy":"post_tag","embeddable":true,"href":"https:\/\/www.elsindical.com.ar\/notas\/wp-json\/wp\/v2\/tags?post=140217"}],"curies":[{"name":"wp","href":"https:\/\/api.w.org\/{rel}","templated":true}]}}