{"id":140185,"date":"2025-09-21T18:46:44","date_gmt":"2025-09-21T21:46:44","guid":{"rendered":"https:\/\/www.elsindical.com.ar\/notas\/?p=140185"},"modified":"2025-09-21T18:46:51","modified_gmt":"2025-09-21T21:46:51","slug":"olor-a-default-la-embestida-de-cristina-contra-el-gobierno","status":"publish","type":"post","link":"https:\/\/www.elsindical.com.ar\/notas\/olor-a-default-la-embestida-de-cristina-contra-el-gobierno\/","title":{"rendered":"\u201cOlor a default\u201d, la embestida de Cristina contra el Gobierno"},"content":{"rendered":"<div class=\"wp-block-image\">\n<figure class=\"aligncenter size-full\"><a href=\"https:\/\/www.elsindical.com.ar\/notas\/var\/www\/html\/notas\/wp-content\/uploads\/2025\/09\/Cristina-saludando-balcon-calle-San-Jose.jpeg\"><img loading=\"lazy\" decoding=\"async\" width=\"700\" height=\"394\" src=\"https:\/\/www.elsindical.com.ar\/notas\/var\/www\/html\/notas\/wp-content\/uploads\/2025\/09\/Cristina-saludando-balcon-calle-San-Jose.jpeg\" alt=\"\" class=\"wp-image-140106\" srcset=\"https:\/\/www.elsindical.com.ar\/notas\/var\/www\/html\/notas\/wp-content\/uploads\/2025\/09\/Cristina-saludando-balcon-calle-San-Jose.jpeg 700w, https:\/\/www.elsindical.com.ar\/notas\/var\/www\/html\/notas\/wp-content\/uploads\/2025\/09\/Cristina-saludando-balcon-calle-San-Jose-300x169.jpeg 300w, https:\/\/www.elsindical.com.ar\/notas\/var\/www\/html\/notas\/wp-content\/uploads\/2025\/09\/Cristina-saludando-balcon-calle-San-Jose-460x260.jpeg 460w\" sizes=\"auto, (max-width: 700px) 100vw, 700px\" \/><\/a><\/figure>\n<\/div>\n\n\n<p>El mensaje de Cristina Fern\u00e1ndez a Javier Milei por la crisis cambiaria. Renov\u00f3 cr\u00edticas a Luis Caputo y Federico Sturzenegger.<\/p>\n\n\n\n<p>La ex presidenta&nbsp;Cristina Fern\u00e1ndez Kirchner&nbsp;lanz\u00f3 un ataque en redes sociales contra el presidente&nbsp;Javier Milei&nbsp;y su plan econ\u00f3mico, advirtiendo sobre un inminente colapso. <strong>\u201c\u00a1Che Milei! \u00a1Que olor a default!\u2026\u201d<\/strong>, comienza.<\/p>\n\n\n\n<p>\u201cAcus\u00f3 al Gobierno de malgastar las reservas para sostener el tipo de cambio: \u201c<strong>Te fumaste m\u00e1s de mil millones de d\u00f3lares en apenas dos d\u00edas<\/strong>\u201c, acus\u00f3.\u00a0<\/p>\n\n\n\n<p>Asegur\u00f3 que lejos de defender el peso, el oficialismo est\u00e1&nbsp;<strong>\u201cfinanciando la fuga a d\u00f3lar barato\u201d<\/strong>&nbsp;con deuda del FMI, el Banco Mundial y el BID, y alert\u00f3 sobre un nuevo pedido de pr\u00e9stamo a Estados Unidos: \u201c<strong>\u00a1Par\u00e1 hermano, que vamos a volar por los aires!<\/strong>\u201c.<\/p>\n\n\n\n<p>Renov\u00f3 sus cr\u00edticas contra el ministro de Econom\u00eda, Luis Caputo, a quien acus\u00f3 de repetir las pol\u00edticas de la gesti\u00f3n de Mauricio Macri.<\/p>\n\n\n\n<p>Se burl\u00f3 de la promesa de \u201cvender hasta el \u00faltimo d\u00f3lar en el techo de la banda\u201d, asegurando que la \u00fanica banda que existe es&nbsp;<strong>\u201cLa banda del carry trade del Toto Caputo<\/strong> que, por segunda vez, se est\u00e1n llevando puesto el pa\u00eds\u201d.<\/p>\n\n\n\n<p>Adem\u00e1s, se\u00f1al\u00f3 a <strong>Federico Sturzenegger como \u201cpart\u00edcipe necesario del endeudamiento y vaciamiento financiero del pa\u00eds\u201d en tres ocasiones,<\/strong> y dijo que Caputo \u201clogr\u00f3 hacer exactamente el mismo desastre, dos veces, y en tan s\u00f3lo siete a\u00f1os\u201d.<\/p>\n\n\n\n<p>La exmandataria tambi\u00e9n se refiri\u00f3 al esc\u00e1ndalo de corrupci\u00f3n en la ANDIS y a la defensa del Presidente sobre los audios filtrados de Diego Spagnuolo: \u201c\u00bfChe Milei\u2026 es cierto que ayer en C\u00f3rdoba, dijiste que las confesiones grabadas de tu \u00bfex amigo? \u00bfex abogado?, \u2018son audios de peluquer\u00eda e inteligencia artificial\u2019? Daaaaaale!!!\u201d.<\/p>\n\n\n\n<p>Finalmente, cerr\u00f3 con una chicana directa a la secretaria General de la Presidencia, Karina Milei, por la acusaci\u00f3n de coimas del 3%. Inventando una canci\u00f3n, escribi\u00f3: \u201c<strong>Lo de tu hermana cobrando coimas del 3% de los remedios a los discapacitados es un aut\u00e9ntico hit musical internacional\u2026 \u2018Alta coimeraaaaa\u2026 Karina es alta coimeraaaaa\u2026\u2019 \u00bfNo lo escuchaste?<\/strong>\u201c.<\/p>\n\n\n\n<h2 class=\"wp-block-heading\">Cien d\u00edas presa<\/h2>\n\n\n\n<p>\u201cMientras tanto\u2026 en San Jos\u00e9 1111\u2026 <strong>se cumplen 100 d\u00edas de injusticia. \u00a1Larga vida al Partido Judicial!<\/strong>\u201c, sostuvo Cristina al hacer referencia al tiempo que lleva presa en el inmueble de Once.<\/p>\n\n\n\n<p>El gobernador Axel Kicillof tambi\u00e9n hizo referencia a esto. \u201cCada d\u00eda con Cristina detenida, Argentina es un pa\u00eds m\u00e1s injusto y una democracia m\u00e1s d\u00e9bil\u201d, plante\u00f3.<\/p>\n\n\n\n<p><strong>\u201cCristina fue acosada, difamada y perseguida durante a\u00f1os.<\/strong> Ese odio engendrado contra ella y su familia, condujo a que la intenten asesinar a la vista de todos. Sin embargo, el revanchismo sobre ella no se detuvo y finalmente fue detenida bajo un Gobierno con evidentes impulsos autoritarios\u201d, preci\u00f3.<\/p>\n\n\n\n<p>La defini\u00f3 como la \u201cprincipal dirigente del peronismo\u201d. \u201c<strong>La persiguieron, la encarcelaron, pero no pudieron ni podr\u00e1n someterla<\/strong>. Su injusta condena es, adem\u00e1s, una advertencia del poder concentrado para toda la dirigencia que lo enfrenta\u201d, finaliz\u00f3.<\/p>\n","protected":false},"excerpt":{"rendered":"<p>El mensaje de Cristina Fern\u00e1ndez a Javier Milei por la crisis cambiaria. Renov\u00f3 cr\u00edticas a Luis Caputo y Federico Sturzenegger. La ex presidenta&nbsp;Cristina Fern\u00e1ndez Kirchner&nbsp;lanz\u00f3 un ataque en redes sociales contra el presidente&nbsp;Javier Milei&nbsp;y su plan econ\u00f3mico, advirtiendo sobre un inminente colapso. \u201c\u00a1Che Milei! \u00a1Que olor a default!\u2026\u201d, comienza. \u201cAcus\u00f3 al Gobierno de malgastar las&hellip;<\/p>\n","protected":false},"author":1,"featured_media":140106,"comment_status":"open","ping_status":"open","sticky":false,"template":"","format":"standard","meta":{"footnotes":""},"categories":[9,13],"tags":[84,13943,2450,22023,37,28812,24979],"class_list":["post-140185","post","type-post","status-publish","format-standard","has-post-thumbnail","hentry","category-economia","category-politica","tag-cristina-kirchner","tag-default","tag-diario-el-sindical","tag-economia","tag-federico-sturzenegger","tag-javier-milei","tag-luis-caputo"],"_links":{"self":[{"href":"https:\/\/www.elsindical.com.ar\/notas\/wp-json\/wp\/v2\/posts\/140185","targetHints":{"allow":["GET"]}}],"collection":[{"href":"https:\/\/www.elsindical.com.ar\/notas\/wp-json\/wp\/v2\/posts"}],"about":[{"href":"https:\/\/www.elsindical.com.ar\/notas\/wp-json\/wp\/v2\/types\/post"}],"author":[{"embeddable":true,"href":"https:\/\/www.elsindical.com.ar\/notas\/wp-json\/wp\/v2\/users\/1"}],"replies":[{"embeddable":true,"href":"https:\/\/www.elsindical.com.ar\/notas\/wp-json\/wp\/v2\/comments?post=140185"}],"version-history":[{"count":1,"href":"https:\/\/www.elsindical.com.ar\/notas\/wp-json\/wp\/v2\/posts\/140185\/revisions"}],"predecessor-version":[{"id":140186,"href":"https:\/\/www.elsindical.com.ar\/notas\/wp-json\/wp\/v2\/posts\/140185\/revisions\/140186"}],"wp:featuredmedia":[{"embeddable":true,"href":"https:\/\/www.elsindical.com.ar\/notas\/wp-json\/wp\/v2\/media\/140106"}],"wp:attachment":[{"href":"https:\/\/www.elsindical.com.ar\/notas\/wp-json\/wp\/v2\/media?parent=140185"}],"wp:term":[{"taxonomy":"category","embeddable":true,"href":"https:\/\/www.elsindical.com.ar\/notas\/wp-json\/wp\/v2\/categories?post=140185"},{"taxonomy":"post_tag","embeddable":true,"href":"https:\/\/www.elsindical.com.ar\/notas\/wp-json\/wp\/v2\/tags?post=140185"}],"curies":[{"name":"wp","href":"https:\/\/api.w.org\/{rel}","templated":true}]}}