{"id":140182,"date":"2025-09-21T18:42:25","date_gmt":"2025-09-21T21:42:25","guid":{"rendered":"https:\/\/www.elsindical.com.ar\/notas\/?p=140182"},"modified":"2025-09-21T18:42:31","modified_gmt":"2025-09-21T21:42:31","slug":"importante-diario-britanico-lanzo-una-dura-critica-al-plan-economico-de-javier-milei","status":"publish","type":"post","link":"https:\/\/www.elsindical.com.ar\/notas\/importante-diario-britanico-lanzo-una-dura-critica-al-plan-economico-de-javier-milei\/","title":{"rendered":"Importante diario brit\u00e1nico lanz\u00f3 una dura cr\u00edtica al plan econ\u00f3mico de Javier Milei"},"content":{"rendered":"\n<figure class=\"wp-block-image size-large\"><a href=\"https:\/\/www.elsindical.com.ar\/notas\/var\/www\/html\/notas\/wp-content\/uploads\/2025\/09\/Milei-anuncios-sept-25.jpg\"><img loading=\"lazy\" decoding=\"async\" width=\"1024\" height=\"576\" src=\"https:\/\/www.elsindical.com.ar\/notas\/var\/www\/html\/notas\/wp-content\/uploads\/2025\/09\/Milei-anuncios-sept-25-1024x576.jpg\" alt=\"\" class=\"wp-image-140183\" srcset=\"https:\/\/www.elsindical.com.ar\/notas\/var\/www\/html\/notas\/wp-content\/uploads\/2025\/09\/Milei-anuncios-sept-25-1024x576.jpg 1024w, https:\/\/www.elsindical.com.ar\/notas\/var\/www\/html\/notas\/wp-content\/uploads\/2025\/09\/Milei-anuncios-sept-25-300x169.jpg 300w, https:\/\/www.elsindical.com.ar\/notas\/var\/www\/html\/notas\/wp-content\/uploads\/2025\/09\/Milei-anuncios-sept-25-768x432.jpg 768w, https:\/\/www.elsindical.com.ar\/notas\/var\/www\/html\/notas\/wp-content\/uploads\/2025\/09\/Milei-anuncios-sept-25-460x260.jpg 460w, https:\/\/www.elsindical.com.ar\/notas\/var\/www\/html\/notas\/wp-content\/uploads\/2025\/09\/Milei-anuncios-sept-25.jpg 1200w\" sizes=\"auto, (max-width: 1024px) 100vw, 1024px\" \/><\/a><\/figure>\n\n\n\n<p>El Financial Times advirti\u00f3 que la din\u00e1mica cambiaria \u201cno es sostenible\u201d y alert\u00f3 por el fuerte impacto en la actividad econ\u00f3mica. La venta masiva de reservas del Banco Central y la incertidumbre pol\u00edtica agudizan la crisis en Argentina.<\/p>\n\n\n\n<p>El <strong>Financial Times critic\u00f3 duramente el plan econ\u00f3mico de Javier Milei<\/strong>, se\u00f1alando que la estrategia de <strong>intervenci\u00f3n del Banco Central para sostener al peso<\/strong> genera un desequilibrio cada vez m\u00e1s dif\u00edcil de contener. Seg\u00fan el medio, en solo tres d\u00edas la autoridad monetaria vendi\u00f3 m\u00e1s de u$s1.000 millones para frenar la presi\u00f3n cambiaria: u$s678 millones el viernes, u$s379 millones el jueves y u$s53 millones el mi\u00e9rcoles.<\/p>\n\n\n\n<p>El sistema de bandas introducido en abril, como parte del acuerdo con el FMI para acceder a un pr\u00e9stamo de u$s20.000 millones, est\u00e1 siendo puesto a prueba en un contexto de creciente incertidumbre pol\u00edtica y desconfianza de los inversores.<\/p>\n\n\n\n<h3 class=\"wp-block-heading\">Impacto en la actividad econ\u00f3mica y ca\u00edda del peso<\/h3>\n\n\n\n<p>El economista <strong>Gabriel Caama\u00f1o<\/strong>, de la consultora Outlier, advirti\u00f3 al Financial Times que \u201cesta din\u00e1mica no es sostenible\u201d, no tanto por la falta de d\u00f3lares, sino por el efecto contractivo que implica sacar tantos pesos de circulaci\u00f3n para convertirlos en divisas. Seg\u00fan el especialista, esto podr\u00eda provocar un golpe muy fuerte en la actividad econ\u00f3mica en los pr\u00f3ximos meses.<\/p>\n\n\n\n<p>En paralelo, el peso argentino se desplom\u00f3 un 9% en las \u00faltimas dos semanas, en gran parte tras la derrota del partido libertario en las elecciones de la provincia de Buenos Aires, que Milei hab\u00eda presentado como un plebiscito de su gesti\u00f3n. El retroceso electoral \u201csacudi\u00f3 la fe de los inversores\u201d y profundiz\u00f3 la volatilidad cambiaria de cara a los comicios legislativos del 26 de octubre.<\/p>\n\n\n\n<h3 class=\"wp-block-heading\">Crisis pol\u00edtica y ajuste<\/h3>\n\n\n\n<p>El informe del Financial Times tambi\u00e9n destaca que Milei enfrenta crecientes obst\u00e1culos en el frente pol\u00edtico y social. Mientras el Congreso, controlado por la oposici\u00f3n, avanza con aumentos de gasto que desarticulan su programa de ajuste, el presidente qued\u00f3 envuelto en un esc\u00e1ndalo de corrupci\u00f3n que involucra a su hermana y jefa de gabinete, Karina Milei, lo que golpe\u00f3 a\u00fan m\u00e1s su imagen p\u00fablica.<\/p>\n\n\n\n<p>En este contexto, el propio mandatario acus\u00f3 a sus adversarios pol\u00edticos de promover una estrategia de desestabilizaci\u00f3n para generar \u201cp\u00e1nico\u201d en los mercados y debilitar al Gobierno en medio de la campa\u00f1a electoral.<\/p>\n\n\n\n<h3 class=\"wp-block-heading\">Bonos en ca\u00edda y presi\u00f3n sobre la deuda<\/h3>\n\n\n\n<p>La turbulencia tambi\u00e9n alcanz\u00f3 a los mercados financieros. Los bonos soberanos argentinos, que hab\u00edan repuntado en el primer a\u00f1o de Milei, volvieron a caer en medio de la incertidumbre. Al mismo tiempo, los rendimientos de la deuda en d\u00f3lares aumentaron 5,5 puntos porcentuales en apenas dos semanas, llegando al 14,5% por encima de los bonos del Tesoro estadounidense comparables.<\/p>\n\n\n\n<p>Los analistas concluyen que el Gobierno deber\u00e1 mostrar fortaleza pol\u00edtica o encontrar nuevas fuentes de divisas para frenar la corrida contra el peso. De lo contrario, podr\u00eda verse obligado a modificar su esquema cambiario, con consecuencias negativas tanto para su credibilidad econ\u00f3mica como para su desempe\u00f1o en las elecciones legislativas de octubre.<\/p>\n","protected":false},"excerpt":{"rendered":"<p>El Financial Times advirti\u00f3 que la din\u00e1mica cambiaria \u201cno es sostenible\u201d y alert\u00f3 por el fuerte impacto en la actividad econ\u00f3mica. La venta masiva de reservas del Banco Central y la incertidumbre pol\u00edtica agudizan la crisis en Argentina. El Financial Times critic\u00f3 duramente el plan econ\u00f3mico de Javier Milei, se\u00f1alando que la estrategia de intervenci\u00f3n&hellip;<\/p>\n","protected":false},"author":1,"featured_media":140183,"comment_status":"open","ping_status":"open","sticky":false,"template":"","format":"standard","meta":{"footnotes":""},"categories":[18,13],"tags":[1489,24662,45943,2450,1115,22023,19094,6925,45944],"class_list":["post-140182","post","type-post","status-publish","format-standard","has-post-thumbnail","hentry","category-internacionales","category-politica","tag-bcra","tag-bonos","tag-diario-britanico","tag-diario-el-sindical","tag-dolares","tag-economia","tag-financial-times","tag-fmi","tag-gabriel-caamano"],"_links":{"self":[{"href":"https:\/\/www.elsindical.com.ar\/notas\/wp-json\/wp\/v2\/posts\/140182","targetHints":{"allow":["GET"]}}],"collection":[{"href":"https:\/\/www.elsindical.com.ar\/notas\/wp-json\/wp\/v2\/posts"}],"about":[{"href":"https:\/\/www.elsindical.com.ar\/notas\/wp-json\/wp\/v2\/types\/post"}],"author":[{"embeddable":true,"href":"https:\/\/www.elsindical.com.ar\/notas\/wp-json\/wp\/v2\/users\/1"}],"replies":[{"embeddable":true,"href":"https:\/\/www.elsindical.com.ar\/notas\/wp-json\/wp\/v2\/comments?post=140182"}],"version-history":[{"count":1,"href":"https:\/\/www.elsindical.com.ar\/notas\/wp-json\/wp\/v2\/posts\/140182\/revisions"}],"predecessor-version":[{"id":140184,"href":"https:\/\/www.elsindical.com.ar\/notas\/wp-json\/wp\/v2\/posts\/140182\/revisions\/140184"}],"wp:featuredmedia":[{"embeddable":true,"href":"https:\/\/www.elsindical.com.ar\/notas\/wp-json\/wp\/v2\/media\/140183"}],"wp:attachment":[{"href":"https:\/\/www.elsindical.com.ar\/notas\/wp-json\/wp\/v2\/media?parent=140182"}],"wp:term":[{"taxonomy":"category","embeddable":true,"href":"https:\/\/www.elsindical.com.ar\/notas\/wp-json\/wp\/v2\/categories?post=140182"},{"taxonomy":"post_tag","embeddable":true,"href":"https:\/\/www.elsindical.com.ar\/notas\/wp-json\/wp\/v2\/tags?post=140182"}],"curies":[{"name":"wp","href":"https:\/\/api.w.org\/{rel}","templated":true}]}}