{"id":140180,"date":"2025-09-21T11:14:26","date_gmt":"2025-09-21T14:14:26","guid":{"rendered":"https:\/\/www.elsindical.com.ar\/notas\/?p=140180"},"modified":"2025-09-21T11:14:58","modified_gmt":"2025-09-21T14:14:58","slug":"efemerides-del-dia-21-de-septiembre-11","status":"publish","type":"post","link":"https:\/\/www.elsindical.com.ar\/notas\/efemerides-del-dia-21-de-septiembre-11\/","title":{"rendered":"EFEM\u00c9RIDES: DEL D\u00cdA 21 DE SEPTIEMBRE"},"content":{"rendered":"\n<p>D\u00eda Internacional de la Paz<\/p>\n\n\n\n<p>\u2013 D\u00eda Mundial de la enfermedad de Alzheimer<\/p>\n\n\n\n<p>\u2013 D\u00eda del Estudiante (en Argentina)<\/p>\n\n\n\n<p>\u2013 D\u00eda del Artista Pl\u00e1stico (en Argentina)<\/p>\n\n\n\n<p>\u2013 D\u00eda de la Sanidad (en Argentina)<\/p>\n\n\n\n<p>\u2013 Comienza la primavera en el Hemisferio Sur<\/p>\n\n\n\n<p>1784 \u2013 Empieza a publicarse el primer diario de los EE.UU., el \u00abPennsylvania Packet\u00bb.<\/p>\n\n\n\n<p>1792 \u2013 La Convenci\u00f3n declara la Revoluci\u00f3n Francesa y la abolici\u00f3n de la monarqu\u00eda.<\/p>\n\n\n\n<p>1832 \u2013 Muere Sir Walter Scott, escritor escoc\u00e9s.<\/p>\n\n\n\n<p>1860 \u2013 Muere Arthur Schopenhauer, fil\u00f3sofo alem\u00e1n.<\/p>\n\n\n\n<p>1866 \u2013 Nace H. G. Wells, escritor, novelista, historiador y fil\u00f3sofo brit\u00e1nico.<\/p>\n\n\n\n<p>1895 \u2013 Abre la primera f\u00e1brica de autom\u00f3viles (Duryea Motor Wagon Company).<\/p>\n\n\n\n<p>1884 \u2013 Abre la confiter\u00eda Las Violetas, en Medrano y Rivadavia (barrio de Almagro, ciudad de Buenos Aires).<\/p>\n\n\n\n<p>1888 \u2013 Llegan a Buenos Aires los restos mortales de Domingo Faustino Sarmiento, fallecido el 11 de septiembre en Asunci\u00f3n, Rep\u00fablica del Paraguay.<\/p>\n\n\n\n<p>1903 \u2013 Proyecci\u00f3n en Estados Unidos del primer \u201cwestern\u201d, \u201cKit Carson\u201d, de 21 minutos de duraci\u00f3n.<\/p>\n\n\n\n<p>1929 \u2013 Na<\/p>\n\n\n\n<p>1929 \u2013 Nace H\u00e9ctor Alterio, actor argentino.<\/p>\n\n\n\n<p>1930 \u2013 Johann Ostermeyer patenta su invento, el flash.<\/p>\n\n\n\n<p>1934 \u2013 Nace Leonard Cohen, cantautor.<\/p>\n\n\n\n<p>1938 \u2013 Nace Jaime Torres, m\u00fasico argentino.<\/p>\n\n\n\n<p>1947 \u2013 Nace Stephen King, escritor estadounidense.<\/p>\n\n\n\n<p>1950 \u2013 Nace Bill Murray, actor y humorista estadounidense.<\/p>\n\n\n\n<p>1955 \u2013 Nace Mercedes Mor\u00e1n, actriz argentina.<\/p>\n\n\n\n<p>1961 \u2013 Nace Diego Capusotto, actor y humorista argentino.<\/p>\n\n\n\n<p>1964 \u2013 Nace Jorge Drexler, m\u00fasico uruguayo.<\/p>\n\n\n\n<p>1969 \u2013 Nace Pablo Echarri, actor argentino.<\/p>\n\n\n\n<p>1971 \u2013 Muere el Dr. Bernardo Houssay, m\u00e9dico, bi\u00f3logo y fisi\u00f3logo, ganador del Premio Nobel de medicina en 1947.<\/p>\n\n\n\n<p>1981 \u2013 Belice consigue su independencia.<\/p>\n\n\n\n<p>1981 \u2013 Nace Luciano Pereyra, cantante y compositor argentino.<\/p>\n\n\n\n<p>1984 \u2013 La NASA lanza la nave Galaxy-C.<\/p>\n\n\n\n<p>1987 \u2013 Muere Jaco Pastorius, bajista.<\/p>\n\n\n\n<p>1988 \u2013 Mike Tyson amenaza a un reportero en New Jersey.<\/p>\n\n\n\n<p>1993 \u2013 El presidente ruso, Bor\u00eds Yeltsin, disuelve el Parlamento y convoca elecciones. Los parlamentarios destituyen a Yeltsin y nombran a Rutskoi.<\/p>\n\n\n\n<p>2003 \u2013 Tras ocho a\u00f1os de exploraci\u00f3n del sistema de J\u00fapiter finaliza la misi\u00f3n Galileo.<\/p>\n\n\n\n<p>2013 \u2013 Muere Elena Tasisto, actriz argentina.<\/p>\n\n\n\n<p>2016 \u2013 Al menos 204 muertos en el naufragio de un barco de inmigrantes frente a la provincia egipcia de Kafr al Sheij.<\/p>\n","protected":false},"excerpt":{"rendered":"<p>D\u00eda Internacional de la Paz \u2013 D\u00eda Mundial de la enfermedad de Alzheimer \u2013 D\u00eda del Estudiante (en Argentina) \u2013 D\u00eda del Artista Pl\u00e1stico (en Argentina) \u2013 D\u00eda de la Sanidad (en Argentina) \u2013 Comienza la primavera en el Hemisferio Sur 1784 \u2013 Empieza a publicarse el primer diario de los EE.UU., el \u00abPennsylvania Packet\u00bb.&hellip;<\/p>\n","protected":false},"author":1,"featured_media":0,"comment_status":"open","ping_status":"open","sticky":false,"template":"","format":"standard","meta":{"footnotes":""},"categories":[14],"tags":[2450,22026],"class_list":["post-140180","post","type-post","status-publish","format-standard","hentry","category-efemerides","tag-diario-el-sindical","tag-efemerides"],"_links":{"self":[{"href":"https:\/\/www.elsindical.com.ar\/notas\/wp-json\/wp\/v2\/posts\/140180","targetHints":{"allow":["GET"]}}],"collection":[{"href":"https:\/\/www.elsindical.com.ar\/notas\/wp-json\/wp\/v2\/posts"}],"about":[{"href":"https:\/\/www.elsindical.com.ar\/notas\/wp-json\/wp\/v2\/types\/post"}],"author":[{"embeddable":true,"href":"https:\/\/www.elsindical.com.ar\/notas\/wp-json\/wp\/v2\/users\/1"}],"replies":[{"embeddable":true,"href":"https:\/\/www.elsindical.com.ar\/notas\/wp-json\/wp\/v2\/comments?post=140180"}],"version-history":[{"count":1,"href":"https:\/\/www.elsindical.com.ar\/notas\/wp-json\/wp\/v2\/posts\/140180\/revisions"}],"predecessor-version":[{"id":140181,"href":"https:\/\/www.elsindical.com.ar\/notas\/wp-json\/wp\/v2\/posts\/140180\/revisions\/140181"}],"wp:attachment":[{"href":"https:\/\/www.elsindical.com.ar\/notas\/wp-json\/wp\/v2\/media?parent=140180"}],"wp:term":[{"taxonomy":"category","embeddable":true,"href":"https:\/\/www.elsindical.com.ar\/notas\/wp-json\/wp\/v2\/categories?post=140180"},{"taxonomy":"post_tag","embeddable":true,"href":"https:\/\/www.elsindical.com.ar\/notas\/wp-json\/wp\/v2\/tags?post=140180"}],"curies":[{"name":"wp","href":"https:\/\/api.w.org\/{rel}","templated":true}]}}